{"id":1037,"date":"2021-08-31T20:00:00","date_gmt":"2021-08-31T23:00:00","guid":{"rendered":"https:\/\/www.ufsm.br\/outros-orgaos\/cc\/?p=1037"},"modified":"2021-09-08T09:50:05","modified_gmt":"2021-09-08T12:50:05","slug":"cc-palco-online-recebe-o-espetaculo-de-danca-sozinho","status":"publish","type":"post","link":"https:\/\/www.ufsm.br\/outros-orgaos\/cc\/2021\/08\/31\/cc-palco-online-recebe-o-espetaculo-de-danca-sozinho","title":{"rendered":"CC Palco Online recebe o espet\u00e1culo de dan\u00e7a Sozinho"},"content":{"rendered":"\t\t<div data-elementor-type=\"wp-post\" data-elementor-id=\"1037\" class=\"elementor elementor-1037\">\n\t\t\t\t\t\t<section class=\"elementor-section elementor-top-section elementor-element elementor-element-ee750e3 elementor-section-boxed elementor-section-height-default elementor-section-height-default\" data-id=\"ee750e3\" data-element_type=\"section\">\n\t\t\t\t\t\t<div class=\"elementor-container elementor-column-gap-default\">\n\t\t\t\t\t<div class=\"elementor-column elementor-col-100 elementor-top-column elementor-element elementor-element-327f29f\" data-id=\"327f29f\" data-element_type=\"column\">\n\t\t\t<div class=\"elementor-widget-wrap elementor-element-populated\">\n\t\t\t\t\t\t<div class=\"elementor-element elementor-element-6bd7f76 elementor-widget elementor-widget-text-editor\" data-id=\"6bd7f76\" data-element_type=\"widget\" data-widget_type=\"text-editor.default\">\n\t\t\t\t<div class=\"elementor-widget-container\">\n\t\t\t\t\t\t\t<p>O Centro de Conven\u00e7\u00f5es UFSM recebe, na pr\u00f3xima quinta, 02, \u00e0s 20h, a segunda apresenta\u00e7\u00e3o do projeto CC Palco Online 2021. O espet\u00e1culo\u00a0<i>SOZINHO- um lamento, uma espera<\/i>, de Helder Machado, \u00e9 a primeira atra\u00e7\u00e3o de dan\u00e7a nesta edi\u00e7\u00e3o do projeto. A transmiss\u00e3o do espet\u00e1culo acontece, ao vivo, atrav\u00e9s do\u00a0<a href=\"https:\/\/www.youtube.com\/user\/tvcampusUFSM\">canal da TV Campus UFSM no YouTube<\/a>. O espet\u00e1culo SOZINHO \u00e9 um relato sens\u00edvel e simb\u00f3lico sobre a ang\u00fastia e o pesar, e que envolve um sentimento em particular: a saudade. A atra\u00e7\u00e3o foi inspirada pela experi\u00eancia de afastamento entre duas pessoas provocado pelo isolamento social, que precisavam conviver com a aus\u00eancia um do outro sem expectativas de quando essa condi\u00e7\u00e3o teria fim.\u00a0<\/p><p>O Projeto CC Placo Online 2.\u00aa Edi\u00e7\u00e3o \u00e9 uma promo\u00e7\u00e3o da Universidade Federal de Santa Maria (UFSM) por meio da Coordenadoria de Cultura e Arte da Pr\u00f3-Reitoria de Extens\u00e3o. A a\u00e7\u00e3o tem o apoio da TV Campus UFSM, do N\u00facleo de Tecnologia Educacional (NTE) e do Centro de Processamentos de Dados (CPD). A iniciativa visa promover e dar visibilidade aos grupos e aos artistas locais, al\u00e9m de ressaltar o papel da UFSM na democratiza\u00e7\u00e3o da cultura. Os espet\u00e1culos v\u00e3o ao ar \u00e0s ter\u00e7as e quintas, \u00e0s 20h, no canal da TV Campus no YouTube. As apresenta\u00e7\u00f5es tamb\u00e9m s\u00e3o gravadas e veiculadas no canal 15 da NET Santa Maria e na TV C\u00e2mara SM, canal 18.2 da televis\u00e3o aberta.<\/p>\t\t\t\t\t\t<\/div>\n\t\t\t\t<\/div>\n\t\t\t\t\t<\/div>\n\t\t<\/div>\n\t\t\t\t\t<\/div>\n\t\t<\/section>\n\t\t\t\t<\/div>\n\t\t","protected":false},"excerpt":{"rendered":"<p>O Centro de Conven\u00e7\u00f5es UFSM recebe, na pr\u00f3xima quinta, 02, \u00e0s 20h, a segunda apresenta\u00e7\u00e3o do projeto CC Palco Online 2021. O espet\u00e1culo&nbsp;SOZINHO- um lamento, uma espera, de Helder Machado, \u00e9 a primeira atra\u00e7\u00e3o de dan\u00e7a nesta edi\u00e7\u00e3o do projeto. A transmiss\u00e3o do espet\u00e1culo acontece, ao vivo, atrav\u00e9s do&nbsp;canal da TV Campus UFSM no YouTube. [&hellip;]<\/p>\n","protected":false},"author":1452,"featured_media":1038,"comment_status":"closed","ping_status":"closed","sticky":false,"template":"","format":"standard","meta":{"footnotes":""},"categories":[33,15],"tags":[40,39,37],"class_list":["post-1037","post","type-post","status-publish","format-standard","has-post-thumbnail","hentry","category-danca","category-noticia","tag-cc-palco-online","tag-cultura-e-arte","tag-danca"],"acf":[],"_links":{"self":[{"href":"https:\/\/www.ufsm.br\/outros-orgaos\/cc\/wp-json\/wp\/v2\/posts\/1037","targetHints":{"allow":["GET"]}}],"collection":[{"href":"https:\/\/www.ufsm.br\/outros-orgaos\/cc\/wp-json\/wp\/v2\/posts"}],"about":[{"href":"https:\/\/www.ufsm.br\/outros-orgaos\/cc\/wp-json\/wp\/v2\/types\/post"}],"author":[{"embeddable":true,"href":"https:\/\/www.ufsm.br\/outros-orgaos\/cc\/wp-json\/wp\/v2\/users\/1452"}],"replies":[{"embeddable":true,"href":"https:\/\/www.ufsm.br\/outros-orgaos\/cc\/wp-json\/wp\/v2\/comments?post=1037"}],"version-history":[{"count":0,"href":"https:\/\/www.ufsm.br\/outros-orgaos\/cc\/wp-json\/wp\/v2\/posts\/1037\/revisions"}],"wp:featuredmedia":[{"embeddable":true,"href":"https:\/\/www.ufsm.br\/outros-orgaos\/cc\/wp-json\/wp\/v2\/media\/1038"}],"wp:attachment":[{"href":"https:\/\/www.ufsm.br\/outros-orgaos\/cc\/wp-json\/wp\/v2\/media?parent=1037"}],"wp:term":[{"taxonomy":"category","embeddable":true,"href":"https:\/\/www.ufsm.br\/outros-orgaos\/cc\/wp-json\/wp\/v2\/categories?post=1037"},{"taxonomy":"post_tag","embeddable":true,"href":"https:\/\/www.ufsm.br\/outros-orgaos\/cc\/wp-json\/wp\/v2\/tags?post=1037"}],"curies":[{"name":"wp","href":"https:\/\/api.w.org\/{rel}","templated":true}]}}