{"id":177,"date":"2018-10-10T11:02:00","date_gmt":"2018-10-10T14:02:00","guid":{"rendered":"https:\/\/www.ufsm.br\/outros-orgaos\/cc\/?p=177"},"modified":"2019-02-11T11:13:48","modified_gmt":"2019-02-11T13:13:48","slug":"sinfonica-apresenta-a-obra-pedro-e-o-lobo","status":"publish","type":"post","link":"https:\/\/www.ufsm.br\/outros-orgaos\/cc\/2018\/10\/10\/sinfonica-apresenta-a-obra-pedro-e-o-lobo","title":{"rendered":"Sinf\u00f4nica apresenta a obra Pedro e o lobo"},"content":{"rendered":"\n<p><img decoding=\"async\" src=\"https:\/\/www.ufsm.br\/outros-orgaos\/cc\/wp-content\/uploads\/sites\/403\/2019\/02\/conc.didatc3.jpg\" \/><\/p>\n<p>A Orquestra de Santa Maria apresenta no m\u00eas de outubro a 9\u00aa edi\u00e7\u00e3o do Projeto Concertos\u00a0Did\u00e1ticos.\u00a0O evento acontecer\u00e1 no dia 10 desse m\u00eas, pr\u00f3xima quarta-feira, no Centro de Conven\u00e7\u00f5es (Campus da UFSM) com apresenta\u00e7\u00e3o \u00fanica \u00e0s 19 horas e a entrada \u00e9 franca.<\/p>\n<p>Desde 2010, o projeto visa incentivar a pr\u00e1tica musical e oportunizar o contato com a m\u00fasica a crian\u00e7as e jovens estudantes a fim de despertar o gosto pela arte e cultura promovendo intera\u00e7\u00e3o entre a Orquestra e as fam\u00edlias.\u00a0A tem\u00e1tica do projeto proporciona a aprendizagem sobre a m\u00fasica de concerto de uma forma\u00a0did\u00e1tica\u00a0e divertida para todas as idades.\u00a0<\/p>\n<p>Neste ano a Orquestra apresenta a obra \u201cPedro e o Lobo\u201d, uma hist\u00f3ria infantil contada atrav\u00e9s da m\u00fasica. Composta por Sergei Prokofiev em 1936, tem o objetivo pedag\u00f3gico de mostrar \u00e0s crian\u00e7as as sonoridades dos diversos instrumentos. Cada personagem da hist\u00f3ria (o Pedro, o lobo, o av\u00f4, o passarinho, o pato, o gato e os ca\u00e7adores) \u00e9 representada por um instrumento diferente: o Lobo \u00e9 representado por tr\u00eas Trompas; o Av\u00f4 pelo Fagote; O Pato pelo Obo\u00e9; O Gato pelo Clarinete; O Passarinho pela Flauta Transversal; O Pedro pelo Quarteto de Cordas e Os Ca\u00e7adores com seu tema introduzido pelas Madeiras e os disparos s\u00e3o representados pelos T\u00edmpanos e T\u00edmbales e pelo Bumbo.<\/p>\n<p>A apresenta\u00e7\u00e3o tem\u00a0reg\u00eancia do Prof Alexandre Eisenberg e\u00a0dire\u00e7\u00e3o geral e de elenco do Prof Marco Antonio Penna e tem a participa\u00e7\u00e3o dos alunos do Curso de Licenciatura em Teatro da UFSM coordenados pela Prof\u00aa Raquel Guerra.<\/p>\n<p>O Projeto \u00e9 realiza\u00e7\u00e3o da Orquestra e da Associa\u00e7\u00e3o Cultural Orquestra Sinf\u00f4nica de Santa Maria com o apoio da Universidade Federal de Santa Maria (UFSM). \u00c9 financiado pela LIC &#8211; SM e pela Prefeitura Municipal de Santa Maria com a produ\u00e7\u00e3o executiva da Chilli Produ\u00e7\u00f5es Culturais e patroc\u00ednio da RekParking.<\/p>\n<p>\u00a0<\/p>\n<p><strong>Orquestra Sinf\u00f4nica de Santa Maria apresenta:<\/strong><\/p>\n<p><strong>9\u00ba Concertos\u00a0Did\u00e1ticos\u00a0\u2013 Pedro e o Lobo<\/strong><\/p>\n<p><strong>Dia:<\/strong>\u00a010\/10\/18<\/p>\n<p><strong>Hor\u00e1rio<\/strong>: 19h<\/p>\n<p><strong>Local<\/strong>: Centro de Conven\u00e7\u00f5es &#8211; Campus da UFSM<\/p>\n<p><strong>Ingressos:<\/strong>\u00a0Entrada Franca<\/p>\n<p><strong>Dura\u00e7\u00e3o:<\/strong>\u00a050 minutos<\/p>\n<p><strong>Regente:<\/strong>\u00a0Alexandre Eisenberg.<\/p>\n<p><strong>Dire\u00e7\u00e3o geral e de elenco:<\/strong>\u00a0Prof Marco Antonio Penna<\/p>\n","protected":false},"excerpt":{"rendered":"<p>A Orquestra de Santa Maria apresenta no m\u00eas de outubro a 9\u00aa edi\u00e7\u00e3o do Projeto Concertos\u00a0Did\u00e1ticos.\u00a0O evento acontecer\u00e1 no dia 10 desse m\u00eas, pr\u00f3xima quarta-feira, no Centro de Conven\u00e7\u00f5es (Campus da UFSM) com apresenta\u00e7\u00e3o \u00fanica \u00e0s 19 horas e a entrada \u00e9 franca. Desde 2010, o projeto visa incentivar a pr\u00e1tica musical e oportunizar o [&hellip;]<\/p>\n","protected":false},"author":118,"featured_media":0,"comment_status":"closed","ping_status":"closed","sticky":false,"template":"","format":"standard","meta":{"footnotes":""},"categories":[15],"tags":[],"class_list":["post-177","post","type-post","status-publish","format-standard","hentry","category-noticia"],"acf":[],"_links":{"self":[{"href":"https:\/\/www.ufsm.br\/outros-orgaos\/cc\/wp-json\/wp\/v2\/posts\/177","targetHints":{"allow":["GET"]}}],"collection":[{"href":"https:\/\/www.ufsm.br\/outros-orgaos\/cc\/wp-json\/wp\/v2\/posts"}],"about":[{"href":"https:\/\/www.ufsm.br\/outros-orgaos\/cc\/wp-json\/wp\/v2\/types\/post"}],"author":[{"embeddable":true,"href":"https:\/\/www.ufsm.br\/outros-orgaos\/cc\/wp-json\/wp\/v2\/users\/118"}],"replies":[{"embeddable":true,"href":"https:\/\/www.ufsm.br\/outros-orgaos\/cc\/wp-json\/wp\/v2\/comments?post=177"}],"version-history":[{"count":0,"href":"https:\/\/www.ufsm.br\/outros-orgaos\/cc\/wp-json\/wp\/v2\/posts\/177\/revisions"}],"wp:attachment":[{"href":"https:\/\/www.ufsm.br\/outros-orgaos\/cc\/wp-json\/wp\/v2\/media?parent=177"}],"wp:term":[{"taxonomy":"category","embeddable":true,"href":"https:\/\/www.ufsm.br\/outros-orgaos\/cc\/wp-json\/wp\/v2\/categories?post=177"},{"taxonomy":"post_tag","embeddable":true,"href":"https:\/\/www.ufsm.br\/outros-orgaos\/cc\/wp-json\/wp\/v2\/tags?post=177"}],"curies":[{"name":"wp","href":"https:\/\/api.w.org\/{rel}","templated":true}]}}