{"id":2177,"date":"2025-10-30T14:49:25","date_gmt":"2025-10-30T17:49:25","guid":{"rendered":"https:\/\/www.ufsm.br\/outros-orgaos\/cc\/?p=2177"},"modified":"2025-10-30T14:49:27","modified_gmt":"2025-10-30T17:49:27","slug":"exposicao-conexoes-que-transformam-segue-itinerancia-e-chega-ao-campus-de-frederico-westphalen","status":"publish","type":"post","link":"https:\/\/www.ufsm.br\/outros-orgaos\/cc\/2025\/10\/30\/exposicao-conexoes-que-transformam-segue-itinerancia-e-chega-ao-campus-de-frederico-westphalen","title":{"rendered":"Exposi\u00e7\u00e3o \u201cConex\u00f5es que Transformam\u201d segue itiner\u00e2ncia e chega ao campus de Frederico Westphalen"},"content":{"rendered":"\n<p><\/p>\n\n\n\n<p>A exposi\u00e7\u00e3o fotogr\u00e1fica <em>\u201cConex\u00f5es que Transformam\u201d<\/em>, que celebra os 50 anos da Pr\u00f3-Reitoria de Extens\u00e3o (PRE) da UFSM, segue em itiner\u00e2ncia pelos espa\u00e7os da institui\u00e7\u00e3o. Ap\u00f3s ser inaugurada no Centro de Conven\u00e7\u00f5es da UFSM, em Santa Maria, no dia 16 de setembro, e passar pelo campus de Cachoeira do Sul, a mostra agora chega ao campus de Frederico Westphalen. A exposi\u00e7\u00e3o estar\u00e1 dispon\u00edvel para visita\u00e7\u00e3o no hall do pr\u00e9dio principal, de <strong>31 de outubro a 14 de novembro<\/strong>.<\/p>\n\n\n\n<p><img fetchpriority=\"high\" decoding=\"async\" class=\"alignright\" src=\"https:\/\/www.ufsm.br\/app\/uploads\/2025\/09\/16.9.2025-exposicao-cc-Paulo-Barauna-07.jpg\" alt=\"foto colorida horizontal de uma mo\u00e7a de roupa preta caminhando entre arma\u00e7\u00f5es brancas nas quais est\u00e3o pendurados quadros em um ambiente interno. Ao fundo h\u00e1 mais pessoas\" width=\"574\" height=\"431\" \/><\/p>\n\n\n\n<p><em>(foto colorida horizontal de uma mo\u00e7a de roupa preta caminhando entre arma\u00e7\u00f5es brancas nas quais est\u00e3o pendurados quadros em um ambiente interno. Ao fundo h\u00e1 mais pessoas)<\/em><\/p>\n\n\n\n<p>A mostra re\u00fane registros que evidenciam a for\u00e7a transformadora das a\u00e7\u00f5es extensionistas realizadas ao longo das \u00faltimas d\u00e9cadas, revelando hist\u00f3rias, rostos e projetos que aproximam a universidade da comunidade. Por meio das imagens, o p\u00fablico \u00e9 convidado a reconhecer a extens\u00e3o universit\u00e1ria como um elo essencial entre saberes, culturas e pessoas.<\/p>\n\n\n\n<p>Com essa itiner\u00e2ncia, a proposta \u00e9 ampliar o alcance das conex\u00f5es que inspiraram o nome da mostra, refor\u00e7ando o compromisso da UFSM com a dissemina\u00e7\u00e3o da arte, da cultura e do conhecimento em todos os seus campi.<\/p>\n\n\n\n<p><strong>Texto:<\/strong> Danusa Frazzon, Rela\u00e7\u00f5es P\u00fablicas da Coordenadoria de Cultura e Arte<br><strong>Foto:<\/strong> Paulo Bara\u00fana, acad\u00eamico de Desenho Industrial, bolsista<\/p>\n","protected":false},"excerpt":{"rendered":"<p>A exposi\u00e7\u00e3o fotogr\u00e1fica \u201cConex\u00f5es que Transformam\u201d, que celebra os 50 anos da Pr\u00f3-Reitoria de Extens\u00e3o (PRE) da UFSM, segue em itiner\u00e2ncia pelos espa\u00e7os da institui\u00e7\u00e3o. Ap\u00f3s ser inaugurada no Centro de Conven\u00e7\u00f5es da UFSM, em Santa Maria, no dia 16 de setembro, e passar pelo campus de Cachoeira do Sul, a mostra agora chega ao [&hellip;]<\/p>\n","protected":false},"author":287,"featured_media":0,"comment_status":"closed","ping_status":"closed","sticky":false,"template":"","format":"standard","meta":{"footnotes":""},"categories":[15],"tags":[],"class_list":["post-2177","post","type-post","status-publish","format-standard","hentry","category-noticia"],"acf":[],"_links":{"self":[{"href":"https:\/\/www.ufsm.br\/outros-orgaos\/cc\/wp-json\/wp\/v2\/posts\/2177","targetHints":{"allow":["GET"]}}],"collection":[{"href":"https:\/\/www.ufsm.br\/outros-orgaos\/cc\/wp-json\/wp\/v2\/posts"}],"about":[{"href":"https:\/\/www.ufsm.br\/outros-orgaos\/cc\/wp-json\/wp\/v2\/types\/post"}],"author":[{"embeddable":true,"href":"https:\/\/www.ufsm.br\/outros-orgaos\/cc\/wp-json\/wp\/v2\/users\/287"}],"replies":[{"embeddable":true,"href":"https:\/\/www.ufsm.br\/outros-orgaos\/cc\/wp-json\/wp\/v2\/comments?post=2177"}],"version-history":[{"count":0,"href":"https:\/\/www.ufsm.br\/outros-orgaos\/cc\/wp-json\/wp\/v2\/posts\/2177\/revisions"}],"wp:attachment":[{"href":"https:\/\/www.ufsm.br\/outros-orgaos\/cc\/wp-json\/wp\/v2\/media?parent=2177"}],"wp:term":[{"taxonomy":"category","embeddable":true,"href":"https:\/\/www.ufsm.br\/outros-orgaos\/cc\/wp-json\/wp\/v2\/categories?post=2177"},{"taxonomy":"post_tag","embeddable":true,"href":"https:\/\/www.ufsm.br\/outros-orgaos\/cc\/wp-json\/wp\/v2\/tags?post=2177"}],"curies":[{"name":"wp","href":"https:\/\/api.w.org\/{rel}","templated":true}]}}