{"id":2924,"date":"2026-09-01T14:33:00","date_gmt":"2026-09-01T17:33:00","guid":{"rendered":"https:\/\/www.ufsm.br\/outros-orgaos\/cc\/?p=2924"},"modified":"2026-09-01T14:33:01","modified_gmt":"2026-09-01T17:33:01","slug":"setembro-tera-programacao-diversificada-no-centro-de-convencoes","status":"publish","type":"post","link":"https:\/\/www.ufsm.br\/outros-orgaos\/cc\/2026\/09\/01\/setembro-tera-programacao-diversificada-no-centro-de-convencoes","title":{"rendered":"Setembro ter\u00e1 programa\u00e7\u00e3o diversificada no Centro de Conven\u00e7\u00f5es"},"content":{"rendered":"\n<h3 class=\"wp-block-heading\"><strong><em>M\u00fasica, ci\u00eancia, dan\u00e7a e atra\u00e7\u00f5es para o p\u00fablico infantil integram a agenda do espa\u00e7o neste m\u00eas<\/em><\/strong><\/h3>\n\n\n\n<p class=\"wp-block-paragraph\">O <strong>Centro de Conven\u00e7\u00f5es da Universidade Federal de Santa Maria (UFSM)<\/strong> inicia setembro com uma programa\u00e7\u00e3o que re\u00fane diferentes manifesta\u00e7\u00f5es culturais e \u00e1reas do conhecimento. Ao longo do m\u00eas, o espa\u00e7o recebe concertos, espet\u00e1culos musicais, apresenta\u00e7\u00f5es de dan\u00e7a, evento cient\u00edfico e atra\u00e7\u00e3o voltada ao p\u00fablico infantil.<\/p>\n\n\n\n<p class=\"wp-block-paragraph\">A programa\u00e7\u00e3o tem in\u00edcio em <strong>3 de setembro<\/strong>, \u00e0s 20h, com o <strong>Concerto da Orquestra Sinf\u00f4nica de Santa Maria (OSSM)<\/strong>, sob reg\u00eancia da maestra <strong>Alba Bomfim<\/strong>. A apresenta\u00e7\u00e3o tem entrada gratuita.<\/p>\n\n\n\n<p class=\"wp-block-paragraph\">No dia <strong>10 de setembro<\/strong>, \u00e0s 20h, a OSSM retorna ao palco do Centro de Conven\u00e7\u00f5es com o concerto <strong>\u201cOs Grandes Cl\u00e1ssicos do Rock\u201d<\/strong>, que prop\u00f5e um encontro entre a m\u00fasica orquestral e grandes sucessos do rock.<\/p>\n\n\n\n<p class=\"wp-block-paragraph\">Entre os dias <strong>13 e 15 de setembro<\/strong>, o Centro de Conven\u00e7\u00f5es ser\u00e1 sede da <strong>XVI Reuni\u00e3o Sul-Brasileira de Ci\u00eancia do Solo<\/strong>. O encontro re\u00fane pesquisadores, estudantes e profissionais para discutir temas relacionados \u00e0 ci\u00eancia do solo.<\/p>\n\n\n\n<p class=\"wp-block-paragraph\">A agenda musical segue no dia <strong>16 de setembro<\/strong>, \u00e0s 20h, com o espet\u00e1culo <strong>Bee Gees Alive<\/strong>, que celebra os grandes sucessos do grupo brit\u00e2nico que marcou a hist\u00f3ria da m\u00fasica mundial.<\/p>\n\n\n\n<p class=\"wp-block-paragraph\">No dia <strong>17 de setembro<\/strong>, \u00e0s 20h, ser\u00e1 a vez da <strong>Camerata Florian\u00f3polis<\/strong>, com o maestro <strong>Jeferson Della Rocca<\/strong>, ocupar o palco do Centro de Conven\u00e7\u00f5es. A apresenta\u00e7\u00e3o ter\u00e1 entrada gratuita mediante a doa\u00e7\u00e3o de <strong>1 kg de alimento<\/strong>, unindo cultura e solidariedade.<\/p>\n\n\n\n<p class=\"wp-block-paragraph\">J\u00e1 no dia <strong>22 de setembro<\/strong>, \u00e0s 19h, o p\u00fablico poder\u00e1 conferir <strong>\u201cCarmen Orquestra e Ballet\u201d<\/strong>, espet\u00e1culo que integra m\u00fasica e dan\u00e7a a partir da conhecida obra de Georges Bizet.<\/p>\n\n\n\n<p class=\"wp-block-paragraph\">Encerrando a programa\u00e7\u00e3o do m\u00eas, no dia <strong>26 de setembro<\/strong>, \u00e0s 15h, o Centro de Conven\u00e7\u00f5es recebe <strong>Gato Gal\u00e1ctico<\/strong>, atra\u00e7\u00e3o destinada ao p\u00fablico infantil e \u00e0s fam\u00edlias.<\/p>\n\n\n\n<p><img fetchpriority=\"high\" decoding=\"async\" class=\"alignnone size-medium wp-image-2925\" src=\"https:\/\/www.ufsm.br\/app\/uploads\/sites\/403\/2026\/09\/Noticias-240x300.jpg\" alt=\"\" width=\"240\" height=\"300\" srcset=\"https:\/\/www.ufsm.br\/app\/uploads\/sites\/403\/2026\/09\/Noticias-240x300.jpg 240w, https:\/\/www.ufsm.br\/app\/uploads\/sites\/403\/2026\/09\/Noticias-819x1024.jpg 819w, https:\/\/www.ufsm.br\/app\/uploads\/sites\/403\/2026\/09\/Noticias-768x960.jpg 768w, https:\/\/www.ufsm.br\/app\/uploads\/sites\/403\/2026\/09\/Noticias.jpg 1080w\" sizes=\"(max-width: 240px) 100vw, 240px\" \/><\/p>\n<p><i><span style=\"font-weight: 400\">Texto: Coordenadoria de Cultura e Arte\/Pr\u00f3-reitoria de Extens\u00e3o<\/span><\/i><\/p>\n\n\n","protected":false},"excerpt":{"rendered":"<p>M\u00fasica, ci\u00eancia, dan\u00e7a e atra\u00e7\u00f5es para o p\u00fablico infantil integram a agenda do espa\u00e7o neste m\u00eas O Centro de Conven\u00e7\u00f5es da Universidade Federal de Santa Maria (UFSM) inicia setembro com uma programa\u00e7\u00e3o que re\u00fane diferentes manifesta\u00e7\u00f5es culturais e \u00e1reas do conhecimento. Ao longo do m\u00eas, o espa\u00e7o recebe concertos, espet\u00e1culos musicais, apresenta\u00e7\u00f5es de dan\u00e7a, evento [&hellip;]<\/p>\n","protected":false},"author":287,"featured_media":0,"comment_status":"closed","ping_status":"closed","sticky":false,"template":"","format":"standard","meta":{"footnotes":""},"categories":[1],"tags":[],"class_list":["post-2924","post","type-post","status-publish","format-standard","hentry","category-sem-categoria"],"acf":[],"_links":{"self":[{"href":"https:\/\/www.ufsm.br\/outros-orgaos\/cc\/wp-json\/wp\/v2\/posts\/2924","targetHints":{"allow":["GET"]}}],"collection":[{"href":"https:\/\/www.ufsm.br\/outros-orgaos\/cc\/wp-json\/wp\/v2\/posts"}],"about":[{"href":"https:\/\/www.ufsm.br\/outros-orgaos\/cc\/wp-json\/wp\/v2\/types\/post"}],"author":[{"embeddable":true,"href":"https:\/\/www.ufsm.br\/outros-orgaos\/cc\/wp-json\/wp\/v2\/users\/287"}],"replies":[{"embeddable":true,"href":"https:\/\/www.ufsm.br\/outros-orgaos\/cc\/wp-json\/wp\/v2\/comments?post=2924"}],"version-history":[{"count":0,"href":"https:\/\/www.ufsm.br\/outros-orgaos\/cc\/wp-json\/wp\/v2\/posts\/2924\/revisions"}],"wp:attachment":[{"href":"https:\/\/www.ufsm.br\/outros-orgaos\/cc\/wp-json\/wp\/v2\/media?parent=2924"}],"wp:term":[{"taxonomy":"category","embeddable":true,"href":"https:\/\/www.ufsm.br\/outros-orgaos\/cc\/wp-json\/wp\/v2\/categories?post=2924"},{"taxonomy":"post_tag","embeddable":true,"href":"https:\/\/www.ufsm.br\/outros-orgaos\/cc\/wp-json\/wp\/v2\/tags?post=2924"}],"curies":[{"name":"wp","href":"https:\/\/api.w.org\/{rel}","templated":true}]}}