{"id":42,"date":"2017-07-20T20:13:53","date_gmt":"2017-07-20T23:13:53","guid":{"rendered":"https:\/\/www.ufsm.br\/outros-orgaos\/cc\/2017\/07\/20\/divulgadas-as-apresentacoes-selecionadas-para-o-proximo-espetaculo-do-centro-de-convencoes\/"},"modified":"2017-07-20T20:13:53","modified_gmt":"2017-07-20T23:13:53","slug":"divulgadas-as-apresentacoes-selecionadas-para-o-proximo-espetaculo-do-centro-de-convencoes","status":"publish","type":"post","link":"https:\/\/www.ufsm.br\/outros-orgaos\/cc\/2017\/07\/20\/divulgadas-as-apresentacoes-selecionadas-para-o-proximo-espetaculo-do-centro-de-convencoes","title":{"rendered":"Divulgadas as apresenta\u00e7\u00f5es selecionadas para o pr\u00f3ximo espet\u00e1culo do Centro de Conven\u00e7\u00f5es"},"content":{"rendered":"<p>Mais uma vez a diversidade art&iacute;stica de Santa Maria ter&aacute; destaque no palco do Centro de Conven&ccedil;&otilde;es. O pr&oacute;ximo espet&aacute;culo, agendado para o dia 11 de agosto, ser&aacute; composto por quatro diferentes apresenta&ccedil;&otilde;es art&iacute;sticas, marcando o encerramento o Programa Cultural de Inaugura&ccedil;&atilde;o do mais novo espa&ccedil;o de eventos da UFSM.<\/p>\n<p>A sele&ccedil;&atilde;o das apresenta&ccedil;&otilde;es que participar&atilde;o deste espet&aacute;culo foi feita por meio da Chamada P&uacute;blica 04\/2017. Sete propostas foram enviadas por artistas e grupos de Santa Maria e regi&atilde;o. As propostas foram avaliadas por uma comiss&atilde;o espec&iacute;fica que considerou os seguintes crit&eacute;rios: qualidade t&eacute;cnica e art&iacute;stica da proposta, o potencial de abrang&ecirc;ncia de p&uacute;blico, a relev&acirc;ncia social e cultural, a adapta&ccedil;&atilde;o &agrave; estrutura t&eacute;cnica do Centro de Conven&ccedil;&otilde;es da UFSM, a exequibilidade da proposta e o curr&iacute;culo do proponente.<\/p>\n<p>Foram selecionadas as seguintes propostas:<\/p>\n<p>1&ordm;. &ldquo;Noite L&iacute;rica&#8230; Noite de Encanto&rdquo;, do Quarteto Vivace<\/p>\n<p>2&ordm;. &ldquo;Geringon&ccedil;a apresenta O Z&eacute;&rdquo;, da Banda Geringon&ccedil;a<\/p>\n<p>3&ordm;. &ldquo;O Culto Afro&rdquo;, de Rozan Ribeiro Borges<\/p>\n<p>4&ordm;. &ldquo;De Alma Ga&uacute;cha &ndash; Bem Assim No Mas&rdquo;, do grupo De Alma Ga&uacute;cha<\/p>\n<p>Como suplentes foram classificados, ainda, um fragmento do espet&aacute;culo &ldquo;aPOcaL&Iacute;pTICO&rdquo;, proposto por Crystian Castro Cia de Dan&ccedil;a, e um show da banda Inseto Social.<\/p>\n<p>Conforme previsto na Chamada P&uacute;blica, os proponentes t&ecirc;m at&eacute; as 23h59 da pr&oacute;xima segunda-feira (24) para a interposi&ccedil;&atilde;o de recursos, que devem ser enviados para o e-mail <a href=\"mailto:ascomgabinete@ufsm.br\">ascomgabinete@ufsm.br<\/a>.&nbsp;<\/p>\n","protected":false},"excerpt":{"rendered":"<p>Mais uma vez a diversidade art&iacute;stica de Santa Maria ter&aacute; destaque no palco do Centro de Conven&ccedil;&otilde;es. O pr&oacute;ximo espet&aacute;culo, agendado para o dia 11 de agosto, ser&aacute; composto por quatro diferentes apresenta&ccedil;&otilde;es art&iacute;sticas, marcando o encerramento o Programa Cultural de Inaugura&ccedil;&atilde;o do mais novo espa&ccedil;o de eventos da UFSM. A sele&ccedil;&atilde;o das apresenta&ccedil;&otilde;es que [&hellip;]<\/p>\n","protected":false},"author":8,"featured_media":0,"comment_status":"closed","ping_status":"closed","sticky":false,"template":"","format":"standard","meta":{"footnotes":""},"categories":[1],"tags":[],"class_list":["post-42","post","type-post","status-publish","format-standard","hentry","category-sem-categoria"],"acf":[],"_links":{"self":[{"href":"https:\/\/www.ufsm.br\/outros-orgaos\/cc\/wp-json\/wp\/v2\/posts\/42","targetHints":{"allow":["GET"]}}],"collection":[{"href":"https:\/\/www.ufsm.br\/outros-orgaos\/cc\/wp-json\/wp\/v2\/posts"}],"about":[{"href":"https:\/\/www.ufsm.br\/outros-orgaos\/cc\/wp-json\/wp\/v2\/types\/post"}],"author":[{"embeddable":true,"href":"https:\/\/www.ufsm.br\/outros-orgaos\/cc\/wp-json\/wp\/v2\/users\/8"}],"replies":[{"embeddable":true,"href":"https:\/\/www.ufsm.br\/outros-orgaos\/cc\/wp-json\/wp\/v2\/comments?post=42"}],"version-history":[{"count":0,"href":"https:\/\/www.ufsm.br\/outros-orgaos\/cc\/wp-json\/wp\/v2\/posts\/42\/revisions"}],"wp:attachment":[{"href":"https:\/\/www.ufsm.br\/outros-orgaos\/cc\/wp-json\/wp\/v2\/media?parent=42"}],"wp:term":[{"taxonomy":"category","embeddable":true,"href":"https:\/\/www.ufsm.br\/outros-orgaos\/cc\/wp-json\/wp\/v2\/categories?post=42"},{"taxonomy":"post_tag","embeddable":true,"href":"https:\/\/www.ufsm.br\/outros-orgaos\/cc\/wp-json\/wp\/v2\/tags?post=42"}],"curies":[{"name":"wp","href":"https:\/\/api.w.org\/{rel}","templated":true}]}}