{"id":67,"date":"2018-10-24T11:27:16","date_gmt":"2018-10-24T14:27:16","guid":{"rendered":"https:\/\/www.ufsm.br\/outros-orgaos\/cc\/?p=67"},"modified":"2018-10-24T11:27:16","modified_gmt":"2018-10-24T14:27:16","slug":"18-acampavida-no-centro-de-convencoes","status":"publish","type":"post","link":"https:\/\/www.ufsm.br\/outros-orgaos\/cc\/2018\/10\/24\/18-acampavida-no-centro-de-convencoes","title":{"rendered":"18\u00ba Acampavida no Centro de Conven\u00e7\u00f5es"},"content":{"rendered":"<p><img fetchpriority=\"high\" decoding=\"async\" class=\" size-full wp-image-66\" style=\"margin-left: auto;margin-right: auto\" src=\"https:\/\/www.ufsm.br\/outros-orgaos\/cc\/wp-content\/uploads\/sites\/403\/2017\/10\/esseeee.jpg\" alt=\"esseeee\" width=\"517\" height=\"732\" srcset=\"https:\/\/www.ufsm.br\/app\/uploads\/sites\/403\/2017\/10\/esseeee.jpg 517w, https:\/\/www.ufsm.br\/app\/uploads\/sites\/403\/2017\/10\/esseeee-212x300.jpg 212w\" sizes=\"(max-width: 517px) 100vw, 517px\" \/><\/p>\n<p>&nbsp;<\/p>\n<p style=\"text-align: justify\">O NIEATI &#8211; N\u00facleo Integrado de Estudos e Apoio a Terceira Idade, do Centro de Educa\u00e7\u00e3o F\u00edsica e Desportos da Universidade Federal de Santa Maria promover\u00e1 nos dias 13 e 14 de outubro de 2017 mais uma edi\u00e7\u00e3o do ACAMPAVIDA que est\u00e1 em sua 18\u00aa temporada, tendo uma m\u00e9dia de 1044 pessoas nas edi\u00e7\u00f5es anteriores. O evento acontecer\u00e1 no Centro de Conven\u00e7\u00f5es e Pr\u00e9dio 74 C.<\/p>\n<p style=\"text-align: justify\">O Evento tem como objetivo proporcionar aos idosos uma oportunidade de conviv\u00eancia dentro da Universidade, que lhes permita experimentar v\u00e1rias manifesta\u00e7\u00f5es do movimento humano, do l\u00fadico, da cultura e principalmente do relacionamento com os demais, numa dimens\u00e3o de crescimento fraternal.<\/p>\n<p style=\"text-align: justify\">Teremos oficinas como:\u00a0 dan\u00e7a, gin\u00e1stica recreativa e funcional, nutri\u00e7\u00e3o, direito do idoso, cuidados com a sa\u00fade, voz e mem\u00f3ria, etc&#8230; Nessas oficinas trabalham aproximadamente 200 monitores, destacando ainda o grande n\u00famero de \u00e1reas do conhecimento envolvidas, referentes \u00e0s institui\u00e7\u00f5es de ensino superior: Odontologia, Fisioterapia, Terapia Ocupacional, Fonoaudiologia, Enfermagem, Nutri\u00e7\u00e3o, Psicologia, Direito, Zootecnia, Matem\u00e1tica e a anfitri\u00e3 Educa\u00e7\u00e3o F\u00edsica (cursos da Universidade Federal de Santa Maria), al\u00e9m dos cursos de outras institui\u00e7\u00f5es, UNIFRA\u00a0 e FISMA.<\/p>\n<p style=\"text-align: justify\">O ACAMPAVIDA tem se constitu\u00eddo, nestes anos todos, em um espa\u00e7o de aprendizagem permanente do trabalho com idosos, ampliando gradativamente o n\u00famero de Institui\u00e7\u00f5es de Ensino Superior envolvidas, bem como cursos que se prop\u00f5em a trabalhar e aprender em um trabalho multi e interdisciplinar te\u00f3rico-pr\u00e1tico. Vale ressaltar o car\u00e1ter coletivo da constru\u00e7\u00e3o do evento, onde os idosos organizados em sua representa\u00e7\u00e3o opinam sobre sua estrutura, detalhes e prefer\u00eancias, dessa forma, agindo como atores sociais.<\/p>\n<p>&nbsp;<\/p>\n<p><strong>PROGRAMA\u00c7\u00c3O:<\/strong><\/p>\n<p><span style=\"text-decoration: underline\">Sexta-feira:<\/span><span style=\"text-decoration: underline\">\u00a013\/10<\/span><\/p>\n<p>&#8211; Baile no Clube Santamariense \u00e0s 20h e 30 min.<\/p>\n<p>&nbsp;<\/p>\n<p><span style=\"text-decoration: underline\">S\u00e1bado:\u00a0<\/span><span style=\"text-decoration: underline\">14\/10\u00a0<\/span><\/p>\n<ul>\n<li>Cerim\u00f4nia de Abertura 08h e 30 min no CENTRO DE CONVEN\u00c7\u00d5ES<\/li>\n<li>1\u00aa Rodada: 10:30 \u2013 11:30 h<\/li>\n<li>2\u00aa Rodada: 14:00 \u2013 15:00 h<\/li>\n<li>3\u00aa Rodada: 15:30 \u2013 16:30 h<\/li>\n<li>4\u00aa Rodada: 17:00 \u2013 18:00 h<\/li>\n<li>Mostra Art\u00edstica \u2013 19:00 h no CENTRO DE CONVEN\u00c7\u00d5ES<\/li>\n<\/ul>\n<p>Informa\u00e7\u00f5es: Coordenador do Evento: Marco Aurelio Acosta.<\/p>\n<p>E-mail: <a href=\"mailto:marco.acosta@bol.com.br\">marco.acosta@bol.com.br<\/a>\u00a0\u00a0 \u00a0 \u00a0Fone: (55) 999569492<\/p>\n","protected":false},"excerpt":{"rendered":"<p>&nbsp; O NIEATI &#8211; N\u00facleo Integrado de Estudos e Apoio a Terceira Idade, do Centro de Educa\u00e7\u00e3o F\u00edsica e Desportos da Universidade Federal de Santa Maria promover\u00e1 nos dias 13 e 14 de outubro de 2017 mais uma edi\u00e7\u00e3o do ACAMPAVIDA que est\u00e1 em sua 18\u00aa temporada, tendo uma m\u00e9dia de 1044 pessoas nas edi\u00e7\u00f5es [&hellip;]<\/p>\n","protected":false},"author":8,"featured_media":66,"comment_status":"closed","ping_status":"closed","sticky":false,"template":"","format":"standard","meta":{"footnotes":""},"categories":[15],"tags":[],"class_list":["post-67","post","type-post","status-publish","format-standard","has-post-thumbnail","hentry","category-noticia"],"acf":[],"_links":{"self":[{"href":"https:\/\/www.ufsm.br\/outros-orgaos\/cc\/wp-json\/wp\/v2\/posts\/67","targetHints":{"allow":["GET"]}}],"collection":[{"href":"https:\/\/www.ufsm.br\/outros-orgaos\/cc\/wp-json\/wp\/v2\/posts"}],"about":[{"href":"https:\/\/www.ufsm.br\/outros-orgaos\/cc\/wp-json\/wp\/v2\/types\/post"}],"author":[{"embeddable":true,"href":"https:\/\/www.ufsm.br\/outros-orgaos\/cc\/wp-json\/wp\/v2\/users\/8"}],"replies":[{"embeddable":true,"href":"https:\/\/www.ufsm.br\/outros-orgaos\/cc\/wp-json\/wp\/v2\/comments?post=67"}],"version-history":[{"count":0,"href":"https:\/\/www.ufsm.br\/outros-orgaos\/cc\/wp-json\/wp\/v2\/posts\/67\/revisions"}],"wp:featuredmedia":[{"embeddable":true,"href":"https:\/\/www.ufsm.br\/outros-orgaos\/cc\/wp-json\/wp\/v2\/media\/66"}],"wp:attachment":[{"href":"https:\/\/www.ufsm.br\/outros-orgaos\/cc\/wp-json\/wp\/v2\/media?parent=67"}],"wp:term":[{"taxonomy":"category","embeddable":true,"href":"https:\/\/www.ufsm.br\/outros-orgaos\/cc\/wp-json\/wp\/v2\/categories?post=67"},{"taxonomy":"post_tag","embeddable":true,"href":"https:\/\/www.ufsm.br\/outros-orgaos\/cc\/wp-json\/wp\/v2\/tags?post=67"}],"curies":[{"name":"wp","href":"https:\/\/api.w.org\/{rel}","templated":true}]}}