{"id":735,"date":"2025-12-09T09:33:50","date_gmt":"2025-12-09T12:33:50","guid":{"rendered":"https:\/\/www.ufsm.br\/pet\/comunicacao-social\/?p=735"},"modified":"2025-12-09T09:47:10","modified_gmt":"2025-12-09T12:47:10","slug":"petcom-promove-interpet-especial-de-natal","status":"publish","type":"post","link":"https:\/\/www.ufsm.br\/pet\/comunicacao-social\/2025\/12\/09\/petcom-promove-interpet-especial-de-natal","title":{"rendered":"PETCom promove InterPET especial de Natal."},"content":{"rendered":"\t\t<div data-elementor-type=\"wp-post\" data-elementor-id=\"735\" class=\"elementor elementor-735\">\n\t\t\t\t\t\t<section class=\"elementor-section elementor-top-section elementor-element elementor-element-354c046 elementor-section-boxed elementor-section-height-default elementor-section-height-default\" data-id=\"354c046\" data-element_type=\"section\">\n\t\t\t\t\t\t<div class=\"elementor-container elementor-column-gap-default\">\n\t\t\t\t\t<div class=\"elementor-column elementor-col-100 elementor-top-column elementor-element elementor-element-9fa4fd2\" data-id=\"9fa4fd2\" data-element_type=\"column\">\n\t\t\t<div class=\"elementor-widget-wrap elementor-element-populated\">\n\t\t\t\t\t\t<div class=\"elementor-element elementor-element-24302cc elementor-widget elementor-widget-text-editor\" data-id=\"24302cc\" data-element_type=\"widget\" data-widget_type=\"text-editor.default\">\n\t\t\t\t<div class=\"elementor-widget-container\">\n\t\t\t\t\t\t\t<p><span style=\"font-weight: 400\">A \u00faltima edi\u00e7\u00e3o de 2025 foi organizada em conjunto com o PET Agronomia e PET CC.<\/span><\/p><p><span style=\"font-weight: 400\">Na manh\u00e3 de s\u00e1bado (29), aconteceu o InterPET especial de Natal. O encontro foi organizado pelo PET Comunica\u00e7\u00e3o Social (PETCom) em colabora\u00e7\u00e3o com o PET Agronomia e o PET Ci\u00eancia da Computa\u00e7\u00e3o (PET CC) e ocorreu no audit\u00f3rio Wilson Aita, no campus sede da Universidade Federal de Santa Maria (UFSM).\u00a0<\/span><\/p><p><span style=\"font-weight: 400\">A programa\u00e7\u00e3o contou com a palestra \u201cDegrad\u00eas de conectividade: infraestrutura de internet e desigualdades territoriais da midiatiza\u00e7\u00e3o\u201d, ministrada pelo Prof. Dr. Mauricio de Souza Fanfa, docente dos cursos de Comunica\u00e7\u00e3o na UFSM. Fruto de sua tese de doutorado, Fanfa buscou debater sobre como disparidades hist\u00f3ricas e quest\u00f5es econ\u00f4micas refletem no acesso \u00e0 Internet no Brasil. <\/span><\/p>\t\t\t\t\t\t<\/div>\n\t\t\t\t<\/div>\n\t\t\t\t\t<\/div>\n\t\t<\/div>\n\t\t\t\t\t<\/div>\n\t\t<\/section>\n\t\t\t\t<section class=\"elementor-section elementor-top-section elementor-element elementor-element-30cbfcf elementor-section-boxed elementor-section-height-default elementor-section-height-default\" data-id=\"30cbfcf\" data-element_type=\"section\">\n\t\t\t\t\t\t<div class=\"elementor-container elementor-column-gap-default\">\n\t\t\t\t\t<div class=\"elementor-column elementor-col-100 elementor-top-column elementor-element elementor-element-c4064ef\" data-id=\"c4064ef\" data-element_type=\"column\">\n\t\t\t<div class=\"elementor-widget-wrap elementor-element-populated\">\n\t\t\t\t\t\t<div class=\"elementor-element elementor-element-0dfc0a7 elementor-widget elementor-widget-image\" data-id=\"0dfc0a7\" data-element_type=\"widget\" data-widget_type=\"image.default\">\n\t\t\t\t<div class=\"elementor-widget-container\">\n\t\t\t\t\t\t\t\t\t\t<figure class=\"wp-caption\">\n\t\t\t\t\t\t\t\t\t\t<img fetchpriority=\"high\" decoding=\"async\" width=\"1024\" height=\"622\" src=\"https:\/\/www.ufsm.br\/app\/uploads\/sites\/781\/2025\/12\/WhatsApp-Image-2025-12-09-at-09.43.59-1024x622.jpeg\" class=\"attachment-large size-large wp-image-737\" alt=\"Fotos de todos os participantes do \u00faltimo InterPET do ano\" srcset=\"https:\/\/www.ufsm.br\/app\/uploads\/sites\/781\/2025\/12\/WhatsApp-Image-2025-12-09-at-09.43.59-1024x622.jpeg 1024w, https:\/\/www.ufsm.br\/app\/uploads\/sites\/781\/2025\/12\/WhatsApp-Image-2025-12-09-at-09.43.59-300x182.jpeg 300w, https:\/\/www.ufsm.br\/app\/uploads\/sites\/781\/2025\/12\/WhatsApp-Image-2025-12-09-at-09.43.59-768x466.jpeg 768w, https:\/\/www.ufsm.br\/app\/uploads\/sites\/781\/2025\/12\/WhatsApp-Image-2025-12-09-at-09.43.59-1536x933.jpeg 1536w, https:\/\/www.ufsm.br\/app\/uploads\/sites\/781\/2025\/12\/WhatsApp-Image-2025-12-09-at-09.43.59.jpeg 1920w\" sizes=\"(max-width: 1024px) 100vw, 1024px\" \/>\t\t\t\t\t\t\t\t\t\t\t<figcaption class=\"widget-image-caption wp-caption-text\">Fotos de todos os participantes do \u00faltimo InterPET do ano<\/figcaption>\n\t\t\t\t\t\t\t\t\t\t<\/figure>\n\t\t\t\t\t\t\t<\/div>\n\t\t\t\t<\/div>\n\t\t\t\t\t<\/div>\n\t\t<\/div>\n\t\t\t\t\t<\/div>\n\t\t<\/section>\n\t\t\t\t<section class=\"elementor-section elementor-top-section elementor-element elementor-element-5cc4085 elementor-section-boxed elementor-section-height-default elementor-section-height-default\" data-id=\"5cc4085\" data-element_type=\"section\">\n\t\t\t\t\t\t<div class=\"elementor-container elementor-column-gap-default\">\n\t\t\t\t\t<div class=\"elementor-column elementor-col-100 elementor-top-column elementor-element elementor-element-4430bb5\" data-id=\"4430bb5\" data-element_type=\"column\">\n\t\t\t<div class=\"elementor-widget-wrap elementor-element-populated\">\n\t\t\t\t\t\t<div class=\"elementor-element elementor-element-98d3c6b elementor-widget elementor-widget-text-editor\" data-id=\"98d3c6b\" data-element_type=\"widget\" data-widget_type=\"text-editor.default\">\n\t\t\t\t<div class=\"elementor-widget-container\">\n\t\t\t\t\t\t\t<p><span style=\"font-weight: 400\">Ap\u00f3s a palestra, os PETs organizadores apresentaram seus projetos. O PETCom anunciou a chegada do Fluxo, uma parceria com a Revista Cadernos focada na publica\u00e7\u00e3o de pesquisa cient\u00edfica para estudantes da gradua\u00e7\u00e3o.\u00a0<\/span><\/p><p><span style=\"font-weight: 400\">Tamb\u00e9m houve a din\u00e2mica de ingressos e egressos, cujo intuito \u00e9 ser um momento de recep\u00e7\u00e3o e despedida dos integrantes. Ao final do evento, foi sorteado a ordem dos InterPETs de 2026.<\/span><\/p><p>\u00a0<\/p><p style=\"color: #000000;font-size: 16px\">Texto:\u00a0<span style=\"background-color: transparent;color: #000000;font-family: 'Times New Roman', serif;font-size: 12pt\">Camila Castilho<\/span><span style=\"color: #000000;font-size: 16px\">\u00a0<\/span><\/p><p style=\"color: #000000;font-size: 16px\">Postagem: Tariell Ramos, Bolsista do PETCom<\/p><p>\u00a0<\/p>\t\t\t\t\t\t<\/div>\n\t\t\t\t<\/div>\n\t\t\t\t\t<\/div>\n\t\t<\/div>\n\t\t\t\t\t<\/div>\n\t\t<\/section>\n\t\t\t\t<\/div>\n\t\t","protected":false},"excerpt":{"rendered":"<p>A \u00faltima edi\u00e7\u00e3o de 2025 foi organizada em conjunto com o PET Agronomia e PET CC. Na manh\u00e3 de s\u00e1bado (29), aconteceu o InterPET especial de Natal. O encontro foi organizado pelo PET Comunica\u00e7\u00e3o Social (PETCom) em colabora\u00e7\u00e3o com o PET Agronomia e o PET Ci\u00eancia da Computa\u00e7\u00e3o (PET CC) e ocorreu no audit\u00f3rio Wilson [&hellip;]<\/p>\n","protected":false},"author":6484,"featured_media":0,"comment_status":"closed","ping_status":"closed","sticky":false,"template":"","format":"standard","meta":{"footnotes":""},"categories":[62,11],"tags":[],"class_list":["post-735","post","type-post","status-publish","format-standard","hentry","category-destaque","category-noticias"],"acf":[],"_links":{"self":[{"href":"https:\/\/www.ufsm.br\/pet\/comunicacao-social\/wp-json\/wp\/v2\/posts\/735","targetHints":{"allow":["GET"]}}],"collection":[{"href":"https:\/\/www.ufsm.br\/pet\/comunicacao-social\/wp-json\/wp\/v2\/posts"}],"about":[{"href":"https:\/\/www.ufsm.br\/pet\/comunicacao-social\/wp-json\/wp\/v2\/types\/post"}],"author":[{"embeddable":true,"href":"https:\/\/www.ufsm.br\/pet\/comunicacao-social\/wp-json\/wp\/v2\/users\/6484"}],"replies":[{"embeddable":true,"href":"https:\/\/www.ufsm.br\/pet\/comunicacao-social\/wp-json\/wp\/v2\/comments?post=735"}],"version-history":[{"count":0,"href":"https:\/\/www.ufsm.br\/pet\/comunicacao-social\/wp-json\/wp\/v2\/posts\/735\/revisions"}],"wp:attachment":[{"href":"https:\/\/www.ufsm.br\/pet\/comunicacao-social\/wp-json\/wp\/v2\/media?parent=735"}],"wp:term":[{"taxonomy":"category","embeddable":true,"href":"https:\/\/www.ufsm.br\/pet\/comunicacao-social\/wp-json\/wp\/v2\/categories?post=735"},{"taxonomy":"post_tag","embeddable":true,"href":"https:\/\/www.ufsm.br\/pet\/comunicacao-social\/wp-json\/wp\/v2\/tags?post=735"}],"curies":[{"name":"wp","href":"https:\/\/api.w.org\/{rel}","templated":true}]}}