{"id":761,"date":"2026-03-02T13:34:30","date_gmt":"2026-03-02T16:34:30","guid":{"rendered":"https:\/\/www.ufsm.br\/pet\/comunicacao-social\/?p=761"},"modified":"2026-03-02T13:40:32","modified_gmt":"2026-03-02T16:40:32","slug":"processo-seletivo-do-petcom-01-2026-esta-aberto","status":"publish","type":"post","link":"https:\/\/www.ufsm.br\/pet\/comunicacao-social\/2026\/03\/02\/processo-seletivo-do-petcom-01-2026-esta-aberto","title":{"rendered":"Est\u00e3o abertas as inscri\u00e7\u00f5es para o Processo Seletivo 01\/2026 do PETCom."},"content":{"rendered":"\t\t<div data-elementor-type=\"wp-post\" data-elementor-id=\"761\" class=\"elementor elementor-761\">\n\t\t\t\t\t\t<section class=\"elementor-section elementor-top-section elementor-element elementor-element-7a739447 elementor-section-boxed elementor-section-height-default elementor-section-height-default\" data-id=\"7a739447\" data-element_type=\"section\">\n\t\t\t\t\t\t<div class=\"elementor-container elementor-column-gap-default\">\n\t\t\t\t\t<div class=\"elementor-column elementor-col-100 elementor-top-column elementor-element elementor-element-169ea2d3\" data-id=\"169ea2d3\" data-element_type=\"column\">\n\t\t\t<div class=\"elementor-widget-wrap elementor-element-populated\">\n\t\t\t\t\t\t<div class=\"elementor-element elementor-element-7b828342 elementor-widget elementor-widget-text-editor\" data-id=\"7b828342\" data-element_type=\"widget\" data-widget_type=\"text-editor.default\">\n\t\t\t\t<div class=\"elementor-widget-container\">\n\t\t\t\t\t\t\t<!-- wp:tadv\/classic-paragraph \/-->\n\n<!-- wp:tadv\/classic-paragraph \/-->\t\t\t\t\t\t<\/div>\n\t\t\t\t<\/div>\n\t\t\t\t\t<\/div>\n\t\t<\/div>\n\t\t\t\t\t<\/div>\n\t\t<\/section>\n\t\t\t\t<section class=\"elementor-section elementor-top-section elementor-element elementor-element-4195664 elementor-section-boxed elementor-section-height-default elementor-section-height-default\" data-id=\"4195664\" data-element_type=\"section\">\n\t\t\t\t\t\t<div class=\"elementor-container elementor-column-gap-default\">\n\t\t\t\t\t<div class=\"elementor-column elementor-col-100 elementor-top-column elementor-element elementor-element-f212160\" data-id=\"f212160\" data-element_type=\"column\">\n\t\t\t<div class=\"elementor-widget-wrap elementor-element-populated\">\n\t\t\t\t\t\t<div class=\"elementor-element elementor-element-27b03bd elementor-widget elementor-widget-text-editor\" data-id=\"27b03bd\" data-element_type=\"widget\" data-widget_type=\"text-editor.default\">\n\t\t\t\t<div class=\"elementor-widget-container\">\n\t\t\t\t\t\t\t<p><span style=\"font-weight: 400\">As inscri\u00e7\u00f5es para sele\u00e7\u00e3o de novos integrantes do PET Comunica\u00e7\u00e3o Social da UFSM iniciam hoje (02). Ser\u00e3o disponibilizadas 5 vagas para estudantes n\u00e3o-bolsistas do 1\u00ba ao 5\u00ba semestre. A distribui\u00e7\u00e3o das vagas \u00e9 a seguinte:\u00a0<\/span><\/p>\n<ul>\n<li style=\"font-weight: 400\"><span style=\"font-weight: 400\">1 vaga<\/span><span style=\"font-weight: 400\"> para o curso de <\/span><span style=\"font-weight: 400\">Jornalismo<\/span><\/li>\n<li style=\"font-weight: 400\"><span style=\"font-weight: 400\">2 vaga<\/span><span style=\"font-weight: 400\"> para o curso de <\/span><span style=\"font-weight: 400\">Publicidade e Propaganda<\/span><\/li>\n<li style=\"font-weight: 400\"><span style=\"font-weight: 400\">2 vagas<\/span><span style=\"font-weight: 400\"> para o curso de <\/span><span style=\"font-weight: 400\">Rela\u00e7\u00f5es P\u00fablicas<\/span><\/li>\n<\/ul>\n<p><span style=\"font-weight: 400\">Os requisitos para inscri\u00e7\u00e3o s\u00e3o a disponibilidade de 20 horas semanais e <\/span><b>estar matriculado entre o 1\u00ba e o 5\u00ba semestre dos cursos espec\u00edficos<\/b><span style=\"font-weight: 400\">.<\/span><\/p>\n<p><span style=\"font-weight: 400\">O per\u00edodo de inscri\u00e7\u00f5es est\u00e1 aberto do dia 02 de mar\u00e7o at\u00e9 16 de mar\u00e7o. Ap\u00f3s esse per\u00edodo, ser\u00e3o avaliadas as cartas de inten\u00e7\u00f5es. Em seguida, acontecem as din\u00e2micas em grupo, no dia 31 de mar\u00e7o e, ap\u00f3s, se iniciam as entrevistas individuais, que v\u00e3o do dia 06 a 08 de abril. O resultado preliminar ser\u00e1 divulgado no dia 14 de abril. O pedido de recurso poder\u00e1 ser realizado at\u00e9 \u00e0s 23h59 do dia 15 de abril.<\/span><\/p>\n<p><span style=\"font-weight: 400\">Do total de cinco (5) vagas ser\u00e3o destinadas 20% para autodeclarados pretos, pardos, ind\u00edgenas e para pessoas com defici\u00eancia (PCD) utilizando por analogia a Lei 12.711, de 29 de agosto de 2012 que rege o Sisu.<\/span><\/p>\n<p><span style=\"font-weight: 400\">As inscri\u00e7\u00f5es ser\u00e3o realizadas a<\/span><span style=\"font-weight: 400\">trav\u00e9s do seguinte link<\/span><b>:<\/b><b><br \/><\/b><a href=\"https:\/\/forms.gle\/jEL4kNMfjy6nt9NNA\" target=\"_blank\" rel=\"noopener\"><span style=\"font-weight: 400\">https:\/\/forms.gle\/jEL4kNMfjy6nt9NNA<\/span><\/a><span style=\"font-weight: 400\">\u00a0<\/span><\/p>\n<p><span style=\"font-weight: 400\">O edital completo pode ser acessado no seguinte link:<\/span><\/p>\n<p><a href=\"https:\/\/www.ufsm.br\/pet\/comunicacao-social\/processo-seletivo\" target=\"_blank\" rel=\"noopener\">https:\/\/www.ufsm.br\/pet\/comunicacao-social\/processo-seletivo<\/a><\/p>\t\t\t\t\t\t<\/div>\n\t\t\t\t<\/div>\n\t\t\t\t\t<\/div>\n\t\t<\/div>\n\t\t\t\t\t<\/div>\n\t\t<\/section>\n\t\t\t\t<\/div>\n\t\t","protected":false},"excerpt":{"rendered":"<p>As inscri\u00e7\u00f5es para sele\u00e7\u00e3o de novos integrantes do PET Comunica\u00e7\u00e3o Social da UFSM iniciam hoje (02). Ser\u00e3o disponibilizadas 5 vagas para estudantes n\u00e3o-bolsistas do 1\u00ba ao 5\u00ba semestre. A distribui\u00e7\u00e3o das vagas \u00e9 a seguinte:\u00a0 1 vaga para o curso de Jornalismo 2 vaga para o curso de Publicidade e Propaganda 2 vagas para o [&hellip;]<\/p>\n","protected":false},"author":6484,"featured_media":0,"comment_status":"closed","ping_status":"closed","sticky":false,"template":"","format":"standard","meta":{"footnotes":""},"categories":[62,11,28,1],"tags":[],"class_list":["post-761","post","type-post","status-publish","format-standard","hentry","category-destaque","category-noticias","category-selecao","category-sem-categoria"],"acf":[],"_links":{"self":[{"href":"https:\/\/www.ufsm.br\/pet\/comunicacao-social\/wp-json\/wp\/v2\/posts\/761","targetHints":{"allow":["GET"]}}],"collection":[{"href":"https:\/\/www.ufsm.br\/pet\/comunicacao-social\/wp-json\/wp\/v2\/posts"}],"about":[{"href":"https:\/\/www.ufsm.br\/pet\/comunicacao-social\/wp-json\/wp\/v2\/types\/post"}],"author":[{"embeddable":true,"href":"https:\/\/www.ufsm.br\/pet\/comunicacao-social\/wp-json\/wp\/v2\/users\/6484"}],"replies":[{"embeddable":true,"href":"https:\/\/www.ufsm.br\/pet\/comunicacao-social\/wp-json\/wp\/v2\/comments?post=761"}],"version-history":[{"count":0,"href":"https:\/\/www.ufsm.br\/pet\/comunicacao-social\/wp-json\/wp\/v2\/posts\/761\/revisions"}],"wp:attachment":[{"href":"https:\/\/www.ufsm.br\/pet\/comunicacao-social\/wp-json\/wp\/v2\/media?parent=761"}],"wp:term":[{"taxonomy":"category","embeddable":true,"href":"https:\/\/www.ufsm.br\/pet\/comunicacao-social\/wp-json\/wp\/v2\/categories?post=761"},{"taxonomy":"post_tag","embeddable":true,"href":"https:\/\/www.ufsm.br\/pet\/comunicacao-social\/wp-json\/wp\/v2\/tags?post=761"}],"curies":[{"name":"wp","href":"https:\/\/api.w.org\/{rel}","templated":true}]}}