{"id":177,"date":"2025-05-27T17:34:07","date_gmt":"2025-05-27T20:34:07","guid":{"rendered":"https:\/\/www.ufsm.br\/pet\/educom-clima\/?p=177"},"modified":"2025-05-29T12:54:11","modified_gmt":"2025-05-29T15:54:11","slug":"quando-chove-la-fora","status":"publish","type":"post","link":"https:\/\/www.ufsm.br\/pet\/educom-clima\/2025\/05\/27\/quando-chove-la-fora","title":{"rendered":"Quando chove l\u00e1 fora"},"content":{"rendered":"\n<p><span style=\"font-weight: 400\">Escuto o barulho nas telhas, vejo clar\u00f5es l\u00e1 longe, sinto o vento come\u00e7ar a apertar. <\/span><i><span style=\"font-weight: 400\">Acho que vai chover<\/span><\/i><span style=\"font-weight: 400\">, diz minha melhor amiga, Helena, e minhas pernas come\u00e7am a tremer. Me for\u00e7o a sorrir e continuar com o assunto que est\u00e1vamos conversando \u2015 a prova de matem\u00e1tica de amanh\u00e3, que achamos complicada.<\/span><\/p>\n<p><b>Mas minha cabe\u00e7a volta naquele come\u00e7o de maio que mudou tudo.<\/b><span style=\"font-weight: 400\">\u00a0<\/span><\/p>\n<p><span style=\"font-weight: 400\">Helena vai embora antes que a chuva aperte e eu fico em casa sozinha. Bem, sozinha n\u00e3o\u2026 eu e minha amiga <\/span><i><span style=\"font-weight: 400\">chuva<\/span><\/i><span style=\"font-weight: 400\">. Minha respira\u00e7\u00e3o come\u00e7a a falhar, minhas m\u00e3os come\u00e7am a suar. <\/span><i><span style=\"font-weight: 400\">De novo, n\u00e3o\u2026 De novo, n\u00e3o<\/span><\/i><span style=\"font-weight: 400\">, eu penso. Mas n\u00e3o tem o que fazer.\u00a0<\/span><\/p>\n<p><b>Minha cabe\u00e7a volta naquele come\u00e7o de maio que mudou tudo.\u00a0<\/b><\/p>\n<p><span style=\"font-weight: 400\">Estava em casa, depois da escola, brincando com minha irm\u00e3 mais nova, quando come\u00e7ou a chover. S\u00f3 v\u00edamos os raios pela janela e o vento nas \u00e1rvores. Minha m\u00e3e mandou a gente para o banho, antes que faltasse luz ou \u00e1gua (ou os dois) \u2015 porque aqui sempre falta luz ou \u00e1gua (ou os dois), quando chove.\u00a0<\/span><\/p>\n<p><span style=\"font-weight: 400\">Conseguimos tomar banho aquele dia. Tamb\u00e9m foi o \u00faltimo dia naquela semana que conseguimos tomar banho. Na madrugada daquele come\u00e7o de maio, a luz caiu. Acordei assustada, com a chuva batendo forte na janela e s\u00f3 os rel\u00e2mpagos iluminando o quarto. Voltei a dormir \u2015 ou pelo menos tentei.\u00a0 No outro dia parecia tudo igual. Os outros dias pareciam todos iguais.\u00a0<\/span><\/p>\n<p style=\"text-align: center\"><span style=\"font-weight: 400\">Chuva forte (muita chuva) batendo na janela e vento, (muito vento).\u00a0<\/span><\/p>\n<p style=\"text-align: center\"><span style=\"font-weight: 400\">Chuva forte (muita chuva) batendo na janela e vento, (muito vento).\u00a0<\/span><\/p>\n<p><span style=\"font-weight: 400\">Parecia que nada mudava, um <\/span><i><span style=\"font-weight: 400\">loop <\/span><\/i><span style=\"font-weight: 400\">infinito de chuva e vento. Algumas horas o sinal voltava e minha m\u00e3e, preocupada, conseguia falar com algu\u00e9m. Naquelas liga\u00e7\u00f5es r\u00e1pidas, conseguimos falar com meu pai.\u00a0<\/span><\/p>\n<p><b>Ele n\u00e3o tinha voltado do trabalho desde o dia em que a chuva tinha chegado.\u00a0<\/b><\/p>\n<p><span style=\"font-weight: 400\">Ele nos falou para ficar em casa, que estava muito ruim na rua. Algumas casas pr\u00f3ximas ao rio estavam sendo arrastadas pela \u00e1gua. <\/span><i><span style=\"font-weight: 400\">Eu amo voc\u00eas<\/span><\/i><span style=\"font-weight: 400\">, foi a \u00faltima coisa que ouvimos antes da liga\u00e7\u00e3o cair.\u00a0<\/span><\/p>\n<p><b>Ele n\u00e3o voltou do trabalho desde o dia em que a chuva chegou.<\/b><\/p>\n<p><span style=\"font-weight: 400\">Aquelas lembran\u00e7as, daquele come\u00e7o de maio que mudou tudo, vinham na minha cabe\u00e7a sempre que chovia. N\u00e3o contei para ningu\u00e9m. Nem a minha m\u00e3e, nem a minha av\u00f3, nem a minha irm\u00e3\u2026 Contei somente ao meu pai. Sempre que chovia, eu pensava nele. E acabava chovendo junto.<\/span><\/p>\n<p><span style=\"font-weight: 400\">Meu pai amava chuva. Ele cresceu na ro\u00e7a, ajudando meus av\u00f3s e os cinco irm\u00e3os a plantar e a colher. Chuva, para eles, era b\u00ean\u00e7\u00e3o. Para n\u00f3s, agora, \u00e9 terror.\u00a0<\/span><\/p>\n<p><strong>Terror de abrir os olhos e ver a \u00e1gua caindo sem parar.\u00a0<\/strong><\/p>\n<p><strong>Terror de ver o rio transbordar.\u00a0<\/strong><\/p>\n<p><strong>Terror de n\u00e3o ter onde parar.\u00a0<\/strong><\/p>\n<p><strong>Terror de, de novo, mais algu\u00e9m n\u00e3o voltar.\u00a0<\/strong><\/p>\n<p><span style=\"font-weight: 400\">Naquele dia, no entanto, a chuva n\u00e3o veio. O barulho nas telhas acalmou, os clar\u00f5es pararam e o vento descansou. Eu respirei aliviada. Se n\u00e3o chovia l\u00e1 fora, n\u00e3o chovia aqui dentro.\u00a0<\/span><\/p>\n<p><span style=\"font-weight: 400\">Era hora de voltar a pensar na prova de matem\u00e1tica.\u00a0<\/span><\/p>\n<p>\u00a0<\/p>\n<p>Por Bruna Einecke | Bolsista PET Educom Clima<\/p>\n<p>*Essa cr\u00f4nica foi inspirada na viv\u00eancia de uma pessoa afetada pelas enchentes.\u00a0<\/p>\n<h3>Saiba Mais<\/h3>\n<p><a href=\"https:\/\/www.brasildefato.com.br\/2025\/04\/17\/ansiedade-transtorno-e-depressao-o-grito-silenciado-da-saude-mental-pos-enchente-no-rs\/\"><span style=\"font-weight: 400\">Ansiedade, transtorno e depress\u00e3o, o grito silenciado da sa\u00fade mental p\u00f3s enchentes no RS<\/span><\/a><\/p>\n<p><a href=\"https:\/\/www.bbc.com\/portuguese\/articles\/c51nljg9ylno\"><span style=\"font-weight: 400\">&#8216;Barulho da chuva me deixa desesperada&#8217;: v\u00edtimas de enchentes podem ter mesmo transtorno dos sobreviventes de guerra<\/span><\/a><\/p>\n<p><a href=\"https:\/\/g1.globo.com\/rs\/rio-grande-do-sul\/noticia\/2024\/05\/17\/ecoansiedade-psicologos-explicam-como-lidar-com-efeitos-causados-nas-populacoes-do-rs-atingidas-por-enchentes.ghtml\"><span style=\"font-weight: 400\">Ecoansiedade: psic\u00f3logos explicam como lidar com efeitos causados nas popula\u00e7\u00f5es do RS atingidas por enchentes | Rio Grande do Sul | G1<\/span><\/a><\/p>\n<p><a href=\"https:\/\/www.brasildefato.com.br\/2025\/05\/16\/apatia-climatica-um-ano-das-enchentes-no-rio-grande-do-sul\/\"><span style=\"font-weight: 400\">Apatia clim\u00e1tica: um ano das enchentes no Rio Grande do Sul<\/span><\/a><\/p>\n<p><a href=\"https:\/\/noticias.uol.com.br\/cotidiano\/ultimas-noticias\/2024\/05\/03\/nao-quero-voltar-para-minha-casa-diz-morador-de-irai-apos-enchente-no-rs.htm#:~:text=Os%20moradores%20de%20Ira%C3%AD%2C%20cidade,o%20centro%20da%20cidade%20submerso\"><span style=\"font-weight: 400\">Chuvas no RS: &#8216;Perdi tudo, n\u00e3o quero ir para casa&#8217;<\/span><\/a><span style=\"font-weight: 400\">.<\/span><\/p>\n<p><a href=\"https:\/\/www.cnnbrasil.com.br\/saude\/enchentes-no-rs-trazem-risco-a-saude-mental-da-populacao-veja-como-obter-ajuda\/\"><span style=\"font-weight: 400\">Enchentes no RS trazem risco \u00e0 sa\u00fade mental da popula\u00e7\u00e3o; veja como obter ajuda<\/span><\/a><\/p>\n<p>\u00a0<\/p>\n","protected":false},"excerpt":{"rendered":"<p>Escuto o barulho nas telhas, vejo clar\u00f5es l\u00e1 longe, sinto o vento come\u00e7ar a apertar. Acho que vai chover, diz minha melhor amiga, Helena, e minhas pernas come\u00e7am a tremer. Me for\u00e7o a sorrir e continuar com o assunto que est\u00e1vamos conversando \u2015 a prova de matem\u00e1tica de amanh\u00e3, que achamos complicada. Mas minha cabe\u00e7a [&hellip;]<\/p>\n","protected":false},"author":8455,"featured_media":179,"comment_status":"closed","ping_status":"closed","sticky":false,"template":"","format":"standard","meta":{"footnotes":""},"categories":[19],"tags":[],"class_list":["post-177","post","type-post","status-publish","format-standard","has-post-thumbnail","hentry","category-reportagem-especial"],"acf":[],"_links":{"self":[{"href":"https:\/\/www.ufsm.br\/pet\/educom-clima\/wp-json\/wp\/v2\/posts\/177","targetHints":{"allow":["GET"]}}],"collection":[{"href":"https:\/\/www.ufsm.br\/pet\/educom-clima\/wp-json\/wp\/v2\/posts"}],"about":[{"href":"https:\/\/www.ufsm.br\/pet\/educom-clima\/wp-json\/wp\/v2\/types\/post"}],"author":[{"embeddable":true,"href":"https:\/\/www.ufsm.br\/pet\/educom-clima\/wp-json\/wp\/v2\/users\/8455"}],"replies":[{"embeddable":true,"href":"https:\/\/www.ufsm.br\/pet\/educom-clima\/wp-json\/wp\/v2\/comments?post=177"}],"version-history":[{"count":0,"href":"https:\/\/www.ufsm.br\/pet\/educom-clima\/wp-json\/wp\/v2\/posts\/177\/revisions"}],"wp:featuredmedia":[{"embeddable":true,"href":"https:\/\/www.ufsm.br\/pet\/educom-clima\/wp-json\/wp\/v2\/media\/179"}],"wp:attachment":[{"href":"https:\/\/www.ufsm.br\/pet\/educom-clima\/wp-json\/wp\/v2\/media?parent=177"}],"wp:term":[{"taxonomy":"category","embeddable":true,"href":"https:\/\/www.ufsm.br\/pet\/educom-clima\/wp-json\/wp\/v2\/categories?post=177"},{"taxonomy":"post_tag","embeddable":true,"href":"https:\/\/www.ufsm.br\/pet\/educom-clima\/wp-json\/wp\/v2\/tags?post=177"}],"curies":[{"name":"wp","href":"https:\/\/api.w.org\/{rel}","templated":true}]}}