{"id":190,"date":"2025-05-29T17:09:43","date_gmt":"2025-05-29T20:09:43","guid":{"rendered":"https:\/\/www.ufsm.br\/pet\/educom-clima\/?p=190"},"modified":"2025-05-29T17:09:45","modified_gmt":"2025-05-29T20:09:45","slug":"o-que-a-agua-levou","status":"publish","type":"post","link":"https:\/\/www.ufsm.br\/pet\/educom-clima\/2025\/05\/29\/o-que-a-agua-levou","title":{"rendered":"O que a \u00e1gua levou"},"content":{"rendered":"\n<p><span style=\"font-weight: 400\">\u00c9 a terceira vez que desisto dela. Vou e volto na esperan\u00e7a de que as coisas mudem. Vivo feliz, fa\u00e7o minhas coisas e\u2026 de repente\u2026 tudo est\u00e1 embaixo d&#8217;\u00e1gua novamente. Via todos os dias o rio descer e subir, assim como minha ansiedade. Pelo apego n\u00f3s nos submetemos a coisas que nos fazem mal. Aquela casa tinha todas minhas coisas e mem\u00f3rias. Tudo se foi junto com a \u00e1gua como se fosse nada.&nbsp;<\/span><\/p>\n<p><span style=\"font-weight: 400\">Tem gente que ainda n\u00e3o acredita nas mudan\u00e7as clim\u00e1ticas. Quero ver elas sentirem na pele, na carne. Quando perdi tudo tamb\u00e9m n\u00e3o quis acreditar, mas depois tive que encarar a realidade.&nbsp;<\/span><\/p>\n<p><span style=\"font-weight: 400\">Dormir em alojamento n\u00e3o \u00e9 pra qualquer um. Sem privacidade, todos vivendo a mesma situa\u00e7\u00e3o, mas ningu\u00e9m se conhece. Nem eu mesma me conhecia, quem dir\u00e1 aquelas pessoas. Ganhei um colch\u00e3o, cobertores e roupas de doa\u00e7\u00e3o. Estava frio e tive sorte de tudo aquilo me servir. \u00c0s vezes as coisas n\u00e3o cabem em todos. Assim como a culpa do rio ter subido e ter nos deixado sem teto. Essa culpa ningu\u00e9m quer que sirva.&nbsp;<\/span><\/p>\n<p><span style=\"font-weight: 400\">Nenhuma das empresas que jogam res\u00edduos no rio se voluntariaram para nos ajudar. Nenhuma delas se culpabiliza por n\u00e3o termos mais onde morar. E nenhuma delas vai mudar sua forma de agir com a natureza. Nenhuma delas foi afetada com isso tudo diretamente, assim fica f\u00e1cil n\u00e3o se importar.&nbsp;<\/span><\/p>\n<p><span style=\"font-weight: 400\">As coisas est\u00e3o voltando ao normal aos poucos. Com o tempo a gente vai aprendendo a n\u00e3o se apegar tanto ao material. Aqui no norte do estado foi mais tranquilo que na regi\u00e3o metropolitana. Mesmo longe conseguimos compartilhar o mesmo sentimento, talvez de formas diferentes. Mas \u00e9 bom saber que n\u00e3o estamos sozinhos.&nbsp;<\/span><\/p>\n<p>&nbsp;<\/p>\n<p><span style=\"font-weight: 400\">Por Raquel Teixeira Pereira | Bolsista PET Educom Clima<\/span><\/p>\n<p>*<span style=\"font-weight: 400\">O Rio Grande do Sul ultrapassou a marca de 2 milh\u00f5es de pessoas afetadas em 446 munic\u00edpios. Os n\u00fameros oficiais tamb\u00e9m mostravam que 537 mil tiveram que deixar suas casas e 81 mil estavam alojadas em abrigos. Essa cr\u00f4nica foi inspirada na viv\u00eancia de uma pessoa afetada pela enchente. <\/span><\/p>\n<h3>Saiba Mais<\/h3>\n<p><a href=\"https:\/\/www.bbc.com\/portuguese\/articles\/cd1qwpg3z77o#:~:text=As%20autoridades%20locais%20contabilizavam%20136,mil%20estavam%20alojadas%20em%20abrigos\"><span style=\"font-weight: 400\">Inunda\u00e7\u00f5es no Rio Grande do Sul: a cronologia da trag\u00e9dia &#8211; BBC News Brasil<\/span><\/a><span style=\"font-weight: 400\">.&nbsp;<\/span><\/p>\n<p><a href=\"https:\/\/www.brasildefato.com.br\/2025\/04\/17\/ansiedade-transtorno-e-depressao-o-grito-silenciado-da-saude-mental-pos-enchente-no-rs\/\"><span style=\"font-weight: 400\">Ansiedade, transtorno e depress\u00e3o: o grito silenciado da sa\u00fade mental p\u00f3s-enchente no RS \u2013 Brasil de Fato<\/span><\/a><span style=\"font-weight: 400\">&nbsp;<\/span><\/p>\n<p><a href=\"https:\/\/noticias.uol.com.br\/cotidiano\/ultimas-noticias\/2024\/05\/03\/nao-quero-voltar-para-minha-casa-diz-morador-de-irai-apos-enchente-no-rs.htm\"><span style=\"font-weight: 400\">Chuvas no RS: &#8216;Perdi tudo, n\u00e3o quero ir para casa&#8217;<\/span><\/a><\/p>\n<p><a href=\"https:\/\/www.brasildefato.com.br\/2025\/04\/25\/a-espera-da-chave-atingidos-seguem-sonhando-com-um-novo-lar-um-ano-apos-enchente-no-rs-que-destruiu-100-mil-casas\/\"><span style=\"font-weight: 400\">\u00c0 espera da chave: atingidos seguem sonhando com um novo lar um ano ap\u00f3s enchente no RS que destruiu 100 mil casas<\/span><\/a><span style=\"font-weight: 400\">&nbsp;<\/span><\/p>\n<p>&nbsp;<\/p>\n\n\n\n<blockquote class=\"wp-block-quote is-layout-flow wp-block-quote-is-layout-flow\">\n<p>\u201cEm outubro, ap\u00f3s a terceira enchente, decidi morar com a minha tia por um curto per\u00edodo. No final do ano, vi o rio subir e descer tantas vezes, e agora a minha casa est\u00e1 completamente embaixo d&#8217;\u00e1gua. N\u00e3o quero mais voltar para l\u00e1, alugarei outra\u201d&nbsp;<\/p>\n\n\n\n<p>Depoimento de uma v\u00edtima da enchente para o site de not\u00edcias UOL\u00a0<\/p>\n<p>\u00a0<\/p>\n<\/blockquote>\n\n\n\n<figure class=\"wp-block-image size-full is-resized\"><img fetchpriority=\"high\" decoding=\"async\" width=\"750\" height=\"421\" src=\"https:\/\/www.ufsm.br\/app\/uploads\/sites\/955\/2025\/05\/WhatsApp-Image-2025-05-27-at-23.08.19-1.jpeg\" alt=\"\" class=\"wp-image-192\" style=\"width:1448px;height:auto\" srcset=\"https:\/\/www.ufsm.br\/app\/uploads\/sites\/955\/2025\/05\/WhatsApp-Image-2025-05-27-at-23.08.19-1.jpeg 750w, https:\/\/www.ufsm.br\/app\/uploads\/sites\/955\/2025\/05\/WhatsApp-Image-2025-05-27-at-23.08.19-1-300x168.jpeg 300w\" sizes=\"(max-width: 750px) 100vw, 750px\" \/><figcaption class=\"wp-element-caption\">N\u00edvel do rio Uruguai subiu quase 13 metros | Imagem: Vin\u00edcius Chequim\/Cidade Regional<\/figcaption><\/figure>\n","protected":false},"excerpt":{"rendered":"<p>\u00c9 a terceira vez que desisto dela. Vou e volto na esperan\u00e7a de que as coisas mudem. Vivo feliz, fa\u00e7o minhas coisas e\u2026 de repente\u2026 tudo est\u00e1 embaixo d&#8217;\u00e1gua novamente. Via todos os dias o rio descer e subir, assim como minha ansiedade. Pelo apego n\u00f3s nos submetemos a coisas que nos fazem mal. Aquela [&hellip;]<\/p>\n","protected":false},"author":8153,"featured_media":191,"comment_status":"closed","ping_status":"closed","sticky":false,"template":"","format":"standard","meta":{"footnotes":""},"categories":[19],"tags":[],"class_list":["post-190","post","type-post","status-publish","format-standard","has-post-thumbnail","hentry","category-reportagem-especial"],"acf":[],"_links":{"self":[{"href":"https:\/\/www.ufsm.br\/pet\/educom-clima\/wp-json\/wp\/v2\/posts\/190","targetHints":{"allow":["GET"]}}],"collection":[{"href":"https:\/\/www.ufsm.br\/pet\/educom-clima\/wp-json\/wp\/v2\/posts"}],"about":[{"href":"https:\/\/www.ufsm.br\/pet\/educom-clima\/wp-json\/wp\/v2\/types\/post"}],"author":[{"embeddable":true,"href":"https:\/\/www.ufsm.br\/pet\/educom-clima\/wp-json\/wp\/v2\/users\/8153"}],"replies":[{"embeddable":true,"href":"https:\/\/www.ufsm.br\/pet\/educom-clima\/wp-json\/wp\/v2\/comments?post=190"}],"version-history":[{"count":0,"href":"https:\/\/www.ufsm.br\/pet\/educom-clima\/wp-json\/wp\/v2\/posts\/190\/revisions"}],"wp:featuredmedia":[{"embeddable":true,"href":"https:\/\/www.ufsm.br\/pet\/educom-clima\/wp-json\/wp\/v2\/media\/191"}],"wp:attachment":[{"href":"https:\/\/www.ufsm.br\/pet\/educom-clima\/wp-json\/wp\/v2\/media?parent=190"}],"wp:term":[{"taxonomy":"category","embeddable":true,"href":"https:\/\/www.ufsm.br\/pet\/educom-clima\/wp-json\/wp\/v2\/categories?post=190"},{"taxonomy":"post_tag","embeddable":true,"href":"https:\/\/www.ufsm.br\/pet\/educom-clima\/wp-json\/wp\/v2\/tags?post=190"}],"curies":[{"name":"wp","href":"https:\/\/api.w.org\/{rel}","templated":true}]}}