{"id":98,"date":"2025-03-19T08:50:43","date_gmt":"2025-03-19T11:50:43","guid":{"rendered":"https:\/\/www.ufsm.br\/pet\/educom-clima\/?p=98"},"modified":"2025-04-29T11:27:45","modified_gmt":"2025-04-29T14:27:45","slug":"o-impacto-das-mudancas-climaticas-nas-cidades-brasileiras","status":"publish","type":"post","link":"https:\/\/www.ufsm.br\/pet\/educom-clima\/2025\/03\/19\/o-impacto-das-mudancas-climaticas-nas-cidades-brasileiras","title":{"rendered":"Os impactos das mudan\u00e7as clim\u00e1ticas nas cidades brasileiras"},"content":{"rendered":"\n<p><span style=\"font-weight: 400\">As mudan\u00e7as clim\u00e1ticas t\u00eam causado, cada vez mais, impactos para os seres humanos e, infelizmente, os brasileiros est\u00e3o ainda mais familiarizados com essa realidade.&nbsp; Em pesquisa recente do <\/span><i><span style=\"font-weight: 400\">Datafolha<\/span><\/i><span style=\"font-weight: 400\">, quase a totalidade dos entrevistados (97%) afirmaram sentir as mudan\u00e7as clim\u00e1ticas no dia a dia e quase 77% disseram ter passado por algum fen\u00f4meno clim\u00e1tico recentemente. Os principais eventos vivenciados pelos entrevistados foram o calor extremo, seguido por chuvas intensas ou tempestades e situa\u00e7\u00e3o de secas extremas.&nbsp;<\/span><\/p>\n<p><span style=\"font-weight: 400\">Em nosso pa\u00eds que, segundo dados do IBGE, mais de 87% da popula\u00e7\u00e3o vive em \u00e1reas urbanas, as diferen\u00e7as sociais s\u00e3o decisivas para entender quem mais sofre com as mudan\u00e7as clim\u00e1ticas. As cidades brasileiras, marcadas pela r\u00e1pida urbaniza\u00e7\u00e3o e sem planejamento adequado, levam a uma ocupa\u00e7\u00e3o de espa\u00e7os indevidos e \u00e1reas de risco pela popula\u00e7\u00e3o mais pobre. Essa popula\u00e7\u00e3o que est\u00e1 mais vulner\u00e1vel aos impactos clim\u00e1ticos como deslizamentos, enchentes e ilhas de calor.<\/span><\/p>\n\n\n\n<figure class=\"wp-block-image size-full\"><img fetchpriority=\"high\" decoding=\"async\" width=\"1022\" height=\"767\" src=\"https:\/\/www.ufsm.br\/app\/uploads\/sites\/955\/2025\/03\/mg_0241.jpg\" alt=\"\" class=\"wp-image-159\" srcset=\"https:\/\/www.ufsm.br\/app\/uploads\/sites\/955\/2025\/03\/mg_0241.jpg 1022w, https:\/\/www.ufsm.br\/app\/uploads\/sites\/955\/2025\/03\/mg_0241-300x225.jpg 300w, https:\/\/www.ufsm.br\/app\/uploads\/sites\/955\/2025\/03\/mg_0241-768x576.jpg 768w\" sizes=\"(max-width: 1022px) 100vw, 1022px\" \/><figcaption class=\"wp-element-caption\">Bairro Passo de Estrela, onde todas casas foram destru\u00eddas pela enchente de abril 2024. Foto: Jo\u00e9dson Alves\/Ag\u00eancia Brasil &#8211; Cruzeiro do sul (RS), 27\/04\/2025<\/figcaption><\/figure>\n\n\n\n<p><span style=\"font-weight: 400\">As chamadas \u201cilhas de calor\u201d s\u00e3o um fen\u00f4meno clim\u00e1tico que ocorre nas cidades, onde o calor se intensifica devido a alta densidade urbana e poucas \u00e1reas verdes. Mas a chuva n\u00e3o \u00e9 a salva\u00e7\u00e3o que se espera, porque o aumento das chuvas intensas traz grandes riscos. Nas favelas e bairros perif\u00e9ricos, os perigos dos deslizamentos de terra s\u00e3o reais. Com a retirada da vegeta\u00e7\u00e3o nativa, que iria drenar a \u00e1gua e estabilizar o solo, para realoca\u00e7\u00e3o da popula\u00e7\u00e3o de baixa renda, as encostas dos morros perdem a sua prote\u00e7\u00e3o natural e est\u00e3o sujeitas aos deslizamentos. Com a chuva ainda h\u00e1 outro risco: as enchentes. Os escoamentos de \u00e1guas de grandes \u00e1reas, sobrecarregadas e antigas, n\u00e3o conseguem lidar com um volume de \u00e1gua t\u00e3o intenso e assim resultam em alagamentos e inunda\u00e7\u00f5es.<\/span><\/p>\n<p><span style=\"font-weight: 400\">Para o enfrentamento dos impactos das mudan\u00e7as clim\u00e1ticas nas cidades brasileiras, \u00e9 preciso do esfor\u00e7o conjunto, de uma a\u00e7\u00e3o mobilizadora, entre diversos \u00e2mbitos da sociedade. Precisamos que n\u00f3s, como sociedade, repensemos nossos h\u00e1bitos de consumo e rela\u00e7\u00e3o com a natureza. Precisamos que mais \u00e1reas verdes sejam plantadas nas \u00e1reas urbanas. E, acima de tudo, precisamos que mais pol\u00edticas p\u00fablicas assistam pessoas em vulnerabilidade social. Pois, como o ge\u00f3grafo Wagner Ribeiro diz \u201csomente com habita\u00e7\u00e3o segura, bem edificada e em local correto ser\u00e3o eliminados os efeitos mais perversos das mudan\u00e7as clim\u00e1ticas no Brasil.\u201d\u00a0<\/span><\/p>\n<p>Bruna Einecke | Bolsista PET Educom Clima<\/p>\n\n\n\n\n","protected":false},"excerpt":{"rendered":"<p>As mudan\u00e7as clim\u00e1ticas t\u00eam causado, cada vez mais, impactos para os seres humanos e, infelizmente, os brasileiros est\u00e3o ainda mais familiarizados com essa realidade.&nbsp; Em pesquisa recente do Datafolha, quase a totalidade dos entrevistados (97%) afirmaram sentir as mudan\u00e7as clim\u00e1ticas no dia a dia e quase 77% disseram ter passado por algum fen\u00f4meno clim\u00e1tico recentemente. [&hellip;]<\/p>\n","protected":false},"author":8455,"featured_media":159,"comment_status":"closed","ping_status":"closed","sticky":false,"template":"","format":"standard","meta":{"footnotes":""},"categories":[17],"tags":[],"class_list":["post-98","post","type-post","status-publish","format-standard","has-post-thumbnail","hentry","category-materias"],"acf":[],"_links":{"self":[{"href":"https:\/\/www.ufsm.br\/pet\/educom-clima\/wp-json\/wp\/v2\/posts\/98","targetHints":{"allow":["GET"]}}],"collection":[{"href":"https:\/\/www.ufsm.br\/pet\/educom-clima\/wp-json\/wp\/v2\/posts"}],"about":[{"href":"https:\/\/www.ufsm.br\/pet\/educom-clima\/wp-json\/wp\/v2\/types\/post"}],"author":[{"embeddable":true,"href":"https:\/\/www.ufsm.br\/pet\/educom-clima\/wp-json\/wp\/v2\/users\/8455"}],"replies":[{"embeddable":true,"href":"https:\/\/www.ufsm.br\/pet\/educom-clima\/wp-json\/wp\/v2\/comments?post=98"}],"version-history":[{"count":0,"href":"https:\/\/www.ufsm.br\/pet\/educom-clima\/wp-json\/wp\/v2\/posts\/98\/revisions"}],"wp:featuredmedia":[{"embeddable":true,"href":"https:\/\/www.ufsm.br\/pet\/educom-clima\/wp-json\/wp\/v2\/media\/159"}],"wp:attachment":[{"href":"https:\/\/www.ufsm.br\/pet\/educom-clima\/wp-json\/wp\/v2\/media?parent=98"}],"wp:term":[{"taxonomy":"category","embeddable":true,"href":"https:\/\/www.ufsm.br\/pet\/educom-clima\/wp-json\/wp\/v2\/categories?post=98"},{"taxonomy":"post_tag","embeddable":true,"href":"https:\/\/www.ufsm.br\/pet\/educom-clima\/wp-json\/wp\/v2\/tags?post=98"}],"curies":[{"name":"wp","href":"https:\/\/api.w.org\/{rel}","templated":true}]}}