{"id":570,"date":"2022-01-25T10:59:08","date_gmt":"2022-01-25T13:59:08","guid":{"rendered":"https:\/\/www.ufsm.br\/pet\/engenharia-florestal\/?p=570"},"modified":"2022-08-01T19:48:24","modified_gmt":"2022-08-01T22:48:24","slug":"voce-sabia-mudancas-climaticas","status":"publish","type":"post","link":"https:\/\/www.ufsm.br\/pet\/engenharia-florestal\/2022\/01\/25\/voce-sabia-mudancas-climaticas","title":{"rendered":"Voc\u00ea sabia?: Mudan\u00e7as clim\u00e1ticas"},"content":{"rendered":"\n<p>\u00a0<\/p>\n<p><img fetchpriority=\"high\" decoding=\"async\" class=\"alignnone wp-image-569 size-full\" src=\"https:\/\/www.ufsm.br\/app\/uploads\/sites\/778\/2022\/01\/Capa-para-SITE.jpg\" alt=\"\" width=\"1920\" height=\"960\" srcset=\"https:\/\/www.ufsm.br\/app\/uploads\/sites\/778\/2022\/01\/Capa-para-SITE.jpg 1920w, https:\/\/www.ufsm.br\/app\/uploads\/sites\/778\/2022\/01\/Capa-para-SITE-300x150.jpg 300w, https:\/\/www.ufsm.br\/app\/uploads\/sites\/778\/2022\/01\/Capa-para-SITE-1024x512.jpg 1024w, https:\/\/www.ufsm.br\/app\/uploads\/sites\/778\/2022\/01\/Capa-para-SITE-768x384.jpg 768w, https:\/\/www.ufsm.br\/app\/uploads\/sites\/778\/2022\/01\/Capa-para-SITE-1536x768.jpg 1536w\" sizes=\"(max-width: 1920px) 100vw, 1920px\" \/><\/p>\n<p>A crise clim\u00e1tica n\u00e3o \u00e9 mais uma preocupa\u00e7\u00e3o futura, em muitas partes do mundo, ela j\u00e1 come\u00e7ou. Milh\u00f5es de pessoas vivem com temperaturas extremas, enfrentando uma amea\u00e7a crescente de enchentes ou at\u00e9 mesmo de\u00a0inc\u00eandios florestais. A temperatura da Terra aumentou 0,07 \u00b0C a cada d\u00e9cada desde o final do s\u00e9culo XIX, um aumento que tem sido associado \u00e0 queima em massa de combust\u00edveis f\u00f3sseis, em destaque a queima do petr\u00f3leo e do carv\u00e3o mineral, al\u00e9m do agravamento do desmatamento.<\/p>\n<p>Conforme a Confer\u00eancia das Na\u00e7\u00f5es Unidas sobre as Mudan\u00e7as Clim\u00e1ticas de 2021 (COP 26), realizada em Glasgow, na Esc\u00f3cia, h\u00e1 um apelo pela redu\u00e7\u00e3o de 45% das emiss\u00f5es globais at\u00e9 o final da d\u00e9cada visando a redu\u00e7\u00e3o de 1,5\u00b0C da temperatura m\u00e9dia do planeta. Em rela\u00e7\u00e3o a este assunto, o Brasil assumiu alguns compromissos. O primeiro deles foi a revis\u00e3o das NDCs que visa a tentativa de tornar-se um pa\u00eds carbono neutro at\u00e9 2050 e cortar em 50% as emiss\u00f5es de carbono at\u00e9 2030. Conforme o Governo Federal, para que essa meta seja alcan\u00e7ada as compensa\u00e7\u00f5es acontecer\u00e3o por meio do mercado de carbono que atrela os cr\u00e9ditos de carbono a projetos de redu\u00e7\u00e3o ou remo\u00e7\u00e3o de GEE (gases de efeito estufa) da atmosfera. A redu\u00e7\u00e3o \u00e9 convertida em t\u00edtulos que s\u00e3o negociados com governos, empresas ou pessoas f\u00edsicas que possuem metas de redu\u00e7\u00e3o das emiss\u00f5es. O cr\u00e9dito de carbono equivale a uma tonelada de di\u00f3xido de carbono, um dos principais GEE.\u00a0<\/p>\n<p>A segunda meta \u00e9 a redu\u00e7\u00e3o em 30% da emiss\u00e3o de metano at\u00e9 o final desta\u00a0d\u00e9cada, mas o que dificulta essa redu\u00e7\u00e3o s\u00e3o os rebanhos bovinos, que s\u00e3o respons\u00e1veis por 70% das emiss\u00f5es de metano. Juntamente com outros pa\u00edses, o fim do desmatamento est\u00e1 planejado at\u00e9 2030, com a mobiliza\u00e7\u00e3o de 19,2 bilh\u00f5es de d\u00f3lares para esse esfor\u00e7o, embora estas metas tornam-se cada vez mais dif\u00edceis de serem alcan\u00e7adas, j\u00e1 que o cen\u00e1rio atual encontra-se em estado cr\u00edtico. Contudo, nossa esperan\u00e7a n\u00e3o se esgota.\u00a0 #GOPLANET\u00a0<\/p>\n<p>\u00a0<\/p>\n","protected":false},"excerpt":{"rendered":"<p>\u00a0 A crise clim\u00e1tica n\u00e3o \u00e9 mais uma preocupa\u00e7\u00e3o futura, em muitas partes do mundo, ela j\u00e1 come\u00e7ou. Milh\u00f5es de pessoas vivem com temperaturas extremas, enfrentando uma amea\u00e7a crescente de enchentes ou at\u00e9 mesmo de\u00a0inc\u00eandios florestais. A temperatura da Terra aumentou 0,07 \u00b0C a cada d\u00e9cada desde o final do s\u00e9culo XIX, um aumento que [&hellip;]<\/p>\n","protected":false},"author":4425,"featured_media":596,"comment_status":"closed","ping_status":"closed","sticky":false,"template":"","format":"standard","meta":{"footnotes":""},"categories":[11,28],"tags":[36,37,32,31],"class_list":["post-570","post","type-post","status-publish","format-standard","has-post-thumbnail","hentry","category-noticias","category-projetos","tag-educomunicacao","tag-mudancas-climaticas","tag-projetos","tag-voce-sabia"],"acf":[],"_links":{"self":[{"href":"https:\/\/www.ufsm.br\/pet\/engenharia-florestal\/wp-json\/wp\/v2\/posts\/570","targetHints":{"allow":["GET"]}}],"collection":[{"href":"https:\/\/www.ufsm.br\/pet\/engenharia-florestal\/wp-json\/wp\/v2\/posts"}],"about":[{"href":"https:\/\/www.ufsm.br\/pet\/engenharia-florestal\/wp-json\/wp\/v2\/types\/post"}],"author":[{"embeddable":true,"href":"https:\/\/www.ufsm.br\/pet\/engenharia-florestal\/wp-json\/wp\/v2\/users\/4425"}],"replies":[{"embeddable":true,"href":"https:\/\/www.ufsm.br\/pet\/engenharia-florestal\/wp-json\/wp\/v2\/comments?post=570"}],"version-history":[{"count":0,"href":"https:\/\/www.ufsm.br\/pet\/engenharia-florestal\/wp-json\/wp\/v2\/posts\/570\/revisions"}],"wp:featuredmedia":[{"embeddable":true,"href":"https:\/\/www.ufsm.br\/pet\/engenharia-florestal\/wp-json\/wp\/v2\/media\/596"}],"wp:attachment":[{"href":"https:\/\/www.ufsm.br\/pet\/engenharia-florestal\/wp-json\/wp\/v2\/media?parent=570"}],"wp:term":[{"taxonomy":"category","embeddable":true,"href":"https:\/\/www.ufsm.br\/pet\/engenharia-florestal\/wp-json\/wp\/v2\/categories?post=570"},{"taxonomy":"post_tag","embeddable":true,"href":"https:\/\/www.ufsm.br\/pet\/engenharia-florestal\/wp-json\/wp\/v2\/tags?post=570"}],"curies":[{"name":"wp","href":"https:\/\/api.w.org\/{rel}","templated":true}]}}