{"id":813,"date":"2024-09-17T10:53:00","date_gmt":"2024-09-17T13:53:00","guid":{"rendered":"https:\/\/www.ufsm.br\/pet\/engenharia-florestal\/?p=813"},"modified":"2024-09-26T16:21:26","modified_gmt":"2024-09-26T19:21:26","slug":"pet-engenharia-florestal-promove-evento-integrado","status":"publish","type":"post","link":"https:\/\/www.ufsm.br\/pet\/engenharia-florestal\/2024\/09\/17\/pet-engenharia-florestal-promove-evento-integrado","title":{"rendered":"PET Engenharia Florestal promove Evento Integrado"},"content":{"rendered":"\t\t<div data-elementor-type=\"wp-post\" data-elementor-id=\"813\" class=\"elementor elementor-813\">\n\t\t\t\t\t\t<section class=\"elementor-section elementor-top-section elementor-element elementor-element-15dd768 elementor-section-boxed elementor-section-height-default elementor-section-height-default\" data-id=\"15dd768\" data-element_type=\"section\">\n\t\t\t\t\t\t<div class=\"elementor-container elementor-column-gap-default\">\n\t\t\t\t\t<div class=\"elementor-column elementor-col-100 elementor-top-column elementor-element elementor-element-8db877a\" data-id=\"8db877a\" data-element_type=\"column\">\n\t\t\t<div class=\"elementor-widget-wrap elementor-element-populated\">\n\t\t\t\t\t\t<div class=\"elementor-element elementor-element-4370edb elementor-widget elementor-widget-text-editor\" data-id=\"4370edb\" data-element_type=\"widget\" data-widget_type=\"text-editor.default\">\n\t\t\t\t<div class=\"elementor-widget-container\">\n\t\t\t\t\t\t\t<p>Na manh\u00e3 de 16 de setembro, segunda-feira, a UFSM\/FW foi palco de um evento essencial para a comunidade acad\u00eamica e ambientalista: Di\u00e1logos Sustent\u00e1veis: Caminhos para Enfrentar a Crise Clim\u00e1tica. Promovido pelo PET Engenharia Florestal,<br>o evento reuniu alunos e servidores do campus para uma discuss\u00e3o profunda e multidisciplinar sobre a crise clim\u00e1tica, com foco em solu\u00e7\u00f5es pr\u00e1ticas e sustent\u00e1veis.<\/p>\n<p>O encontro contou com palestras dos profissionais: Professor Doutor Rafaelo Balbinot, do Departamento de Engenharia Florestal da UFSM, e a Rela\u00e7\u00f5es P\u00fablicas Thays Wolfart, Analista de Comunica\u00e7\u00e3o e Marketing do Sicredi Conex\u00e3o. O Professor Rafaelo, coordenador do Laborat\u00f3rio de Manejo e Pol\u00edtica Florestal e membro ativo de programas de p\u00f3s-gradua\u00e7\u00e3o em Agronomia e Engenharia Florestal, trouxe \u00e0 tona as implica\u00e7\u00f5es ambientais atrav\u00e9s das ci\u00eancias rurais e florestais, enquanto Thays Wolfart abordou o papel da comunica\u00e7\u00e3o e do marketing na sensibiliza\u00e7\u00e3o e mobiliza\u00e7\u00e3o social para a causa clim\u00e1tica.<\/p>\n<p>O evento foi um espa\u00e7o para reflex\u00f5es urgentes sobre a crise ambiental, promovendo o di\u00e1logo entre as \u00e1reas de Agronomia, Engenharia Ambiental e Sanit\u00e1ria, Engenharia Florestal, Jornalismo e Rela\u00e7\u00f5es P\u00fablicas.<\/p><p>Imagens: Carol S\u00f4nego.<\/p>\t\t\t\t\t\t<\/div>\n\t\t\t\t<\/div>\n\t\t\t\t\t<\/div>\n\t\t<\/div>\n\t\t\t\t\t<\/div>\n\t\t<\/section>\n\t\t\t\t<section class=\"elementor-section elementor-top-section elementor-element elementor-element-34d189c elementor-section-boxed elementor-section-height-default elementor-section-height-default\" data-id=\"34d189c\" data-element_type=\"section\">\n\t\t\t\t\t\t<div class=\"elementor-container elementor-column-gap-default\">\n\t\t\t\t\t<div class=\"elementor-column elementor-col-100 elementor-top-column elementor-element elementor-element-b8f5e43\" data-id=\"b8f5e43\" data-element_type=\"column\">\n\t\t\t<div class=\"elementor-widget-wrap elementor-element-populated\">\n\t\t\t\t\t\t<div class=\"elementor-element elementor-element-c2eca21 elementor-arrows-position-inside elementor-pagination-position-outside elementor-widget elementor-widget-image-carousel\" data-id=\"c2eca21\" data-element_type=\"widget\" data-settings=\"{&quot;navigation&quot;:&quot;both&quot;,&quot;autoplay&quot;:&quot;yes&quot;,&quot;pause_on_hover&quot;:&quot;yes&quot;,&quot;pause_on_interaction&quot;:&quot;yes&quot;,&quot;autoplay_speed&quot;:5000,&quot;infinite&quot;:&quot;yes&quot;,&quot;speed&quot;:500}\" data-widget_type=\"image-carousel.default\">\n\t\t\t\t<div class=\"elementor-widget-container\">\n\t\t\t\t\t<div class=\"elementor-image-carousel-wrapper swiper\" dir=\"ltr\">\n\t\t\t<div class=\"elementor-image-carousel swiper-wrapper\" aria-live=\"off\">\n\t\t\t\t\t\t\t\t<div class=\"swiper-slide\" role=\"group\" aria-roledescription=\"slide\" aria-label=\"1 of 8\"><figure class=\"swiper-slide-inner\"><img decoding=\"async\" class=\"swiper-slide-image\" src=\"https:\/\/www.ufsm.br\/app\/uploads\/sites\/778\/2024\/09\/DSC_0273-768x512.jpg\" alt=\"DSC_0273\" \/><\/figure><\/div><div class=\"swiper-slide\" role=\"group\" aria-roledescription=\"slide\" aria-label=\"2 of 8\"><figure class=\"swiper-slide-inner\"><img decoding=\"async\" class=\"swiper-slide-image\" src=\"https:\/\/www.ufsm.br\/app\/uploads\/sites\/778\/2024\/09\/DSC_0018-1-768x512.jpg\" alt=\"DSC_0018 (1)\" \/><\/figure><\/div><div class=\"swiper-slide\" role=\"group\" aria-roledescription=\"slide\" aria-label=\"3 of 8\"><figure class=\"swiper-slide-inner\"><img decoding=\"async\" class=\"swiper-slide-image\" src=\"https:\/\/www.ufsm.br\/app\/uploads\/sites\/778\/2024\/09\/DSC_0092-768x512.jpg\" alt=\"DSC_0092\" \/><\/figure><\/div><div class=\"swiper-slide\" role=\"group\" aria-roledescription=\"slide\" aria-label=\"4 of 8\"><figure class=\"swiper-slide-inner\"><img decoding=\"async\" class=\"swiper-slide-image\" src=\"https:\/\/www.ufsm.br\/app\/uploads\/sites\/778\/2024\/09\/46-768x512.jpg\" alt=\"46\" \/><\/figure><\/div><div class=\"swiper-slide\" role=\"group\" aria-roledescription=\"slide\" aria-label=\"5 of 8\"><figure class=\"swiper-slide-inner\"><img decoding=\"async\" class=\"swiper-slide-image\" src=\"https:\/\/www.ufsm.br\/app\/uploads\/sites\/778\/2024\/09\/DSC_0138-768x512.jpg\" alt=\"DSC_0138\" \/><\/figure><\/div><div class=\"swiper-slide\" role=\"group\" aria-roledescription=\"slide\" aria-label=\"6 of 8\"><figure class=\"swiper-slide-inner\"><img decoding=\"async\" class=\"swiper-slide-image\" src=\"https:\/\/www.ufsm.br\/app\/uploads\/sites\/778\/2024\/09\/DSC_0085-768x512.jpg\" alt=\"DSC_0085\" \/><\/figure><\/div><div class=\"swiper-slide\" role=\"group\" aria-roledescription=\"slide\" aria-label=\"7 of 8\"><figure class=\"swiper-slide-inner\"><img decoding=\"async\" class=\"swiper-slide-image\" src=\"https:\/\/www.ufsm.br\/app\/uploads\/sites\/778\/2024\/09\/DSC_0110-768x512.jpg\" alt=\"DSC_0110\" \/><\/figure><\/div><div class=\"swiper-slide\" role=\"group\" aria-roledescription=\"slide\" aria-label=\"8 of 8\"><figure class=\"swiper-slide-inner\"><img decoding=\"async\" class=\"swiper-slide-image\" src=\"https:\/\/www.ufsm.br\/app\/uploads\/sites\/778\/2024\/09\/DSC_0265-768x512.jpg\" alt=\"DSC_0265\" \/><\/figure><\/div>\t\t\t<\/div>\n\t\t\t\t\t\t\t\t\t\t\t\t<div class=\"elementor-swiper-button elementor-swiper-button-prev\" role=\"button\" tabindex=\"0\">\n\t\t\t\t\t\t<i aria-hidden=\"true\" class=\"eicon-chevron-left\"><\/i>\t\t\t\t\t<\/div>\n\t\t\t\t\t<div class=\"elementor-swiper-button elementor-swiper-button-next\" role=\"button\" tabindex=\"0\">\n\t\t\t\t\t\t<i aria-hidden=\"true\" class=\"eicon-chevron-right\"><\/i>\t\t\t\t\t<\/div>\n\t\t\t\t\n\t\t\t\t\t\t\t\t\t<div class=\"swiper-pagination\"><\/div>\n\t\t\t\t\t\t\t\t\t<\/div>\n\t\t\t\t<\/div>\n\t\t\t\t<\/div>\n\t\t\t\t\t<\/div>\n\t\t<\/div>\n\t\t\t\t\t<\/div>\n\t\t<\/section>\n\t\t\t\t<\/div>\n\t\t","protected":false},"excerpt":{"rendered":"<p>Na manh\u00e3 de 16 de setembro, segunda-feira, a UFSM\/FW foi palco de um evento essencial para a comunidade acad\u00eamica e ambientalista: Di\u00e1logos Sustent\u00e1veis: Caminhos para Enfrentar a Crise Clim\u00e1tica. Promovido pelo PET Engenharia Florestal,o evento reuniu alunos e servidores do campus para uma discuss\u00e3o profunda e multidisciplinar sobre a crise clim\u00e1tica, com foco em solu\u00e7\u00f5es [&hellip;]<\/p>\n","protected":false},"author":6275,"featured_media":0,"comment_status":"closed","ping_status":"closed","sticky":false,"template":"","format":"standard","meta":{"footnotes":""},"categories":[1],"tags":[],"class_list":["post-813","post","type-post","status-publish","format-standard","hentry","category-sem-categoria"],"acf":[],"_links":{"self":[{"href":"https:\/\/www.ufsm.br\/pet\/engenharia-florestal\/wp-json\/wp\/v2\/posts\/813","targetHints":{"allow":["GET"]}}],"collection":[{"href":"https:\/\/www.ufsm.br\/pet\/engenharia-florestal\/wp-json\/wp\/v2\/posts"}],"about":[{"href":"https:\/\/www.ufsm.br\/pet\/engenharia-florestal\/wp-json\/wp\/v2\/types\/post"}],"author":[{"embeddable":true,"href":"https:\/\/www.ufsm.br\/pet\/engenharia-florestal\/wp-json\/wp\/v2\/users\/6275"}],"replies":[{"embeddable":true,"href":"https:\/\/www.ufsm.br\/pet\/engenharia-florestal\/wp-json\/wp\/v2\/comments?post=813"}],"version-history":[{"count":0,"href":"https:\/\/www.ufsm.br\/pet\/engenharia-florestal\/wp-json\/wp\/v2\/posts\/813\/revisions"}],"wp:attachment":[{"href":"https:\/\/www.ufsm.br\/pet\/engenharia-florestal\/wp-json\/wp\/v2\/media?parent=813"}],"wp:term":[{"taxonomy":"category","embeddable":true,"href":"https:\/\/www.ufsm.br\/pet\/engenharia-florestal\/wp-json\/wp\/v2\/categories?post=813"},{"taxonomy":"post_tag","embeddable":true,"href":"https:\/\/www.ufsm.br\/pet\/engenharia-florestal\/wp-json\/wp\/v2\/tags?post=813"}],"curies":[{"name":"wp","href":"https:\/\/api.w.org\/{rel}","templated":true}]}}