{"id":173,"date":"2014-09-23T04:12:53","date_gmt":"2014-09-23T04:12:53","guid":{"rendered":"http:\/\/w3.ufsm.br\/ceu2\/site\/?p=173"},"modified":"2014-09-23T04:12:53","modified_gmt":"2014-09-23T04:12:53","slug":"nota-de-apoio-aos-estudantes-da-ufpel","status":"publish","type":"post","link":"https:\/\/www.ufsm.br\/pro-reitorias\/prae\/ceu\/2014\/09\/23\/nota-de-apoio-aos-estudantes-da-ufpel","title":{"rendered":"NOTA DE APOIO AOS ESTUDANTES DA UFPEL"},"content":{"rendered":"<p style=\"text-align: justify\"><a href=\"http:\/\/w3.ufsm.br\/ceu2\/site\/wp-content\/uploads\/2014\/09\/10624760_10202845556079812_5515766224489709310_n.jpg\"><img fetchpriority=\"high\" decoding=\"async\" class=\"alignnone size-full wp-image-174\" alt=\"10624760_10202845556079812_5515766224489709310_n\" src=\"http:\/\/w3.ufsm.br\/ceu2\/site\/wp-content\/uploads\/2014\/09\/10624760_10202845556079812_5515766224489709310_n.jpg\" width=\"960\" height=\"640\" \/><\/a><\/p>\n<p style=\"text-align: justify\">A Diretoria da Casa do Estudante Universit\u00e1rio II \u2013 CEU II \u2013 UFSM, vem atrav\u00e9s desta carta declarar total apoio a todos os estudantes que est\u00e3o mobilizados ocupando a reitoria da Universidade Federal de Pelotas &#8211; UFPEL. Reconhecemos a import\u00e2ncia da ocupa\u00e7\u00e3o, que tem por objetivo pautas como a licita\u00e7\u00e3o da moradia estudantil, Restaurante Universit\u00e1rio, entre outras. Entendemos que esse debate deve estar presente em todas as Universidades.<\/p>\n<p style=\"text-align: justify\">Compreendemos e nos solidarizamos com a situa\u00e7\u00e3o dos estudantes que ocupam a reitoria, e assim apoiamos todos os estudantes, que lutam, neste momento de ocupa\u00e7\u00e3o, com fome, frio e condi\u00e7\u00f5es insalubres pelo direito de ingressar e permanecer na Universidade!!<\/p>\n<p style=\"text-align: justify\">Assist\u00eancia Estudantil para todos!!<\/p>\n<p style=\"text-align: justify\">Rumo \u00e0 Universaliza\u00e7\u00e3o do Acesso \u00e0 Universidade!!<\/p>\n<p style=\"text-align: justify\">Diretoria da Casa do Estudante II \u2013 CEU II \u2013 UFSM<\/p>\n<p style=\"text-align: justify\">GEST\u00c3O QUERO MAIS CEU<\/p>\n","protected":false},"excerpt":{"rendered":"<p>A Diretoria da Casa do Estudante Universit\u00e1rio II \u2013 CEU II \u2013 UFSM, vem atrav\u00e9s desta carta declarar total apoio a todos os estudantes que est\u00e3o mobilizados ocupando a reitoria da Universidade Federal de Pelotas &#8211; UFPEL. Reconhecemos a import\u00e2ncia da ocupa\u00e7\u00e3o, que tem por objetivo pautas como a licita\u00e7\u00e3o da moradia estudantil, Restaurante Universit\u00e1rio, [&hellip;]<\/p>\n","protected":false},"author":2164,"featured_media":0,"comment_status":"open","ping_status":"open","sticky":false,"template":"","format":"standard","meta":{"footnotes":""},"categories":[21],"tags":[],"class_list":["post-173","post","type-post","status-publish","format-standard","hentry","category-geral"],"acf":[],"_links":{"self":[{"href":"https:\/\/www.ufsm.br\/pro-reitorias\/prae\/ceu\/wp-json\/wp\/v2\/posts\/173","targetHints":{"allow":["GET"]}}],"collection":[{"href":"https:\/\/www.ufsm.br\/pro-reitorias\/prae\/ceu\/wp-json\/wp\/v2\/posts"}],"about":[{"href":"https:\/\/www.ufsm.br\/pro-reitorias\/prae\/ceu\/wp-json\/wp\/v2\/types\/post"}],"author":[{"embeddable":true,"href":"https:\/\/www.ufsm.br\/pro-reitorias\/prae\/ceu\/wp-json\/wp\/v2\/users\/2164"}],"replies":[{"embeddable":true,"href":"https:\/\/www.ufsm.br\/pro-reitorias\/prae\/ceu\/wp-json\/wp\/v2\/comments?post=173"}],"version-history":[{"count":0,"href":"https:\/\/www.ufsm.br\/pro-reitorias\/prae\/ceu\/wp-json\/wp\/v2\/posts\/173\/revisions"}],"wp:attachment":[{"href":"https:\/\/www.ufsm.br\/pro-reitorias\/prae\/ceu\/wp-json\/wp\/v2\/media?parent=173"}],"wp:term":[{"taxonomy":"category","embeddable":true,"href":"https:\/\/www.ufsm.br\/pro-reitorias\/prae\/ceu\/wp-json\/wp\/v2\/categories?post=173"},{"taxonomy":"post_tag","embeddable":true,"href":"https:\/\/www.ufsm.br\/pro-reitorias\/prae\/ceu\/wp-json\/wp\/v2\/tags?post=173"}],"curies":[{"name":"wp","href":"https:\/\/api.w.org\/{rel}","templated":true}]}}