{"id":4105,"date":"2020-03-16T15:32:25","date_gmt":"2020-03-16T18:32:25","guid":{"rendered":"https:\/\/www.ufsm.br\/pro-reitorias\/prae\/?p=4105"},"modified":"2020-03-17T16:01:54","modified_gmt":"2020-03-17T19:01:54","slug":"suspensao-dos-atendimentos-odontologicos-na-prae","status":"publish","type":"post","link":"https:\/\/www.ufsm.br\/pro-reitorias\/prae\/suspensao-dos-atendimentos-odontologicos-na-prae","title":{"rendered":"Suspens\u00e3o dos atendimentos odontol\u00f3gicos na PRAE"},"content":{"rendered":"\n<p>Em virtude da suspens\u00e3o das atividades acad\u00eamicas e administrativas presenciais a partir de hoje, 16\/03, os atendimentos odontol\u00f3gicos realizados pelo Setor de Aten\u00e7\u00e3o Odontol\u00f3gica da PRAE, ser\u00e3o suspensos por tempo indeterminado.<\/p>\n<p>A manuten\u00e7\u00e3o dessa medida ser\u00e1 reavaliada continuamente pelo Comit\u00ea Interno de Gest\u00e3o da Crise do COVID-19, juntamente \u00e0 Reitoria.<\/p>\n<p><a href=\"https:\/\/www.ufsm.br\/2020\/03\/16\/ufsm-suspende-atividades-academicas-e-administrativas-presenciais-a-partir-do-dia-16-de-marco\/\">https:\/\/www.ufsm.br\/2020\/03\/16\/ufsm-suspende-atividades-academicas-e-administrativas-presenciais-a-partir-do-dia-16-de-marco\/<\/a><\/p>\n\n\n","protected":false},"excerpt":{"rendered":"<p>Em virtude da suspens\u00e3o das atividades acad\u00eamicas e administrativas presenciais a partir de hoje, 16\/03, os atendimentos odontol\u00f3gicos realizados pelo Setor de Aten\u00e7\u00e3o Odontol\u00f3gica da PRAE, ser\u00e3o suspensos por tempo indeterminado. A manuten\u00e7\u00e3o dessa medida ser\u00e1 reavaliada continuamente pelo Comit\u00ea Interno de Gest\u00e3o da Crise do COVID-19, juntamente \u00e0 Reitoria. https:\/\/www.ufsm.br\/2020\/03\/16\/ufsm-suspende-atividades-academicas-e-administrativas-presenciais-a-partir-do-dia-16-de-marco\/<\/p>\n","protected":false},"author":1238,"featured_media":0,"comment_status":"closed","ping_status":"closed","sticky":false,"template":"","format":"standard","meta":{"footnotes":""},"categories":[1],"tags":[123],"class_list":["post-4105","post","type-post","status-publish","format-standard","hentry","category-noticias","tag-coronavirus"],"acf":[],"_links":{"self":[{"href":"https:\/\/www.ufsm.br\/pro-reitorias\/prae\/wp-json\/wp\/v2\/posts\/4105","targetHints":{"allow":["GET"]}}],"collection":[{"href":"https:\/\/www.ufsm.br\/pro-reitorias\/prae\/wp-json\/wp\/v2\/posts"}],"about":[{"href":"https:\/\/www.ufsm.br\/pro-reitorias\/prae\/wp-json\/wp\/v2\/types\/post"}],"author":[{"embeddable":true,"href":"https:\/\/www.ufsm.br\/pro-reitorias\/prae\/wp-json\/wp\/v2\/users\/1238"}],"replies":[{"embeddable":true,"href":"https:\/\/www.ufsm.br\/pro-reitorias\/prae\/wp-json\/wp\/v2\/comments?post=4105"}],"version-history":[{"count":0,"href":"https:\/\/www.ufsm.br\/pro-reitorias\/prae\/wp-json\/wp\/v2\/posts\/4105\/revisions"}],"wp:attachment":[{"href":"https:\/\/www.ufsm.br\/pro-reitorias\/prae\/wp-json\/wp\/v2\/media?parent=4105"}],"wp:term":[{"taxonomy":"category","embeddable":true,"href":"https:\/\/www.ufsm.br\/pro-reitorias\/prae\/wp-json\/wp\/v2\/categories?post=4105"},{"taxonomy":"post_tag","embeddable":true,"href":"https:\/\/www.ufsm.br\/pro-reitorias\/prae\/wp-json\/wp\/v2\/tags?post=4105"}],"curies":[{"name":"wp","href":"https:\/\/api.w.org\/{rel}","templated":true}]}}