{"id":5573,"date":"2025-06-21T13:40:35","date_gmt":"2025-06-21T16:40:35","guid":{"rendered":"https:\/\/www.ufsm.br\/pro-reitorias\/prae\/?p=5573"},"modified":"2025-06-21T14:46:14","modified_gmt":"2025-06-21T17:46:14","slug":"nota-da-prae-a-comunidade-academica","status":"publish","type":"post","link":"https:\/\/www.ufsm.br\/pro-reitorias\/prae\/nota-da-prae-a-comunidade-academica","title":{"rendered":"NOTA DA PRAE \u00c0 COMUNIDADE ACAD\u00caMICA"},"content":{"rendered":"\n<p>Frente a veicula\u00e7\u00e3o de noticias e exposi\u00e7\u00f5es de apartamentos e estudantes no recente per\u00edodo de excesso de chuvas que atinge mais uma vez o Estado do Rio Grande do Sul, a PRAE vem a p\u00fablico manifestar sua tristeza em rela\u00e7\u00e3o a forma leviana que a Universidade vem sendo acusada, com suposi\u00e7\u00f5es de abandono e descaso pelas Casas de Estudantes da UFSM. Temos muito para avan\u00e7ar, mas nunca paramos.<\/p>\n<p>Apontamos com pesar que tais not\u00edcias, a forma e o momento em que v\u00eam sendo exploradas, implicam na desconstru\u00e7\u00e3o do trabalho di\u00e1rio de servidores e servidoras da assist\u00eancia estudantil, equipe que pela natureza do trabalho dedica sua rotina \u00e0 atendimentos de estudantes em vulnerabilidade socioecon\u00f4mica que necessitam de servi\u00e7os diversos para sua perman\u00eancia na Universidade. S\u00e3o trabalhos intensos e que exigem resili\u00eancias rotineiras frente a complexidade das demandas e as urg\u00eancias dos estudantes. Tudo sempre realizado com o respeito que todas e todos merecem, jamais o contr\u00e1rio disso.<\/p>\n<p>A UFSM possui a maior Casa do Estudante do Pa\u00eds, \u00e9 composta por cerca de 2300 vagas entre Campus Sede, Palmeira das Miss\u00f5es, Frederico Westphalen e Cachoeira do Sul. Desde sua cria\u00e7\u00e3o na d\u00e9cada de 60, a Universidade j\u00e1 era projetada para acolher estudantes baixa renda garantindo-lhes possibilidade de perman\u00eancia.<\/p>\n<p>Manter sua estrutura vem sendo um grande desafio nos \u00faltimos anos frente a diminui\u00e7\u00e3o or\u00e7ament\u00e1ria das Universidades, mesmo assim, a UFSM sempre manteve sua responsabiliza\u00e7\u00e3o e prioridade com a Assist\u00eancia Estudantil garantindo a continuidade das a\u00e7\u00f5es, sejam bolsas, aux\u00edlios, assist\u00eancia em sa\u00fade, moradia e alimenta\u00e7\u00e3o.<\/p>\n<p>Somos pioneiros no Pa\u00eds na pol\u00edtica de Moradia para m\u00e3es e crian\u00e7as de at\u00e9 12 anos, isso desde 2014. Antes deste per\u00edodo estudantes moravam \u201cescondidas\/os\u201d com suas crian\u00e7as ou eram convidadas\/os a se retirar da CEU levando muitas\/os ao abandono do ensino superior.<\/p>\n<p>Hoje a Morada Estudantil al\u00e9m de possibilitar vagas para m\u00e3es e crian\u00e7as, possui apartamentos espec\u00edficos e ainda Projeto j\u00e1 pronto, para constru\u00e7\u00e3o de um novo bloco para m\u00e3es\/pais suas crian\u00e7as e tamb\u00e9m para PCDs. Tais obras aguardam libera\u00e7\u00e3o de recursos do PAC, do Governo Federal.<\/p>\n<p>A UFSM \u00e9 pioneira no Pa\u00eds, na Pol\u00edtica de Moradia Estudantil para Estudantes Ind\u00edgenas. A CEU ind\u00edgena foi inaugurada em 2018 e hoje conta com cerca de 16 etnias de todo o Brasil. A constru\u00e7\u00e3o de mais um bloco e \u00e1rea de conviv\u00eancia j\u00e1 possui Projeto finalizado e entregue ao MEC e Minist\u00e9rio dos Povos Ind\u00edgenas para disponibiliza\u00e7\u00e3o de recursos. Tamb\u00e9m h\u00e1 Projeto para constru\u00e7\u00e3o da 1\u00aa Casa do Estudante Quilombola j\u00e1 est\u00e1 com o Minist\u00e9rio da Igualdade Racial.<\/p>\n<p>Tamb\u00e9m lembramos que a Gratuidade das refei\u00e7\u00f5es nos Restaurantes Universit\u00e1rios, aos estudantes BSE foi implementada em abril de 2016, antes disso os estudantes baixa renda pagavam por suas refei\u00e7\u00f5es. Hoje s\u00e3o cerca de 4000 estudantes com acesso gratuito e cerca de 25.000 destes recebendo subs\u00eddio de 70% do valor das refei\u00e7\u00f5es.<\/p>\n<p>\u00a0<\/p>\n<p>No que se refere as demandas estruturais das Moradias Estudantis, especialmente as apontadas nos \u00faltimos dias diante do excesso de chuvas, informamos \u00e0 Comunidade Acad\u00eamica um conjunto de provid\u00eancias e cuidados que vem sendo tomados com rela\u00e7\u00e3o as Casas de Estudante, patrim\u00f4nio de nossa UFSM:<\/p>\n<ul>\n<li>Em 2022 foi criada a in\u00e9dita estrutura do Setor da Moradia Estudantil da PRAE, j\u00e1 planejada como Coordenadoria da Moradia Estudantil que aguarda envio ao Conselho Universit\u00e1rio, como parte da reestrutura\u00e7\u00e3o da PRAE. Setor inexistente at\u00e9 ent\u00e3o, o que ao longo dos trabalhos com as casas de estudante adoeceu e sobrecarregou mutos servidores das equipes da PRAE. A Coordenadoria possui atualmente equipes de vagas e manuten\u00e7\u00e3o da CEU; ainda n\u00e3o \u00e9 o suficiente, mas come\u00e7amos e seguimos avan\u00e7ando;<\/li>\n<li>Desde final de 2022 a PRAE conta com o Portal de Transpar\u00eancia da Assist\u00eancia estudantil, instrumento in\u00e9dito no Brasil, que d\u00e1 transpar\u00eancia as vagas dispon\u00edveis e a situa\u00e7\u00e3o dos apartamentos: perfil, n\u00famero de vagas ocupadas, dispon\u00edveis e tamb\u00e9m os apartamentos \u201cem necessidade de reforma\u201d \u201cj\u00e1 em reforma\u201d e \u201cinterditados\u201d. CLIQUE AQUI E CONHE\u00c7A: <a href=\"https:\/\/www.ufsm.br\/pro-reitorias\/proplan\/portal-da-transparencia-da-assistencia-estudantil\">https:\/\/www.ufsm.br\/pro-reitorias\/proplan\/portal-da-transparencia-da-<\/a> <a href=\"https:\/\/www.ufsm.br\/pro-reitorias\/proplan\/portal-da-transparencia-da-assistencia-estudantil\">assistencia-estudantil<\/a>;<\/li>\n<li>Tamb\u00e9m desde final de 2022, a PRAE instituiu uma \u201cEquipe de manuten\u00e7\u00e3o\u201d que atua junto a CEU, no Bloco 26, recebendo chamados diretos dos estudantes e encaminhando para servi\u00e7os de reparo diversos ou para an\u00e1lise de projetos de reforma civil, el\u00e9trica etc, estas obras que exigem estudos de engenharia e arquitetura s\u00e3o ent\u00e3o efetivados pela PROINFRA. Somente no m\u00eas de junho foram recebidas 287 chamadas de servi\u00e7o via formul\u00e1rio, destas, 186 ordens de servi\u00e7o j\u00e1 foram realizadas, das quais 18 referem-se a problemas de infiltra\u00e7\u00f5es e consertos de telhado, estes em espera de execu\u00e7\u00e3o pela PROINFRA, que devem acontecer com o t\u00e9rmino das chuvas para seguran\u00e7a dos servidores e colaboradores;<\/li>\n<li>Ap\u00f3s as chuvas de maio de 2024, a PRAE, juntamente com a PROINFRA e representa\u00e7\u00f5es estudantis, criou um grupo de trabalho para levantamento das condi\u00e7\u00f5es dos apartamentos das CEUs, onde bolsistas dos cursos de engenharia civil e arquitetura t\u00eam trabalhado.Tamb\u00e9m um grupo no WhatsApp foi criado com estudantes para atualiza\u00e7\u00e3o dos processos que envolvem as reformas dos apartamentos afetados pelas chuvas, como elabora\u00e7\u00e3o dos projetos, encaminhamento para or\u00e7amento, libera\u00e7\u00e3o de recursos, licita\u00e7\u00f5es e andamento das obras, tudo realizado com a participa\u00e7\u00e3o dos e das estudantes;<\/li>\n<li>Apartamentos com infiltra\u00e7\u00f5es que ofereciam riscos foram interditados para reforma e moradores\/as realocados\/as em outras vagas, alguns\/as optando por aux\u00edlio moradia;<\/li>\n<li>Os servi\u00e7os s\u00e3o realizados por uma equipe de seis funcion\u00e1rios: quatro deles fixos na moradia (um carpinteiro, dois oficiais e um encanador) e dois enviados pela equipe de el\u00e9trica da PROINFRA. Esses profissionais atendem as CEUs I, II, III, CEU Ind\u00edgena e UNI\u00c3O, que compreendem 9 edif\u00edcios e cerca de 1.800 moradores. A m\u00e9dia mensal \u00e9 de 350 solicita\u00e7\u00f5es de manuten\u00e7\u00e3o;<\/li>\n<li>\u00c9 crucial destacar que todas as ordens de servi\u00e7o de el\u00e9trica e hidr\u00e1ulica s\u00e3o consideradas priorit\u00e1rias e, via de regra, s\u00e3o realizadas no mesmo dia. Apenas em casos de grande complexidade \u00e9 que se necessita de mais tempo para a execu\u00e7\u00e3o;<\/li>\n<\/ul>\n<ul>\n<li>Relat\u00f3rios de janeiro a 19 de junho de 2025 indicam os seguintes n\u00fameros:\n<ul>\n<li>Apartamentos em reforma e j\u00e1 devolvidos: 33, dentre estes 10 no bloco 34;<\/li>\n<li>62 apartamentos com servi\u00e7os de manuten\u00e7\u00e3o conclu\u00eddos;<\/li>\n<li>Em execu\u00e7\u00e3o, troca de telhado dos bloco 54 e 55;<\/li>\n<li>Executados reparos com trocas de telhas, coloca\u00e7\u00e3o de manta asf\u00e1ltica e limpezas de calhas;<\/li>\n<li>No per\u00edodo\u00a0\u00a0\u00a0 considerado,\u00a0\u00a0\u00a0 foram\u00a0\u00a0\u00a0 executados\u00a0\u00a0\u00a0 1569\u00a0\u00a0\u00a0 servi\u00e7os\u00a0\u00a0\u00a0\u00a0\u00a0\u00a0\u00a0 de manuten\u00e7\u00e3o incluindo el\u00e9trica, hidr\u00e1ulica, carpintaria e alvenaria.<\/li>\n<\/ul>\n<\/li>\n<\/ul>\n<p>Por fim, a PRAE reitera seu compromisso com a vida estudantil nas Casas de Estudante manifestando sempre respeito e dedica\u00e7\u00e3o as demandas, que s\u00e3o complexas e desafiadoras. H\u00e1 muito o que fazer, sem d\u00favida alguma, e para isto, respeito e \u00e9tica ao trabalho e vida de servidores\/as e estudantes, faz-se fundamental.<\/p>\n<p>Para mais informa\u00e7\u00f5es e sugest\u00f5es, a PRAE encontra-se sempre de portas abertas. Fica o convite \u00e0 toda Comunidade Acad\u00eamica para que conhe\u00e7a e participe dos processos que envolvem a Assist\u00eancia Estudantil. Perman\u00eancia \u00e9 desafio de todos e todas n\u00f3s e isso exige presen\u00e7a e respeito.<\/p>\n<p>\u00a0<\/p>\n<p>Pr\u00f3-Reitoria de Assuntos Estudantis.<\/p>\n","protected":false},"excerpt":{"rendered":"<p>Frente a veicula\u00e7\u00e3o de noticias e exposi\u00e7\u00f5es de apartamentos e estudantes no recente per\u00edodo de excesso de chuvas que atinge mais uma vez o Estado do Rio Grande do Sul, a PRAE vem a p\u00fablico manifestar sua tristeza em rela\u00e7\u00e3o a forma leviana que a Universidade vem sendo acusada, com suposi\u00e7\u00f5es de abandono e descaso [&hellip;]<\/p>\n","protected":false},"author":8124,"featured_media":0,"comment_status":"closed","ping_status":"closed","sticky":false,"template":"","format":"standard","meta":{"footnotes":""},"categories":[1],"tags":[],"class_list":["post-5573","post","type-post","status-publish","format-standard","hentry","category-noticias"],"acf":[],"_links":{"self":[{"href":"https:\/\/www.ufsm.br\/pro-reitorias\/prae\/wp-json\/wp\/v2\/posts\/5573","targetHints":{"allow":["GET"]}}],"collection":[{"href":"https:\/\/www.ufsm.br\/pro-reitorias\/prae\/wp-json\/wp\/v2\/posts"}],"about":[{"href":"https:\/\/www.ufsm.br\/pro-reitorias\/prae\/wp-json\/wp\/v2\/types\/post"}],"author":[{"embeddable":true,"href":"https:\/\/www.ufsm.br\/pro-reitorias\/prae\/wp-json\/wp\/v2\/users\/8124"}],"replies":[{"embeddable":true,"href":"https:\/\/www.ufsm.br\/pro-reitorias\/prae\/wp-json\/wp\/v2\/comments?post=5573"}],"version-history":[{"count":0,"href":"https:\/\/www.ufsm.br\/pro-reitorias\/prae\/wp-json\/wp\/v2\/posts\/5573\/revisions"}],"wp:attachment":[{"href":"https:\/\/www.ufsm.br\/pro-reitorias\/prae\/wp-json\/wp\/v2\/media?parent=5573"}],"wp:term":[{"taxonomy":"category","embeddable":true,"href":"https:\/\/www.ufsm.br\/pro-reitorias\/prae\/wp-json\/wp\/v2\/categories?post=5573"},{"taxonomy":"post_tag","embeddable":true,"href":"https:\/\/www.ufsm.br\/pro-reitorias\/prae\/wp-json\/wp\/v2\/tags?post=5573"}],"curies":[{"name":"wp","href":"https:\/\/api.w.org\/{rel}","templated":true}]}}