{"id":5968,"date":"2026-03-11T16:04:52","date_gmt":"2026-03-11T19:04:52","guid":{"rendered":"https:\/\/www.ufsm.br\/pro-reitorias\/prae\/?p=5968"},"modified":"2026-03-11T16:04:53","modified_gmt":"2026-03-11T19:04:53","slug":"comunicado-sobre-suspensao-do-acesso-ao-formulario-de-solicitacao-de-reingresso-bse","status":"publish","type":"post","link":"https:\/\/www.ufsm.br\/pro-reitorias\/prae\/comunicado-sobre-suspensao-do-acesso-ao-formulario-de-solicitacao-de-reingresso-bse","title":{"rendered":"Comunicado sobre suspens\u00e3o do acesso ao formul\u00e1rio de solicita\u00e7\u00e3o de REINGRESSO BSE"},"content":{"rendered":"\n<p>A Pr\u00f3-Reitoria de Assuntos Estudantis (PRAE) informa que devido a problemas t\u00e9cnicos foi SUSPENSO o formul\u00e1rio de solicita\u00e7\u00e3o de REINGRESSO BSE ( Edital 06\/2026) at\u00e9 que o problema do sistema seja resolvido.<\/p>\n<p>Ressaltando que a solicita\u00e7\u00e3o de reingresso se destina\u00a0 \u00e0queles estudantes que tiveram seu BSE INATIVADO por n\u00e3o darem as contrapartidas em tr\u00eas semestres consecutivos.\u00a0<\/p>\n<p>Por fim, a PRAE reafirma seu compromisso com a equidade, a transpar\u00eancia e a garantia do direito \u00e0 perman\u00eancia estudantil, em conson\u00e2ncia com a legisla\u00e7\u00e3o vigente e com os princ\u00edpios da pol\u00edtica de assist\u00eancia estudantil.<\/p>\n<p>Acompanhe\u00a0 pelas m\u00eddias da PRAE.<\/p>\n<p>\u00a0<\/p>\n","protected":false},"excerpt":{"rendered":"<p>A Pr\u00f3-Reitoria de Assuntos Estudantis (PRAE) informa que devido a problemas t\u00e9cnicos foi SUSPENSO o formul\u00e1rio de solicita\u00e7\u00e3o de REINGRESSO BSE ( Edital 06\/2026) at\u00e9 que o problema do sistema seja resolvido. Ressaltando que a solicita\u00e7\u00e3o de reingresso se destina\u00a0 \u00e0queles estudantes que tiveram seu BSE INATIVADO por n\u00e3o darem as contrapartidas em tr\u00eas semestres [&hellip;]<\/p>\n","protected":false},"author":4833,"featured_media":0,"comment_status":"closed","ping_status":"closed","sticky":false,"template":"","format":"standard","meta":{"footnotes":""},"categories":[1],"tags":[],"class_list":["post-5968","post","type-post","status-publish","format-standard","hentry","category-noticias"],"acf":[],"_links":{"self":[{"href":"https:\/\/www.ufsm.br\/pro-reitorias\/prae\/wp-json\/wp\/v2\/posts\/5968","targetHints":{"allow":["GET"]}}],"collection":[{"href":"https:\/\/www.ufsm.br\/pro-reitorias\/prae\/wp-json\/wp\/v2\/posts"}],"about":[{"href":"https:\/\/www.ufsm.br\/pro-reitorias\/prae\/wp-json\/wp\/v2\/types\/post"}],"author":[{"embeddable":true,"href":"https:\/\/www.ufsm.br\/pro-reitorias\/prae\/wp-json\/wp\/v2\/users\/4833"}],"replies":[{"embeddable":true,"href":"https:\/\/www.ufsm.br\/pro-reitorias\/prae\/wp-json\/wp\/v2\/comments?post=5968"}],"version-history":[{"count":0,"href":"https:\/\/www.ufsm.br\/pro-reitorias\/prae\/wp-json\/wp\/v2\/posts\/5968\/revisions"}],"wp:attachment":[{"href":"https:\/\/www.ufsm.br\/pro-reitorias\/prae\/wp-json\/wp\/v2\/media?parent=5968"}],"wp:term":[{"taxonomy":"category","embeddable":true,"href":"https:\/\/www.ufsm.br\/pro-reitorias\/prae\/wp-json\/wp\/v2\/categories?post=5968"},{"taxonomy":"post_tag","embeddable":true,"href":"https:\/\/www.ufsm.br\/pro-reitorias\/prae\/wp-json\/wp\/v2\/tags?post=5968"}],"curies":[{"name":"wp","href":"https:\/\/api.w.org\/{rel}","templated":true}]}}