{"id":5973,"date":"2026-03-13T16:27:48","date_gmt":"2026-03-13T19:27:48","guid":{"rendered":"https:\/\/www.ufsm.br\/pro-reitorias\/prae\/?p=5973"},"modified":"2026-03-13T16:34:46","modified_gmt":"2026-03-13T19:34:46","slug":"prazos-do-edital-de-reingresso-pbse-sao-suspensos-por-conta-da-greve-dos-taes","status":"publish","type":"post","link":"https:\/\/www.ufsm.br\/pro-reitorias\/prae\/prazos-do-edital-de-reingresso-pbse-sao-suspensos-por-conta-da-greve-dos-taes","title":{"rendered":"Prazos do Edital de Reingresso PBSE s\u00e3o suspensos por conta da greve dos TAE\u2019s"},"content":{"rendered":"\t\t<div data-elementor-type=\"wp-post\" data-elementor-id=\"5973\" class=\"elementor elementor-5973\">\n\t\t\t\t\t\t<section class=\"elementor-section elementor-top-section elementor-element elementor-element-4a9b0c3f elementor-section-boxed elementor-section-height-default elementor-section-height-default\" data-id=\"4a9b0c3f\" data-element_type=\"section\">\n\t\t\t\t\t\t<div class=\"elementor-container elementor-column-gap-default\">\n\t\t\t\t\t<div class=\"elementor-column elementor-col-100 elementor-top-column elementor-element elementor-element-7529448a\" data-id=\"7529448a\" data-element_type=\"column\">\n\t\t\t<div class=\"elementor-widget-wrap elementor-element-populated\">\n\t\t\t\t\t\t<div class=\"elementor-element elementor-element-628239e3 elementor-widget elementor-widget-text-editor\" data-id=\"628239e3\" data-element_type=\"widget\" data-widget_type=\"text-editor.default\">\n\t\t\t\t<div class=\"elementor-widget-container\">\n\t\t\t\t\t\t\t<!-- wp:tadv\/classic-paragraph -->\n<p style=\"text-align: justify\"><span style=\"font-weight: 400\"><strong>Os prazos do Edital de Reingresso PBSE foram<\/strong> <strong>suspensos,<\/strong> hoje (13), por <strong>tempo indeterminado<\/strong> em fun\u00e7\u00e3o da greve dos T\u00e9cnicos Administrativos em Educa\u00e7\u00e3o (TAE\u2019s). Um cronograma com as novas datas dos prazos ser\u00e1 divulgado ap\u00f3s o t\u00e9rmino da greve. <\/span><\/p>\n<p style=\"text-align: justify\"><span style=\"font-weight: 400\"><strong>Importante ressaltar que a solicita\u00e7\u00e3o de Reingresso se destina \u00e0queles estudantes que tiveram seu BSE INATIVADO<\/strong> por n\u00e3o darem as contrapartidas em tr\u00eas semestres consecutivos. <\/span><span style=\"font-weight: 400\">Os estudantes que por qualquer motivo estejam solicitando o BSE e n\u00e3o se enquadram nessa condi\u00e7\u00e3o dever\u00e3o fazer a solicita\u00e7\u00e3o no formul\u00e1rio de Ingresso &#8211; <a href=\"https:\/\/www.ufsm.br\/pro-reitorias\/prae\/editais\/005-2026\">Edital 005\/2026.\u00a0<\/a><\/span><\/p>\n<p style=\"text-align: justify\"><span style=\"font-weight: 400\">Para conferir o documento de suspens\u00e3o clique <a href=\"https:\/\/www.ufsm.br\/app\/uploads\/sites\/347\/2026\/02\/suspensao-Ed-06_2026-assinado.pdf\">aqui<\/a>.<\/span><\/p>\n<!-- \/wp:tadv\/classic-paragraph -->\t\t\t\t\t\t<\/div>\n\t\t\t\t<\/div>\n\t\t\t\t\t<\/div>\n\t\t<\/div>\n\t\t\t\t\t<\/div>\n\t\t<\/section>\n\t\t\t\t<\/div>\n\t\t","protected":false},"excerpt":{"rendered":"<p>Os prazos do Edital de Reingresso PBSE foram suspensos, hoje (13), por tempo indeterminado em fun\u00e7\u00e3o da greve dos T\u00e9cnicos Administrativos em Educa\u00e7\u00e3o (TAE\u2019s). Um cronograma com as novas datas dos prazos ser\u00e1 divulgado ap\u00f3s o t\u00e9rmino da greve. Importante ressaltar que a solicita\u00e7\u00e3o de Reingresso se destina \u00e0queles estudantes que tiveram seu BSE INATIVADO [&hellip;]<\/p>\n","protected":false},"author":9419,"featured_media":0,"comment_status":"closed","ping_status":"closed","sticky":false,"template":"","format":"standard","meta":{"footnotes":""},"categories":[1],"tags":[],"class_list":["post-5973","post","type-post","status-publish","format-standard","hentry","category-noticias"],"acf":[],"_links":{"self":[{"href":"https:\/\/www.ufsm.br\/pro-reitorias\/prae\/wp-json\/wp\/v2\/posts\/5973","targetHints":{"allow":["GET"]}}],"collection":[{"href":"https:\/\/www.ufsm.br\/pro-reitorias\/prae\/wp-json\/wp\/v2\/posts"}],"about":[{"href":"https:\/\/www.ufsm.br\/pro-reitorias\/prae\/wp-json\/wp\/v2\/types\/post"}],"author":[{"embeddable":true,"href":"https:\/\/www.ufsm.br\/pro-reitorias\/prae\/wp-json\/wp\/v2\/users\/9419"}],"replies":[{"embeddable":true,"href":"https:\/\/www.ufsm.br\/pro-reitorias\/prae\/wp-json\/wp\/v2\/comments?post=5973"}],"version-history":[{"count":0,"href":"https:\/\/www.ufsm.br\/pro-reitorias\/prae\/wp-json\/wp\/v2\/posts\/5973\/revisions"}],"wp:attachment":[{"href":"https:\/\/www.ufsm.br\/pro-reitorias\/prae\/wp-json\/wp\/v2\/media?parent=5973"}],"wp:term":[{"taxonomy":"category","embeddable":true,"href":"https:\/\/www.ufsm.br\/pro-reitorias\/prae\/wp-json\/wp\/v2\/categories?post=5973"},{"taxonomy":"post_tag","embeddable":true,"href":"https:\/\/www.ufsm.br\/pro-reitorias\/prae\/wp-json\/wp\/v2\/tags?post=5973"}],"curies":[{"name":"wp","href":"https:\/\/api.w.org\/{rel}","templated":true}]}}