{"id":6038,"date":"2026-03-30T12:01:30","date_gmt":"2026-03-30T15:01:30","guid":{"rendered":"https:\/\/www.ufsm.br\/pro-reitorias\/prae\/?p=6038"},"modified":"2026-03-30T13:39:27","modified_gmt":"2026-03-30T16:39:27","slug":"atencao-odontologica-da-prae-reforca-horarios-de-atendimento","status":"publish","type":"post","link":"https:\/\/www.ufsm.br\/pro-reitorias\/prae\/atencao-odontologica-da-prae-reforca-horarios-de-atendimento","title":{"rendered":"Aten\u00e7\u00e3o Odontol\u00f3gica da PRAE refor\u00e7a hor\u00e1rios de atendimento"},"content":{"rendered":"\t\t<div data-elementor-type=\"wp-post\" data-elementor-id=\"6038\" class=\"elementor elementor-6038\">\n\t\t\t\t\t\t<section class=\"elementor-section elementor-top-section elementor-element elementor-element-62b0f51a elementor-section-boxed elementor-section-height-default elementor-section-height-default\" data-id=\"62b0f51a\" data-element_type=\"section\">\n\t\t\t\t\t\t<div class=\"elementor-container elementor-column-gap-default\">\n\t\t\t\t\t<div class=\"elementor-column elementor-col-100 elementor-top-column elementor-element elementor-element-6bb470f1\" data-id=\"6bb470f1\" data-element_type=\"column\">\n\t\t\t<div class=\"elementor-widget-wrap elementor-element-populated\">\n\t\t\t\t\t\t<div class=\"elementor-element elementor-element-7ed3f9cd elementor-widget elementor-widget-text-editor\" data-id=\"7ed3f9cd\" data-element_type=\"widget\" data-widget_type=\"text-editor.default\">\n\t\t\t\t<div class=\"elementor-widget-container\">\n\t\t\t\t\t\t\t<!-- wp:tadv\/classic-paragraph -->\n<p style=\"text-align: justify\"><span style=\"font-weight: 400\">O acolhimento do Setor de Aten\u00e7\u00e3o Odontol\u00f3gica da Pr\u00f3-Reitoria de Assuntos Estudantis (PRAE),destinado exclusivamente a estudantes com Benef\u00edcio Socioecon\u00f4mico (BSE) ativo, acontece de forma remota via WhatsApp, tanto para urg\u00eancias (dor de dente\/fratura dent\u00e1ria) quanto para agendamento de consultas presenciais. O indicado, para melhor organiza\u00e7\u00e3o do atendimento, \u00e9 entrar em contato pelo n\u00famero (55 991016178) antes de comparecer no setor para receber a orienta\u00e7\u00e3o necess\u00e1ria.\u00a0<\/span><\/p>\n<p style=\"text-align: justify\"><span style=\"font-weight: 400\">O acolhimento remoto ocorre de segunda a sexta-feira das 08h \u00e0s 12h e das 13h \u00e0s 17h. J\u00e1 o agendamento de consultas pode ser realizado apenas \u00e0s 10h nas sextas-feiras. Para maiores informa\u00e7\u00f5es, entre em contato pelo e-mail <\/span><a href=\"mailto:odontoprae@ufsm.br\"><span style=\"font-weight: 400\">odontoprae@ufsm.br<\/span><\/a><\/p>\n<!-- \/wp:tadv\/classic-paragraph --><!-- wp:tadv\/classic-paragraph \/-->\t\t\t\t\t\t<\/div>\n\t\t\t\t<\/div>\n\t\t\t\t\t<\/div>\n\t\t<\/div>\n\t\t\t\t\t<\/div>\n\t\t<\/section>\n\t\t\t\t<\/div>\n\t\t","protected":false},"excerpt":{"rendered":"<p>O acolhimento do Setor de Aten\u00e7\u00e3o Odontol\u00f3gica da Pr\u00f3-Reitoria de Assuntos Estudantis (PRAE),destinado exclusivamente a estudantes com Benef\u00edcio Socioecon\u00f4mico (BSE) ativo, acontece de forma remota via WhatsApp, tanto para urg\u00eancias (dor de dente\/fratura dent\u00e1ria) quanto para agendamento de consultas presenciais. O indicado, para melhor organiza\u00e7\u00e3o do atendimento, \u00e9 entrar em contato pelo n\u00famero (55 991016178) [&hellip;]<\/p>\n","protected":false},"author":9419,"featured_media":0,"comment_status":"closed","ping_status":"closed","sticky":false,"template":"","format":"standard","meta":{"footnotes":""},"categories":[1],"tags":[],"class_list":["post-6038","post","type-post","status-publish","format-standard","hentry","category-noticias"],"acf":[],"_links":{"self":[{"href":"https:\/\/www.ufsm.br\/pro-reitorias\/prae\/wp-json\/wp\/v2\/posts\/6038","targetHints":{"allow":["GET"]}}],"collection":[{"href":"https:\/\/www.ufsm.br\/pro-reitorias\/prae\/wp-json\/wp\/v2\/posts"}],"about":[{"href":"https:\/\/www.ufsm.br\/pro-reitorias\/prae\/wp-json\/wp\/v2\/types\/post"}],"author":[{"embeddable":true,"href":"https:\/\/www.ufsm.br\/pro-reitorias\/prae\/wp-json\/wp\/v2\/users\/9419"}],"replies":[{"embeddable":true,"href":"https:\/\/www.ufsm.br\/pro-reitorias\/prae\/wp-json\/wp\/v2\/comments?post=6038"}],"version-history":[{"count":0,"href":"https:\/\/www.ufsm.br\/pro-reitorias\/prae\/wp-json\/wp\/v2\/posts\/6038\/revisions"}],"wp:attachment":[{"href":"https:\/\/www.ufsm.br\/pro-reitorias\/prae\/wp-json\/wp\/v2\/media?parent=6038"}],"wp:term":[{"taxonomy":"category","embeddable":true,"href":"https:\/\/www.ufsm.br\/pro-reitorias\/prae\/wp-json\/wp\/v2\/categories?post=6038"},{"taxonomy":"post_tag","embeddable":true,"href":"https:\/\/www.ufsm.br\/pro-reitorias\/prae\/wp-json\/wp\/v2\/tags?post=6038"}],"curies":[{"name":"wp","href":"https:\/\/api.w.org\/{rel}","templated":true}]}}