{"id":1658,"date":"2026-09-03T13:39:06","date_gmt":"2026-09-03T16:39:06","guid":{"rendered":"https:\/\/www.ufsm.br\/pro-reitorias\/pre\/incubadora-social\/?p=1658"},"modified":"2026-09-03T13:45:55","modified_gmt":"2026-09-03T16:45:55","slug":"resumo-da-semana-de-inovacao-e-impacto-social-no-hub-is-24-a-28-de-agosto","status":"publish","type":"post","link":"https:\/\/www.ufsm.br\/pro-reitorias\/pre\/incubadora-social\/2026\/09\/03\/resumo-da-semana-de-inovacao-e-impacto-social-no-hub-is-24-a-28-de-agosto","title":{"rendered":"Resumo da Semana de Inova\u00e7\u00e3o e Impacto Social no Hub IS (24 a 28 de agosto)"},"content":{"rendered":"\t\t<div data-elementor-type=\"wp-post\" data-elementor-id=\"1658\" class=\"elementor elementor-1658\">\n\t\t\t\t\t\t<section class=\"elementor-section elementor-top-section elementor-element elementor-element-f6e0095 elementor-section-boxed elementor-section-height-default elementor-section-height-default\" data-id=\"f6e0095\" data-element_type=\"section\">\n\t\t\t\t\t\t<div class=\"elementor-container elementor-column-gap-default\">\n\t\t\t\t\t<div class=\"elementor-column elementor-col-100 elementor-top-column elementor-element elementor-element-91238d5\" data-id=\"91238d5\" data-element_type=\"column\">\n\t\t\t<div class=\"elementor-widget-wrap elementor-element-populated\">\n\t\t\t\t\t\t<div class=\"elementor-element elementor-element-06709a3 elementor-widget elementor-widget-text-editor\" data-id=\"06709a3\" data-element_type=\"widget\" data-widget_type=\"text-editor.default\">\n\t\t\t\t<div class=\"elementor-widget-container\">\n\t\t\t\t\t\t\t<p><strong>Hub IS promove programa\u00e7\u00e3o com oficinas, a\u00e7\u00f5es de voluntariado e iniciativas de impacto social. <\/strong><\/p><p>Entre os dias 24 e 28 de agosto, o Hub IS contou com uma programa\u00e7\u00e3o voltada \u00e0 forma\u00e7\u00e3o, gera\u00e7\u00e3o de renda, cultura, voluntariado e desenvolvimento social. As atividades incluem oficinas de corte e costura, lan\u00e7amento de oficinas de hip hop e participa\u00e7\u00e3o na 2\u00aa Feira do Voluntariado.<\/p><h2><span style=\"font-weight: 400\">Ensacolarte promove forma\u00e7\u00e3o, criatividade e gera\u00e7\u00e3o de renda<\/span><\/h2><p><span style=\"font-weight: 400\">A semana come\u00e7ou com as oficinas semanais do Ensacolarte, realizadas no Laborat\u00f3rio de Corte e Costura (Sala 304), das 8h30 \u00e0s 12h e das 13h30 \u00e0s 17h. A atividade \u00e9 uma a\u00e7\u00e3o cont\u00ednua de forma\u00e7\u00e3o e produ\u00e7\u00e3o colaborativa do projeto parceiro do Hub IS. Com foco em costura e terapia ocupacional, o Ensacolarte trabalha com gera\u00e7\u00e3o de renda e reciclagem, transformando materiais recicl\u00e1veis em produtos artesanais, como ecobags, estojos e n\u00e9cessaires.<\/span><\/p><p><span style=\"font-weight: 400\">A participa\u00e7\u00e3o \u00e9 externa e ocorre mediante contato pr\u00e9vio para inscri\u00e7\u00e3o.<\/span><\/p><p><span style=\"font-weight: 400\">No per\u00edodo das 17h30 \u00e0s 19h30, a Sala Multiuso 303 recebeu o Evento de Lan\u00e7amento das Oficinas da Cia Di\u00e1cono no Hub IS. A iniciativa marca o in\u00edcio das oficinas de hip hop que ser\u00e3o ofertadas.<\/span><\/p><h2><span style=\"font-weight: 400\">Hub IS participa da 2\u00aa Feira do Voluntariado<\/span><\/h2><p><span style=\"font-weight: 400\">Na quinta-feira (27), o Hub IS participou da 2\u00aa Feira do Voluntariado, que foi realizada das 8h \u00e0s 12h, no pr\u00e9dio 74C do Centro de Ci\u00eancias Sociais e Humanas (CCSH). Organizado pelo Grupo de Estudos em Marketing (GEM) e pelo Programa de P\u00f3s-Gradua\u00e7\u00e3o em Administra\u00e7\u00e3o e Ci\u00eancias Cont\u00e1beis (PPGACC), em parceria com o Sesc Santa Maria, o evento reuniu organiza\u00e7\u00f5es sociais, volunt\u00e1rios e integrantes da comunidade.<\/span><\/p><p><span style=\"font-weight: 400\">No mesmo dia, das 13h30 \u00e0s 17h, o Laborat\u00f3rio de Corte e Costura (Sala 304) recebeu novamente as oficinas semanais do Ensacolarte. A atividade d\u00e1 continuidade ao processo de forma\u00e7\u00e3o e produ\u00e7\u00e3o colaborativa desenvolvido pelo projeto parceiro, com foco em costura, terapia ocupacional, reciclagem e gera\u00e7\u00e3o de renda.<\/span><\/p><h2><span style=\"font-weight: 400\">Corre Dazarte realiza atividades de produ\u00e7\u00e3o<\/span><\/h2><p><span style=\"font-weight: 400\">Encerrando a programa\u00e7\u00e3o da semana, o Laborat\u00f3rio de Corte e Costura (Sala 304) recebeu, das 13h30 \u00e0s 17h, as oficinas semanais do Corre Dazarte.<\/span><\/p><h2><span style=\"font-weight: 400\">Uma semana de conex\u00e3o e impacto social<\/span><\/h2><p><span style=\"font-weight: 400\">A programa\u00e7\u00e3o do Hub IS evidencia a diversidade de iniciativas desenvolvidas e apoiadas pelo espa\u00e7o, reunindo a\u00e7\u00f5es de forma\u00e7\u00e3o profissional, economia solid\u00e1ria, cultura, voluntariado, reciclagem e desenvolvimento social.<\/span><\/p>\t\t\t\t\t\t<\/div>\n\t\t\t\t<\/div>\n\t\t\t\t\t<\/div>\n\t\t<\/div>\n\t\t\t\t\t<\/div>\n\t\t<\/section>\n\t\t\t\t<\/div>\n\t\t","protected":false},"excerpt":{"rendered":"<p>Hub IS promove programa\u00e7\u00e3o com oficinas, a\u00e7\u00f5es de voluntariado e iniciativas de impacto social. Entre os dias 24 e 28 de agosto, o Hub IS contou com uma programa\u00e7\u00e3o voltada \u00e0 forma\u00e7\u00e3o, gera\u00e7\u00e3o de renda, cultura, voluntariado e desenvolvimento social. As atividades incluem oficinas de corte e costura, lan\u00e7amento de oficinas de hip hop e [&hellip;]<\/p>\n","protected":false},"author":9736,"featured_media":1584,"comment_status":"closed","ping_status":"closed","sticky":false,"template":"","format":"standard","meta":{"footnotes":""},"categories":[2,147],"tags":[60,40,136,117],"class_list":["post-1658","post","type-post","status-publish","format-standard","has-post-thumbnail","hentry","category-noticias","category-tbt","tag-incubadorasocial","tag-empreendedorismo","tag-hub-is","tag-ufsm"],"acf":[],"_links":{"self":[{"href":"https:\/\/www.ufsm.br\/pro-reitorias\/pre\/incubadora-social\/wp-json\/wp\/v2\/posts\/1658","targetHints":{"allow":["GET"]}}],"collection":[{"href":"https:\/\/www.ufsm.br\/pro-reitorias\/pre\/incubadora-social\/wp-json\/wp\/v2\/posts"}],"about":[{"href":"https:\/\/www.ufsm.br\/pro-reitorias\/pre\/incubadora-social\/wp-json\/wp\/v2\/types\/post"}],"author":[{"embeddable":true,"href":"https:\/\/www.ufsm.br\/pro-reitorias\/pre\/incubadora-social\/wp-json\/wp\/v2\/users\/9736"}],"replies":[{"embeddable":true,"href":"https:\/\/www.ufsm.br\/pro-reitorias\/pre\/incubadora-social\/wp-json\/wp\/v2\/comments?post=1658"}],"version-history":[{"count":0,"href":"https:\/\/www.ufsm.br\/pro-reitorias\/pre\/incubadora-social\/wp-json\/wp\/v2\/posts\/1658\/revisions"}],"wp:featuredmedia":[{"embeddable":true,"href":"https:\/\/www.ufsm.br\/pro-reitorias\/pre\/incubadora-social\/wp-json\/wp\/v2\/media\/1584"}],"wp:attachment":[{"href":"https:\/\/www.ufsm.br\/pro-reitorias\/pre\/incubadora-social\/wp-json\/wp\/v2\/media?parent=1658"}],"wp:term":[{"taxonomy":"category","embeddable":true,"href":"https:\/\/www.ufsm.br\/pro-reitorias\/pre\/incubadora-social\/wp-json\/wp\/v2\/categories?post=1658"},{"taxonomy":"post_tag","embeddable":true,"href":"https:\/\/www.ufsm.br\/pro-reitorias\/pre\/incubadora-social\/wp-json\/wp\/v2\/tags?post=1658"}],"curies":[{"name":"wp","href":"https:\/\/api.w.org\/{rel}","templated":true}]}}