{"id":1659,"date":"2026-09-03T14:09:29","date_gmt":"2026-09-03T17:09:29","guid":{"rendered":"https:\/\/www.ufsm.br\/pro-reitorias\/pre\/incubadora-social\/?p=1659"},"modified":"2026-09-03T15:32:42","modified_gmt":"2026-09-03T18:32:42","slug":"workshop-precificacao-de-a-a-z-promove-conhecimentos-para-uma-gestao-mais-sustentavel","status":"publish","type":"post","link":"https:\/\/www.ufsm.br\/pro-reitorias\/pre\/incubadora-social\/2026\/09\/03\/workshop-precificacao-de-a-a-z-promove-conhecimentos-para-uma-gestao-mais-sustentavel","title":{"rendered":"Workshop \u201cPrecifica\u00e7\u00e3o de A a Z\u201d promove conhecimentos para uma gest\u00e3o mais sustent\u00e1vel"},"content":{"rendered":"\t\t<div data-elementor-type=\"wp-post\" data-elementor-id=\"1659\" class=\"elementor elementor-1659\">\n\t\t\t\t\t\t<section class=\"elementor-section elementor-top-section elementor-element elementor-element-4380271 elementor-section-boxed elementor-section-height-default elementor-section-height-default\" data-id=\"4380271\" data-element_type=\"section\">\n\t\t\t\t\t\t<div class=\"elementor-container elementor-column-gap-default\">\n\t\t\t\t\t<div class=\"elementor-column elementor-col-50 elementor-top-column elementor-element elementor-element-d7aece1\" data-id=\"d7aece1\" data-element_type=\"column\">\n\t\t\t<div class=\"elementor-widget-wrap elementor-element-populated\">\n\t\t\t\t\t\t<div class=\"elementor-element elementor-element-881c388 elementor-widget elementor-widget-text-editor\" data-id=\"881c388\" data-element_type=\"widget\" data-widget_type=\"text-editor.default\">\n\t\t\t\t<div class=\"elementor-widget-container\">\n\t\t\t\t\t\t\t<p><span style=\"font-weight: 400\">O workshop <\/span><b>\u201cPrecifica\u00e7\u00e3o de A a Z\u201d<\/b><span style=\"font-weight: 400\">\u00a0 realizado pelo <strong>SESC Santa Maria<\/strong>, no audit\u00f3rio 309 do Hub IS, foi uma atividade voltada ao desenvolvimento de conhecimentos, habilidades e compet\u00eancias essenciais para a gest\u00e3o eficiente, estrat\u00e9gica e sustent\u00e1vel de iniciativas sociais e econ\u00f4micas. <\/span><\/p><p><span style=\"font-weight: 400\">A proposta teve como objetivo proporcionar aos participantes uma compreens\u00e3o mais ampla sobre a import\u00e2ncia da precifica\u00e7\u00e3o como ferramenta fundamental para a organiza\u00e7\u00e3o financeira.<\/span><\/p><p><span style=\"font-weight: 400\">Durante o workshop, foram abordados diferentes aspectos relacionados ao processo de forma\u00e7\u00e3o de pre\u00e7os, considerando os principais elementos que devem ser analisados antes da defini\u00e7\u00e3o do valor de venda de um produto ou servi\u00e7o.<\/span><\/p><p><span style=\"font-weight: 400\"> Entre os conte\u00fados trabalhados, destacaram-se os custos envolvidos na produ\u00e7\u00e3o e na presta\u00e7\u00e3o de servi\u00e7os, a identifica\u00e7\u00e3o e diferencia\u00e7\u00e3o entre custos fixos e vari\u00e1veis, os crit\u00e9rios de rateio e a import\u00e2ncia de considerar as despesas operacionais no processo de precifica\u00e7\u00e3o.<\/span><\/p>\t\t\t\t\t\t<\/div>\n\t\t\t\t<\/div>\n\t\t\t\t\t<\/div>\n\t\t<\/div>\n\t\t\t\t<div class=\"elementor-column elementor-col-50 elementor-top-column elementor-element elementor-element-1139350\" data-id=\"1139350\" data-element_type=\"column\">\n\t\t\t<div class=\"elementor-widget-wrap elementor-element-populated\">\n\t\t\t\t\t\t<div class=\"elementor-element elementor-element-75da79b elementor-widget elementor-widget-image\" data-id=\"75da79b\" data-element_type=\"widget\" data-widget_type=\"image.default\">\n\t\t\t\t<div class=\"elementor-widget-container\">\n\t\t\t\t\t\t\t\t\t\t\t\t\t<img fetchpriority=\"high\" decoding=\"async\" width=\"540\" height=\"540\" src=\"https:\/\/www.ufsm.br\/app\/uploads\/sites\/570\/2026\/09\/mimos-e-artesanatos-da-jura.jpg\" class=\"attachment-large size-large wp-image-1660\" alt=\"\" srcset=\"https:\/\/www.ufsm.br\/app\/uploads\/sites\/570\/2026\/09\/mimos-e-artesanatos-da-jura.jpg 540w, https:\/\/www.ufsm.br\/app\/uploads\/sites\/570\/2026\/09\/mimos-e-artesanatos-da-jura-300x300.jpg 300w, https:\/\/www.ufsm.br\/app\/uploads\/sites\/570\/2026\/09\/mimos-e-artesanatos-da-jura-150x150.jpg 150w\" sizes=\"(max-width: 540px) 100vw, 540px\" \/>\t\t\t\t\t\t\t\t\t\t\t\t\t<\/div>\n\t\t\t\t<\/div>\n\t\t\t\t\t<\/div>\n\t\t<\/div>\n\t\t\t\t\t<\/div>\n\t\t<\/section>\n\t\t\t\t<section class=\"elementor-section elementor-top-section elementor-element elementor-element-4c465b0 elementor-section-boxed elementor-section-height-default elementor-section-height-default\" data-id=\"4c465b0\" data-element_type=\"section\">\n\t\t\t\t\t\t<div class=\"elementor-container elementor-column-gap-default\">\n\t\t\t\t\t<div class=\"elementor-column elementor-col-50 elementor-top-column elementor-element elementor-element-3d88cc9\" data-id=\"3d88cc9\" data-element_type=\"column\">\n\t\t\t<div class=\"elementor-widget-wrap elementor-element-populated\">\n\t\t\t\t\t\t<div class=\"elementor-element elementor-element-e627b6b elementor-widget elementor-widget-image\" data-id=\"e627b6b\" data-element_type=\"widget\" data-widget_type=\"image.default\">\n\t\t\t\t<div class=\"elementor-widget-container\">\n\t\t\t\t\t\t\t\t\t\t\t\t\t<img decoding=\"async\" width=\"540\" height=\"540\" src=\"https:\/\/www.ufsm.br\/app\/uploads\/sites\/570\/2026\/09\/mimos-e-artesanatos-da-jura-1.jpg\" class=\"attachment-large size-large wp-image-1661\" alt=\"\" srcset=\"https:\/\/www.ufsm.br\/app\/uploads\/sites\/570\/2026\/09\/mimos-e-artesanatos-da-jura-1.jpg 540w, https:\/\/www.ufsm.br\/app\/uploads\/sites\/570\/2026\/09\/mimos-e-artesanatos-da-jura-1-300x300.jpg 300w, https:\/\/www.ufsm.br\/app\/uploads\/sites\/570\/2026\/09\/mimos-e-artesanatos-da-jura-1-150x150.jpg 150w\" sizes=\"(max-width: 540px) 100vw, 540px\" \/>\t\t\t\t\t\t\t\t\t\t\t\t\t<\/div>\n\t\t\t\t<\/div>\n\t\t\t\t\t<\/div>\n\t\t<\/div>\n\t\t\t\t<div class=\"elementor-column elementor-col-50 elementor-top-column elementor-element elementor-element-06e580c\" data-id=\"06e580c\" data-element_type=\"column\">\n\t\t\t<div class=\"elementor-widget-wrap elementor-element-populated\">\n\t\t\t\t\t\t<div class=\"elementor-element elementor-element-3c15595 elementor-widget elementor-widget-text-editor\" data-id=\"3c15595\" data-element_type=\"widget\" data-widget_type=\"text-editor.default\">\n\t\t\t\t<div class=\"elementor-widget-container\">\n\t\t\t\t\t\t\t<p><span style=\"font-weight: 400\">Tamb\u00e9m foram discutidas estrat\u00e9gias para amplia\u00e7\u00e3o da margem de lucro e para a constru\u00e7\u00e3o de pre\u00e7os que sejam, ao mesmo tempo, competitivos no mercado e adequados \u00e0 realidade financeira de cada empreendimento.<\/span><\/p><p><span style=\"font-weight: 400\">A atividade buscou contribuir para que os participantes desenvolvessem uma vis\u00e3o mais estrat\u00e9gica sobre a rela\u00e7\u00e3o entre custos, pre\u00e7os, vendas e resultados financeiros.<\/span><\/p><p><span style=\"font-weight: 400\">A partir dos conhecimentos apresentados, foi poss\u00edvel refletir sobre a import\u00e2ncia de conhecer detalhadamente os gastos e recursos empregados em cada atividade, evitando a defini\u00e7\u00e3o de pre\u00e7os de maneira intuitiva ou sem considerar todos os fatores que impactam diretamente a sustentabilidade financeira do neg\u00f3cio.<\/span><\/p><p><span style=\"font-weight: 400\"> A realiza\u00e7\u00e3o do workshop esteve alinhada aos prop\u00f3sitos do Hub IS, especialmente ao incentivar o aprimoramento da capacidade de gest\u00e3o, planejamento, organiza\u00e7\u00e3o financeira e tomada de decis\u00f5es.<\/span><\/p>\t\t\t\t\t\t<\/div>\n\t\t\t\t<\/div>\n\t\t\t\t\t<\/div>\n\t\t<\/div>\n\t\t\t\t\t<\/div>\n\t\t<\/section>\n\t\t\t\t<section class=\"elementor-section elementor-top-section elementor-element elementor-element-8171c0b elementor-section-boxed elementor-section-height-default elementor-section-height-default\" data-id=\"8171c0b\" data-element_type=\"section\">\n\t\t\t\t\t\t<div class=\"elementor-container elementor-column-gap-default\">\n\t\t\t\t\t<div class=\"elementor-column elementor-col-100 elementor-top-column elementor-element elementor-element-b9c013c\" data-id=\"b9c013c\" data-element_type=\"column\">\n\t\t\t<div class=\"elementor-widget-wrap elementor-element-populated\">\n\t\t\t\t\t\t<div class=\"elementor-element elementor-element-86721e4 elementor-widget elementor-widget-text-editor\" data-id=\"86721e4\" data-element_type=\"widget\" data-widget_type=\"text-editor.default\">\n\t\t\t\t<div class=\"elementor-widget-container\">\n\t\t\t\t\t\t\t<p><span style=\"font-weight: 400\"> A parceria entre o <\/span><b>Hub IS e o SESC Santa Maria<\/b><span style=\"font-weight: 400\"> representa, portanto, uma importante iniciativa de incentivo \u00e0 capacita\u00e7\u00e3o, \u00e0 troca de <\/span><span style=\"font-weight: 400\">conhecimentos e ao fortalecimento de a\u00e7\u00f5es que promovam desenvolvimento econ\u00f4mico e transforma\u00e7\u00e3o social.\u00a0<\/span><\/p><p><span style=\"font-weight: 400\">Assim, o workshop <\/span><b>\u201cPrecifica\u00e7\u00e3o de A a Z\u201d<\/b><span style=\"font-weight: 400\"> representou uma oportunidade de forma\u00e7\u00e3o e aperfei\u00e7oamento para os participantes, oferecendo conhecimentos aplic\u00e1veis \u00e0 realidade de diferentes iniciativas e fortalecendo compet\u00eancias fundamentais para uma gest\u00e3o mais consciente, planejada e sustent\u00e1vel. A atividade refor\u00e7ou a import\u00e2ncia de integrar conhecimento t\u00e9cnico, planejamento financeiro e vis\u00e3o estrat\u00e9gica para que os empreendimentos possam alcan\u00e7ar melhores resultados, ampliar sua capacidade de atua\u00e7\u00e3o e potencializar o impacto positivo produzido na sociedade.<\/span><\/p>\t\t\t\t\t\t<\/div>\n\t\t\t\t<\/div>\n\t\t\t\t\t<\/div>\n\t\t<\/div>\n\t\t\t\t\t<\/div>\n\t\t<\/section>\n\t\t\t\t<\/div>\n\t\t","protected":false},"excerpt":{"rendered":"<p>O workshop \u201cPrecifica\u00e7\u00e3o de A a Z\u201d\u00a0 realizado pelo SESC Santa Maria, no audit\u00f3rio 309 do Hub IS, foi uma atividade voltada ao desenvolvimento de conhecimentos, habilidades e compet\u00eancias essenciais para a gest\u00e3o eficiente, estrat\u00e9gica e sustent\u00e1vel de iniciativas sociais e econ\u00f4micas. A proposta teve como objetivo proporcionar aos participantes uma compreens\u00e3o mais ampla sobre [&hellip;]<\/p>\n","protected":false},"author":9736,"featured_media":1662,"comment_status":"closed","ping_status":"closed","sticky":false,"template":"","format":"standard","meta":{"footnotes":""},"categories":[2],"tags":[60,40,136,117],"class_list":["post-1659","post","type-post","status-publish","format-standard","has-post-thumbnail","hentry","category-noticias","tag-incubadorasocial","tag-empreendedorismo","tag-hub-is","tag-ufsm"],"acf":[],"_links":{"self":[{"href":"https:\/\/www.ufsm.br\/pro-reitorias\/pre\/incubadora-social\/wp-json\/wp\/v2\/posts\/1659","targetHints":{"allow":["GET"]}}],"collection":[{"href":"https:\/\/www.ufsm.br\/pro-reitorias\/pre\/incubadora-social\/wp-json\/wp\/v2\/posts"}],"about":[{"href":"https:\/\/www.ufsm.br\/pro-reitorias\/pre\/incubadora-social\/wp-json\/wp\/v2\/types\/post"}],"author":[{"embeddable":true,"href":"https:\/\/www.ufsm.br\/pro-reitorias\/pre\/incubadora-social\/wp-json\/wp\/v2\/users\/9736"}],"replies":[{"embeddable":true,"href":"https:\/\/www.ufsm.br\/pro-reitorias\/pre\/incubadora-social\/wp-json\/wp\/v2\/comments?post=1659"}],"version-history":[{"count":0,"href":"https:\/\/www.ufsm.br\/pro-reitorias\/pre\/incubadora-social\/wp-json\/wp\/v2\/posts\/1659\/revisions"}],"wp:featuredmedia":[{"embeddable":true,"href":"https:\/\/www.ufsm.br\/pro-reitorias\/pre\/incubadora-social\/wp-json\/wp\/v2\/media\/1662"}],"wp:attachment":[{"href":"https:\/\/www.ufsm.br\/pro-reitorias\/pre\/incubadora-social\/wp-json\/wp\/v2\/media?parent=1659"}],"wp:term":[{"taxonomy":"category","embeddable":true,"href":"https:\/\/www.ufsm.br\/pro-reitorias\/pre\/incubadora-social\/wp-json\/wp\/v2\/categories?post=1659"},{"taxonomy":"post_tag","embeddable":true,"href":"https:\/\/www.ufsm.br\/pro-reitorias\/pre\/incubadora-social\/wp-json\/wp\/v2\/tags?post=1659"}],"curies":[{"name":"wp","href":"https:\/\/api.w.org\/{rel}","templated":true}]}}