{"id":174,"date":"2013-05-20T14:01:35","date_gmt":"2013-05-20T17:01:35","guid":{"rendered":"https:\/\/www.ufsm.br\/pro-reitorias\/pre\/incubadora-social\/?p=174"},"modified":"2019-01-29T14:03:25","modified_gmt":"2019-01-29T16:03:25","slug":"coordenacao-da-incubadora-social-realiza-reuniao-com-os-empreendimentos","status":"publish","type":"post","link":"https:\/\/www.ufsm.br\/pro-reitorias\/pre\/incubadora-social\/2013\/05\/20\/coordenacao-da-incubadora-social-realiza-reuniao-com-os-empreendimentos","title":{"rendered":"Coordena\u00e7\u00e3o da Incubadora Social realiza reuni\u00e3o com os empreendimentos"},"content":{"rendered":"\n<p style=\"font-weight: 400\">No dia 05 de Abril de 2013 a Incubadora Social realizou no audit\u00f3rio do CCSH (centro) reuni\u00e3o com os Projetos selecionados que participar\u00e3o das a\u00e7\u00f5es de pr\u00e9 incuba\u00e7\u00e3o no decorrer do ano de 2013.<\/p>\n<p style=\"font-weight: 400\">Na reuni\u00e3o, conduzida pelo Vice Pr\u00f3 Reitor de Extens\u00e3o, professor Jos\u00e9 Marcos Froehlich foi apresentada a metodologia do trabalho que ser\u00e1 desenvolvido com os grupos e das Equipes T\u00e9cnicas de Incuba\u00e7\u00e3o que j\u00e1 foram constitu\u00eddas.<\/p>\n<p style=\"font-weight: 400\">Na ocasi\u00e3o foi proposta aos participantes uma visita guiada ao Centro de Eventos da UFSM para que os participantes pudessem conhecer os m\u00f3dulos de incuba\u00e7\u00e3o de cada projeto que foram delimitados de acordo com as regras do edital de sele\u00e7\u00e3o.<\/p>\n","protected":false},"excerpt":{"rendered":"<p>No dia 05 de Abril de 2013 a Incubadora Social realizou no audit\u00f3rio do CCSH (centro) reuni\u00e3o com os Projetos selecionados que participar\u00e3o das a\u00e7\u00f5es de pr\u00e9 incuba\u00e7\u00e3o no decorrer do ano de 2013. Na reuni\u00e3o, conduzida pelo Vice Pr\u00f3 Reitor de Extens\u00e3o, professor Jos\u00e9 Marcos Froehlich foi apresentada a metodologia do trabalho que ser\u00e1 [&hellip;]<\/p>\n","protected":false},"author":118,"featured_media":0,"comment_status":"closed","ping_status":"closed","sticky":false,"template":"","format":"standard","meta":{"footnotes":""},"categories":[2],"tags":[],"class_list":["post-174","post","type-post","status-publish","format-standard","hentry","category-noticias"],"acf":[],"_links":{"self":[{"href":"https:\/\/www.ufsm.br\/pro-reitorias\/pre\/incubadora-social\/wp-json\/wp\/v2\/posts\/174","targetHints":{"allow":["GET"]}}],"collection":[{"href":"https:\/\/www.ufsm.br\/pro-reitorias\/pre\/incubadora-social\/wp-json\/wp\/v2\/posts"}],"about":[{"href":"https:\/\/www.ufsm.br\/pro-reitorias\/pre\/incubadora-social\/wp-json\/wp\/v2\/types\/post"}],"author":[{"embeddable":true,"href":"https:\/\/www.ufsm.br\/pro-reitorias\/pre\/incubadora-social\/wp-json\/wp\/v2\/users\/118"}],"replies":[{"embeddable":true,"href":"https:\/\/www.ufsm.br\/pro-reitorias\/pre\/incubadora-social\/wp-json\/wp\/v2\/comments?post=174"}],"version-history":[{"count":0,"href":"https:\/\/www.ufsm.br\/pro-reitorias\/pre\/incubadora-social\/wp-json\/wp\/v2\/posts\/174\/revisions"}],"wp:attachment":[{"href":"https:\/\/www.ufsm.br\/pro-reitorias\/pre\/incubadora-social\/wp-json\/wp\/v2\/media?parent=174"}],"wp:term":[{"taxonomy":"category","embeddable":true,"href":"https:\/\/www.ufsm.br\/pro-reitorias\/pre\/incubadora-social\/wp-json\/wp\/v2\/categories?post=174"},{"taxonomy":"post_tag","embeddable":true,"href":"https:\/\/www.ufsm.br\/pro-reitorias\/pre\/incubadora-social\/wp-json\/wp\/v2\/tags?post=174"}],"curies":[{"name":"wp","href":"https:\/\/api.w.org\/{rel}","templated":true}]}}