{"id":175,"date":"2013-05-20T14:03:42","date_gmt":"2013-05-20T17:03:42","guid":{"rendered":"https:\/\/www.ufsm.br\/pro-reitorias\/pre\/incubadora-social\/?p=175"},"modified":"2019-01-29T14:05:52","modified_gmt":"2019-01-29T16:05:52","slug":"empreendimentos-visitam-modulos-de-incubacao","status":"publish","type":"post","link":"https:\/\/www.ufsm.br\/pro-reitorias\/pre\/incubadora-social\/2013\/05\/20\/empreendimentos-visitam-modulos-de-incubacao","title":{"rendered":"Empreendimentos visitam m\u00f3dulos de incuba\u00e7\u00e3o"},"content":{"rendered":"\n<p>No dia 08 de abril de 2013 ocorreu a visita\u00e7\u00e3o conjunta dos participantes da IS\/UFSM o que proporcionou aos participantes a possibilidade de discutir a realoca\u00e7\u00e3o dos espa\u00e7os ajustarem-se em comum acordo entre os contemplados, os espa\u00e7os as necessidades de cada empreendimento. A partir do dia 15 de abril os empreendimentos poder\u00e3o iniciar a ocupa\u00e7\u00e3o definitiva dos m\u00f3dulos e ser\u00e3o iniciadas as primeiras a\u00e7\u00f5es de pr\u00e9 &#8211; incuba\u00e7\u00e3o.<\/p>\n","protected":false},"excerpt":{"rendered":"<p>No dia 08 de abril de 2013 ocorreu a visita\u00e7\u00e3o conjunta dos participantes da IS\/UFSM o que proporcionou aos participantes a possibilidade de discutir a realoca\u00e7\u00e3o dos espa\u00e7os ajustarem-se em comum acordo entre os contemplados, os espa\u00e7os as necessidades de cada empreendimento. A partir do dia 15 de abril os empreendimentos poder\u00e3o iniciar a ocupa\u00e7\u00e3o [&hellip;]<\/p>\n","protected":false},"author":118,"featured_media":0,"comment_status":"closed","ping_status":"closed","sticky":false,"template":"","format":"standard","meta":{"footnotes":""},"categories":[1],"tags":[],"class_list":["post-175","post","type-post","status-publish","format-standard","hentry","category-sem-categoria"],"acf":[],"_links":{"self":[{"href":"https:\/\/www.ufsm.br\/pro-reitorias\/pre\/incubadora-social\/wp-json\/wp\/v2\/posts\/175","targetHints":{"allow":["GET"]}}],"collection":[{"href":"https:\/\/www.ufsm.br\/pro-reitorias\/pre\/incubadora-social\/wp-json\/wp\/v2\/posts"}],"about":[{"href":"https:\/\/www.ufsm.br\/pro-reitorias\/pre\/incubadora-social\/wp-json\/wp\/v2\/types\/post"}],"author":[{"embeddable":true,"href":"https:\/\/www.ufsm.br\/pro-reitorias\/pre\/incubadora-social\/wp-json\/wp\/v2\/users\/118"}],"replies":[{"embeddable":true,"href":"https:\/\/www.ufsm.br\/pro-reitorias\/pre\/incubadora-social\/wp-json\/wp\/v2\/comments?post=175"}],"version-history":[{"count":0,"href":"https:\/\/www.ufsm.br\/pro-reitorias\/pre\/incubadora-social\/wp-json\/wp\/v2\/posts\/175\/revisions"}],"wp:attachment":[{"href":"https:\/\/www.ufsm.br\/pro-reitorias\/pre\/incubadora-social\/wp-json\/wp\/v2\/media?parent=175"}],"wp:term":[{"taxonomy":"category","embeddable":true,"href":"https:\/\/www.ufsm.br\/pro-reitorias\/pre\/incubadora-social\/wp-json\/wp\/v2\/categories?post=175"},{"taxonomy":"post_tag","embeddable":true,"href":"https:\/\/www.ufsm.br\/pro-reitorias\/pre\/incubadora-social\/wp-json\/wp\/v2\/tags?post=175"}],"curies":[{"name":"wp","href":"https:\/\/api.w.org\/{rel}","templated":true}]}}