{"id":176,"date":"2013-06-03T14:06:47","date_gmt":"2013-06-03T17:06:47","guid":{"rendered":"https:\/\/www.ufsm.br\/pro-reitorias\/pre\/incubadora-social\/?p=176"},"modified":"2019-01-29T14:07:43","modified_gmt":"2019-01-29T16:07:43","slug":"is-ufsm-no-encontro-nacional-de-incubadoras-e-projetos-universitarios-de-apoio-a-economia-solidaria","status":"publish","type":"post","link":"https:\/\/www.ufsm.br\/pro-reitorias\/pre\/incubadora-social\/2013\/06\/03\/is-ufsm-no-encontro-nacional-de-incubadoras-e-projetos-universitarios-de-apoio-a-economia-solidaria","title":{"rendered":"IS\/UFSM no Encontro Nacional de Incubadoras e Projetos Universit\u00e1rios de apoio a Economia Solid\u00e1ria"},"content":{"rendered":"\n<p>A Incubadora Social da UFSM enviar\u00e1 representante ao Encontro Nacional de Incubadoras e Programas Projetos Universit\u00e1rios de apoio a Economia Solid\u00e1ria que ocorrer\u00e1 dos dias 11 a 13 de junho em Luzi\u00e2nia-GO. O encontro ser\u00e1 promovido pelo Minist\u00e9rio do Trabalho e Emprego atrav\u00e9s da Secretaria Nacional de Economia Solid\u00e1ria e objetiva debater e elaborar proposi\u00e7\u00f5es sobre as pol\u00edticas de economia solid\u00e1ria e de desenvolvimento cient\u00edfico e tecnol\u00f3gico e o papel das institui\u00e7\u00f5es de ensino superior (IES) para a promo\u00e7\u00e3o de um processo de desenvolvimento nacional sustent\u00e1vel e solid\u00e1rio.<\/p>\n","protected":false},"excerpt":{"rendered":"<p>A Incubadora Social da UFSM enviar\u00e1 representante ao Encontro Nacional de Incubadoras e Programas Projetos Universit\u00e1rios de apoio a Economia Solid\u00e1ria que ocorrer\u00e1 dos dias 11 a 13 de junho em Luzi\u00e2nia-GO. O encontro ser\u00e1 promovido pelo Minist\u00e9rio do Trabalho e Emprego atrav\u00e9s da Secretaria Nacional de Economia Solid\u00e1ria e objetiva debater e elaborar proposi\u00e7\u00f5es [&hellip;]<\/p>\n","protected":false},"author":118,"featured_media":0,"comment_status":"closed","ping_status":"closed","sticky":false,"template":"","format":"standard","meta":{"footnotes":""},"categories":[1],"tags":[],"class_list":["post-176","post","type-post","status-publish","format-standard","hentry","category-sem-categoria"],"acf":[],"_links":{"self":[{"href":"https:\/\/www.ufsm.br\/pro-reitorias\/pre\/incubadora-social\/wp-json\/wp\/v2\/posts\/176","targetHints":{"allow":["GET"]}}],"collection":[{"href":"https:\/\/www.ufsm.br\/pro-reitorias\/pre\/incubadora-social\/wp-json\/wp\/v2\/posts"}],"about":[{"href":"https:\/\/www.ufsm.br\/pro-reitorias\/pre\/incubadora-social\/wp-json\/wp\/v2\/types\/post"}],"author":[{"embeddable":true,"href":"https:\/\/www.ufsm.br\/pro-reitorias\/pre\/incubadora-social\/wp-json\/wp\/v2\/users\/118"}],"replies":[{"embeddable":true,"href":"https:\/\/www.ufsm.br\/pro-reitorias\/pre\/incubadora-social\/wp-json\/wp\/v2\/comments?post=176"}],"version-history":[{"count":0,"href":"https:\/\/www.ufsm.br\/pro-reitorias\/pre\/incubadora-social\/wp-json\/wp\/v2\/posts\/176\/revisions"}],"wp:attachment":[{"href":"https:\/\/www.ufsm.br\/pro-reitorias\/pre\/incubadora-social\/wp-json\/wp\/v2\/media?parent=176"}],"wp:term":[{"taxonomy":"category","embeddable":true,"href":"https:\/\/www.ufsm.br\/pro-reitorias\/pre\/incubadora-social\/wp-json\/wp\/v2\/categories?post=176"},{"taxonomy":"post_tag","embeddable":true,"href":"https:\/\/www.ufsm.br\/pro-reitorias\/pre\/incubadora-social\/wp-json\/wp\/v2\/tags?post=176"}],"curies":[{"name":"wp","href":"https:\/\/api.w.org\/{rel}","templated":true}]}}