{"id":177,"date":"2013-06-07T14:09:03","date_gmt":"2013-06-07T17:09:03","guid":{"rendered":"https:\/\/www.ufsm.br\/pro-reitorias\/pre\/incubadora-social\/?p=177"},"modified":"2019-01-29T14:09:41","modified_gmt":"2019-01-29T16:09:41","slug":"rodada-de-dialogos-sobre-incubacao-social","status":"publish","type":"post","link":"https:\/\/www.ufsm.br\/pro-reitorias\/pre\/incubadora-social\/2013\/06\/07\/rodada-de-dialogos-sobre-incubacao-social","title":{"rendered":"Rodada de di\u00e1logos sobre incuba\u00e7\u00e3o social"},"content":{"rendered":"\n<p>A Incubadora Social &#8211; IS\/UFSM promove nesta Quinta Feira dia 11.07.2013 \u00e1s 09 horas no espa\u00e7o Multiuso uma Rodada de di\u00e1logos sobre quais as poss\u00edveis rela\u00e7\u00f5es entre Economia Solid\u00e1ria e as contribui\u00e7\u00f5es das universidades. O encontro ser\u00e1 uma roda de conversa, com a media\u00e7\u00e3o do Prof. Ioshiaqui Shimbo, (UFSCar) que buscar\u00e1 refletir sobre a Economia Solid\u00e1ria como \u00e1rea de conhecimento e campo de atua\u00e7\u00e3o profissional. O evento \u00e9 dirigido a Equipe T\u00e9cnica de Incuba\u00e7\u00e3o que atua nos projetos da Incubadora Social. O convite \u00e9 estendido tamb\u00e9m a toda comunidade universit\u00e1ria interessada na tem\u00e1tica de Incuba\u00e7\u00e3o Social.<\/p>\n","protected":false},"excerpt":{"rendered":"<p>A Incubadora Social &#8211; IS\/UFSM promove nesta Quinta Feira dia 11.07.2013 \u00e1s 09 horas no espa\u00e7o Multiuso uma Rodada de di\u00e1logos sobre quais as poss\u00edveis rela\u00e7\u00f5es entre Economia Solid\u00e1ria e as contribui\u00e7\u00f5es das universidades. O encontro ser\u00e1 uma roda de conversa, com a media\u00e7\u00e3o do Prof. Ioshiaqui Shimbo, (UFSCar) que buscar\u00e1 refletir sobre a Economia [&hellip;]<\/p>\n","protected":false},"author":118,"featured_media":0,"comment_status":"closed","ping_status":"closed","sticky":false,"template":"","format":"standard","meta":{"footnotes":""},"categories":[1],"tags":[],"class_list":["post-177","post","type-post","status-publish","format-standard","hentry","category-sem-categoria"],"acf":[],"_links":{"self":[{"href":"https:\/\/www.ufsm.br\/pro-reitorias\/pre\/incubadora-social\/wp-json\/wp\/v2\/posts\/177","targetHints":{"allow":["GET"]}}],"collection":[{"href":"https:\/\/www.ufsm.br\/pro-reitorias\/pre\/incubadora-social\/wp-json\/wp\/v2\/posts"}],"about":[{"href":"https:\/\/www.ufsm.br\/pro-reitorias\/pre\/incubadora-social\/wp-json\/wp\/v2\/types\/post"}],"author":[{"embeddable":true,"href":"https:\/\/www.ufsm.br\/pro-reitorias\/pre\/incubadora-social\/wp-json\/wp\/v2\/users\/118"}],"replies":[{"embeddable":true,"href":"https:\/\/www.ufsm.br\/pro-reitorias\/pre\/incubadora-social\/wp-json\/wp\/v2\/comments?post=177"}],"version-history":[{"count":0,"href":"https:\/\/www.ufsm.br\/pro-reitorias\/pre\/incubadora-social\/wp-json\/wp\/v2\/posts\/177\/revisions"}],"wp:attachment":[{"href":"https:\/\/www.ufsm.br\/pro-reitorias\/pre\/incubadora-social\/wp-json\/wp\/v2\/media?parent=177"}],"wp:term":[{"taxonomy":"category","embeddable":true,"href":"https:\/\/www.ufsm.br\/pro-reitorias\/pre\/incubadora-social\/wp-json\/wp\/v2\/categories?post=177"},{"taxonomy":"post_tag","embeddable":true,"href":"https:\/\/www.ufsm.br\/pro-reitorias\/pre\/incubadora-social\/wp-json\/wp\/v2\/tags?post=177"}],"curies":[{"name":"wp","href":"https:\/\/api.w.org\/{rel}","templated":true}]}}