{"id":256,"date":"2020-08-04T15:36:02","date_gmt":"2020-08-04T18:36:02","guid":{"rendered":"https:\/\/www.ufsm.br\/pro-reitorias\/pre\/incubadora-social\/?p=256"},"modified":"2023-05-03T10:28:19","modified_gmt":"2023-05-03T13:28:19","slug":"associacao-ara-dudu-promove-atividades-e-oficinas-durante-a-pandemia","status":"publish","type":"post","link":"https:\/\/www.ufsm.br\/pro-reitorias\/pre\/incubadora-social\/2020\/08\/04\/associacao-ara-dudu-promove-atividades-e-oficinas-durante-a-pandemia","title":{"rendered":"Associa\u00e7\u00e3o Ar\u00e1 Dudu promove a\u00e7\u00f5es e oficinas durante a pandemia"},"content":{"rendered":"\t\t<div data-elementor-type=\"wp-post\" data-elementor-id=\"256\" class=\"elementor elementor-256\">\n\t\t\t\t\t\t<section class=\"elementor-section elementor-top-section elementor-element elementor-element-4a5a179a elementor-section-boxed elementor-section-height-default elementor-section-height-default\" data-id=\"4a5a179a\" data-element_type=\"section\">\n\t\t\t\t\t\t<div class=\"elementor-container elementor-column-gap-default\">\n\t\t\t\t\t<div class=\"elementor-column elementor-col-100 elementor-top-column elementor-element elementor-element-a329bd0\" data-id=\"a329bd0\" data-element_type=\"column\">\n\t\t\t<div class=\"elementor-widget-wrap elementor-element-populated\">\n\t\t\t\t\t\t<div class=\"elementor-element elementor-element-1ccba7ec elementor-widget elementor-widget-text-editor\" data-id=\"1ccba7ec\" data-element_type=\"widget\" data-widget_type=\"text-editor.default\">\n\t\t\t\t<div class=\"elementor-widget-container\">\n\t\t\t\t\t\t\t<p><!-- wp:tadv\/classic-paragraph --><\/p>\n<p style=\"text-align: left\">O surgimento inesperado da pandemia de Covid-19, doen\u00e7a causada pelo novo coronav\u00edrus, a partir de mar\u00e7o deste ano, ocasionou uma s\u00e9rie de necess\u00e1rias medidas de preven\u00e7\u00e3o, sendo o distanciamento social a principal delas. Tais medidas levaram a uma paralisa\u00e7\u00e3o quase total de atividades presenciais em v\u00e1rias institui\u00e7\u00f5es, incluindo a Universidade Federal de Santa Maria. Dentre essas atividades, est\u00e3o as realizadas pelos nove grupos incubados na nossa <strong>Incubadora Social<\/strong>. Alguns desses grupos tiveram suas atividades bastante impactadas pela pandemia, mas nem por isso deixaram de promover a\u00e7\u00f5es, projetos e oficinas dentro de seus eixos de atua\u00e7\u00e3o.<\/p>\n<p style=\"text-align: left\">\u00c9 o caso da <strong>Associa\u00e7\u00e3o de Arte e Cultura Negra Ar\u00e1 Dudu<\/strong>. Formada por uma equipe majoritariamente negra, o grupo trabalha com a constru\u00e7\u00e3o e a promo\u00e7\u00e3o tanto da arte quanto da produ\u00e7\u00e3o cultural negra em Santa Maria. Inicialmente um coletivo, o grupo se tornou uma associa\u00e7\u00e3o, em 2017, ao ingressar na Incubadora Social. Antes mesmo da pandemia, a .associa\u00e7\u00e3o, al\u00e9m das rotineiras produ\u00e7\u00f5es ligadas ao artesanato e \u00e0 produ\u00e7\u00e3o cultural, j\u00e1 estava desenvolvendo uma a\u00e7\u00e3o muito especial: o <strong>Projeto Obirin &#8220;Feminina Moda Negra&#8221;.<\/strong> Voltado para a exalta\u00e7\u00e3o da moda afro, o projeto buscou a capacita\u00e7\u00e3o de 50 mulheres, atrav\u00e9s de cursos de corte, costura e modelagem. Com as restri\u00e7\u00f5es impostas pela chegada da pandemia, a associa\u00e7\u00e3o precisou interromper as atividades presenciais do projeto, mas logo as continuaram de forma online, o que possibilitou a confec\u00e7\u00e3o de diversas pe\u00e7as de vestu\u00e1rio e acess\u00f3rios afro.\u00a0<\/p>\n<p><img fetchpriority=\"high\" decoding=\"async\" class=\"alignleft\" style=\"color: #000000;font-size: 16px\" src=\"https:\/\/www.ufsm.br\/pro-reitorias\/pre\/incubadora-social\/wp-content\/uploads\/sites\/570\/2020\/08\/colagem-ara-dudu-site-2-300x300.jpg\" alt=\"\" width=\"300\" height=\"300\" \/><\/p>\n<p style=\"text-align: left\">No \u00faltimo dia 25 de julho, a Associa\u00e7\u00e3o divulgou, em comemora\u00e7\u00e3o ao Dia da Mulher Negra Latino-Americana e Caribenha, a primeira parte de um document\u00e1rio, no qual foi mostrado o processo criativo do Projeto Obirin \u201cFeminina Moda Negra\u201d, al\u00e9m de um desfile com as pe\u00e7as e os acess\u00f3rios produzidos pelas participantes durante a capacita\u00e7\u00e3o. O projeto, em parceria com Il\u00ea Ax\u00e9 Omin Orun (Ase Leme), contou com o apoio do Fundo Elas de Investimento Social, da Laudes Foundation e da Incubadora Social da UFSM. Segundo a associa\u00e7\u00e3o, \u201cobirin\u201d \u00e9 uma palavra africana de origem Yorub\u00e1, que significa \u201cfeminina\u201d, e \u201cessa feminilidade d\u00e1 nome a este projeto j\u00e1 como um meio de liga\u00e7\u00e3o e de empoderamento m\u00fatuo das jovens e mulheres que, em forma de rede, aprendem umas com as outras e se fortalecem construindo autonomia em todas as dimens\u00f5es de suas vidas\u201d. As atividades foram realizadas no Centro Cultural Ase Leme, localizado na Comunidade do Beco da Tela, e na Antiga Reitoria da UFSM, onde, al\u00e9m dos cursos de\u00a0<span style=\"color: black;font-size: 1rem\">capacita\u00e7\u00e3o, as participantes tiveram apoio jur\u00eddico e psicol\u00f3gico. O document\u00e1rio pode\u00a0<\/span><span style=\"color: black;font-size: 1rem\">ser conferido no <a href=\"https:\/\/www.youtube.com\/watch?v=O3j87iP8dG0\">canal no YouTube<\/a> da Associa\u00e7\u00e3o.\u00a0<\/span><\/p>\n<p><img decoding=\"async\" class=\"size-medium wp-image-268 alignright\" style=\"color: #000000;font-size: 16px\" src=\"https:\/\/www.ufsm.br\/pro-reitorias\/pre\/incubadora-social\/wp-content\/uploads\/sites\/570\/2020\/08\/colagem-ara-dudu-site-300x300.jpg\" alt=\"\" width=\"300\" height=\"300\" srcset=\"https:\/\/www.ufsm.br\/app\/uploads\/sites\/570\/2020\/08\/colagem-ara-dudu-site-300x300.jpg 300w, https:\/\/www.ufsm.br\/app\/uploads\/sites\/570\/2020\/08\/colagem-ara-dudu-site-1024x1024.jpg 1024w, https:\/\/www.ufsm.br\/app\/uploads\/sites\/570\/2020\/08\/colagem-ara-dudu-site-150x150.jpg 150w, https:\/\/www.ufsm.br\/app\/uploads\/sites\/570\/2020\/08\/colagem-ara-dudu-site-768x768.jpg 768w, https:\/\/www.ufsm.br\/app\/uploads\/sites\/570\/2020\/08\/colagem-ara-dudu-site.jpg 1080w\" sizes=\"(max-width: 300px) 100vw, 300px\" \/><\/p>\n<div>\n<div>Percebendo que, al\u00e9m de ter gerado um aumento nos casos de viol\u00eancia contra\u00a0<span style=\"color: black;font-size: 1rem\">as mulheres, a pandemia de covid-19 tamb\u00e9m trouxe o triste agravamento da fome, do\u00a0<\/span><span style=\"color: black;font-size: 1rem\">desemprego e do frio entre as popula\u00e7\u00f5es mais vulner\u00e1veis, a associa\u00e7\u00e3o resolveu n\u00e3o\u00a0<\/span><span style=\"color: black;font-size: 1rem\">ficar de bra\u00e7os cruzados diante desse cen\u00e1rio. Buscando atender, inicialmente, a\u00a0<\/span><span style=\"color: black;font-size: 1rem\">necessidade de manter a popula\u00e7\u00e3o em situa\u00e7\u00e3o de vulnerabilidade protegida do v\u00edrus,\u00a0<\/span><span style=\"color: black;font-size: 1rem\">a Associa\u00e7\u00e3o Ar\u00e1 Dudu se organizou, dentro das possibilidades, e doou, atrav\u00e9s de\u00a0<\/span><span style=\"color: black;font-size: 1rem\">uma campanha solid\u00e1ria de arrecada\u00e7\u00e3o de alimentos, cerca de <strong>500 cestas b\u00e1sicas<\/strong>.\u00a0<\/span><span style=\"color: black;font-size: 1rem\">Tamb\u00e9m foram confeccionadas mais de <strong>2 mil m\u00e1scaras<\/strong> pela associa\u00e7\u00e3o, das quais\u00a0<\/span><span style=\"color: black;font-size: 1rem\">uma parte foi doada e outra parte comercializada, com a renda tendo sido revertida\u00a0<\/span><span style=\"color: black;font-size: 1rem\">para as mulheres artes\u00e3s que integram o projeto. Para ajudar a enfrentar o rigoroso\u00a0<\/span><span style=\"color: black;font-size: 1rem\">inverno ga\u00facho e tamb\u00e9m gerar renda para os participantes, um grupo j\u00e1 iniciou a\u00a0<\/span><span style=\"color: black;font-size: 1rem\">confec\u00e7\u00e3o de chinelos de pel\u00facia, sob a orienta\u00e7\u00e3o da Presidenta da Associa\u00e7\u00e3o,\u00a0<\/span><span style=\"color: black;font-size: 1rem\">Carmem L\u00facia, a Baiana. A Associa\u00e7\u00e3o de Arte e Cultura Negra Ar\u00e1 Dudu viu, na\u00a0<\/span><span style=\"color: black;font-size: 1rem\">pandemia, uma necessidade ainda maior de intensificar suas atividades voltadas \u00e0\u00a0<\/span><span style=\"color: black;font-size: 1rem\">popula\u00e7\u00e3o ne<\/span><span style=\"color: black;font-size: 1rem\">gra de Santa Maria, o que pode ser visto pelos diversos projetos e pelas\u00a0<\/span><span style=\"color: black;font-size: 1rem\">diversas a\u00e7\u00f5es que o grupo segue criando e realizando.<\/span><\/div>\n<div><span style=\"color: black;font-size: 1rem\">\u00a0<\/span><\/div>\n<div><span style=\"color: black;font-size: 1rem\">Mais informa\u00e7\u00f5es sobre as a\u00e7\u00f5es e atividades da Ar\u00e1 Dudu voc\u00ea confere no <a href=\"https:\/\/sitearadudu.wixsite.com\/associacaoaradudu\">site<\/a> e na <a href=\"https:\/\/www.facebook.com\/aradudu\/\">p\u00e1gina do Facebook<\/a> da Associa\u00e7\u00e3o!<\/span><\/div>\n<div><span style=\"color: black;font-size: 1rem\">\u00a0<\/span><\/div>\n<div>\n<div><em>Texto: Bernardo Abbad da Rocha &#8211; PRE UFSM<\/em><\/div>\n<div><em>Revis\u00e3o: Erica Medeiros &#8211; PRE UFSM<\/em><\/div>\n<\/div>\n<div>\u00a0<\/div>\n<div><span style=\"color: black;font-size: 1rem\">\u00a0<\/span><\/div>\n<p style=\"text-align: left\">\u00a0<\/p>\n<p style=\"text-align: left\">\u00a0<\/p>\n<p style=\"text-align: left\">\u00a0<\/p>\n<p style=\"text-align: left\">\u00a0<\/p>\n<p><!-- \/wp:tadv\/classic-paragraph --><\/p>\n<\/div>\t\t\t\t\t\t<\/div>\n\t\t\t\t<\/div>\n\t\t\t\t\t<\/div>\n\t\t<\/div>\n\t\t\t\t\t<\/div>\n\t\t<\/section>\n\t\t\t\t<\/div>\n\t\t","protected":false},"excerpt":{"rendered":"<p>O surgimento inesperado da pandemia de Covid-19, doen\u00e7a causada pelo novo coronav\u00edrus, a partir de mar\u00e7o deste ano, ocasionou uma s\u00e9rie de necess\u00e1rias medidas de preven\u00e7\u00e3o, sendo o distanciamento social a principal delas. Tais medidas levaram a uma paralisa\u00e7\u00e3o quase total de atividades presenciais em v\u00e1rias institui\u00e7\u00f5es, incluindo a Universidade Federal de Santa Maria. Dentre [&hellip;]<\/p>\n","protected":false},"author":2928,"featured_media":0,"comment_status":"closed","ping_status":"closed","sticky":false,"template":"","format":"standard","meta":{"footnotes":""},"categories":[2],"tags":[],"class_list":["post-256","post","type-post","status-publish","format-standard","hentry","category-noticias"],"acf":[],"_links":{"self":[{"href":"https:\/\/www.ufsm.br\/pro-reitorias\/pre\/incubadora-social\/wp-json\/wp\/v2\/posts\/256","targetHints":{"allow":["GET"]}}],"collection":[{"href":"https:\/\/www.ufsm.br\/pro-reitorias\/pre\/incubadora-social\/wp-json\/wp\/v2\/posts"}],"about":[{"href":"https:\/\/www.ufsm.br\/pro-reitorias\/pre\/incubadora-social\/wp-json\/wp\/v2\/types\/post"}],"author":[{"embeddable":true,"href":"https:\/\/www.ufsm.br\/pro-reitorias\/pre\/incubadora-social\/wp-json\/wp\/v2\/users\/2928"}],"replies":[{"embeddable":true,"href":"https:\/\/www.ufsm.br\/pro-reitorias\/pre\/incubadora-social\/wp-json\/wp\/v2\/comments?post=256"}],"version-history":[{"count":0,"href":"https:\/\/www.ufsm.br\/pro-reitorias\/pre\/incubadora-social\/wp-json\/wp\/v2\/posts\/256\/revisions"}],"wp:attachment":[{"href":"https:\/\/www.ufsm.br\/pro-reitorias\/pre\/incubadora-social\/wp-json\/wp\/v2\/media?parent=256"}],"wp:term":[{"taxonomy":"category","embeddable":true,"href":"https:\/\/www.ufsm.br\/pro-reitorias\/pre\/incubadora-social\/wp-json\/wp\/v2\/categories?post=256"},{"taxonomy":"post_tag","embeddable":true,"href":"https:\/\/www.ufsm.br\/pro-reitorias\/pre\/incubadora-social\/wp-json\/wp\/v2\/tags?post=256"}],"curies":[{"name":"wp","href":"https:\/\/api.w.org\/{rel}","templated":true}]}}