{"id":445,"date":"2021-11-05T10:38:00","date_gmt":"2021-11-05T13:38:00","guid":{"rendered":"https:\/\/www.ufsm.br\/pro-reitorias\/pre\/incubadora-social\/?p=445"},"modified":"2021-11-05T10:39:02","modified_gmt":"2021-11-05T13:39:02","slug":"incubadora-social-inicia-novo-ciclo-de-incubacao-de-empreendimentos","status":"publish","type":"post","link":"https:\/\/www.ufsm.br\/pro-reitorias\/pre\/incubadora-social\/2021\/11\/05\/incubadora-social-inicia-novo-ciclo-de-incubacao-de-empreendimentos","title":{"rendered":"Incubadora Social inicia novo ciclo de incuba\u00e7\u00e3o de empreendimentos"},"content":{"rendered":"\t\t<div data-elementor-type=\"wp-post\" data-elementor-id=\"445\" class=\"elementor elementor-445\">\n\t\t\t\t\t\t<section class=\"elementor-section elementor-top-section elementor-element elementor-element-cafa0b7 elementor-section-boxed elementor-section-height-default elementor-section-height-default\" data-id=\"cafa0b7\" data-element_type=\"section\">\n\t\t\t\t\t\t<div class=\"elementor-container elementor-column-gap-default\">\n\t\t\t\t\t<div class=\"elementor-column elementor-col-100 elementor-top-column elementor-element elementor-element-50e39de\" data-id=\"50e39de\" data-element_type=\"column\">\n\t\t\t<div class=\"elementor-widget-wrap elementor-element-populated\">\n\t\t\t\t\t\t<div class=\"elementor-element elementor-element-8233803 elementor-widget elementor-widget-text-editor\" data-id=\"8233803\" data-element_type=\"widget\" data-widget_type=\"text-editor.default\">\n\t\t\t\t<div class=\"elementor-widget-container\">\n\t\t\t\t\t\t\t<p>Foi realizada, no \u00faltimo dia 26 de outubro, a reuni\u00e3o de reconstitui\u00e7\u00e3o do Colegiado Gestor da Incubadora Social UFSM. A atividade marcou o in\u00edcio do novo ciclo de Incuba\u00e7\u00e3o de empreendimentos sociais junto \u00e0 universidade. O colegiado ter\u00e1 por objetivo acompanhar o processo de incuba\u00e7\u00e3o dos novos empreendimentos credenciados \u00e0 IS-UFSM. A Incubadora Social UFSM foi implantada pela Pr\u00f3-reitoria de Extens\u00e3o (PRE), em 2012, como um programa piloto e, em 2016, foi institucionalizada. Atualmente, \u00e9 um \u00d3rg\u00e3o de Apoio da Administra\u00e7\u00e3o Superior, vinculado \u00e0 Pr\u00f3-reitoria de Extens\u00e3o (PRE) para fins de supervis\u00e3o administrativa.\u00a0<\/p><p>Em seu \u00faltimo edital de incuba\u00e7\u00e3o, lan\u00e7ado em 2016, foram selecionados grupos de segmentos variados como: agricultura familiar e org\u00e2nica, artesanato, alimenta\u00e7\u00e3o, coleta de res\u00edduos s\u00f3lidos, al\u00e9m de grupos ligados \u00e0 cultura negra, ind\u00edgena e quilombola. Ap\u00f3s a sele\u00e7\u00e3o, os grupos ou empreendimentos passaram por um per\u00edodo de pr\u00e9-incuba\u00e7\u00e3o, incuba\u00e7\u00e3o e desincuba\u00e7\u00e3o. No total de projetos selecionados, seis conclu\u00edram todo o ciclo e desincubaram em maio de 2021.\u00a0<\/p><p><a href=\"https:\/\/www.ufsm.br\/app\/uploads\/sites\/570\/2021\/11\/WhatsApp-Image-2021-11-04-at-14.55.59.jpeg\"><img fetchpriority=\"high\" decoding=\"async\" class=\"alignleft size-medium wp-image-446\" src=\"https:\/\/www.ufsm.br\/app\/uploads\/sites\/570\/2021\/11\/WhatsApp-Image-2021-11-04-at-14.55.59-300x300.jpeg\" alt=\"\" width=\"300\" height=\"300\" srcset=\"https:\/\/www.ufsm.br\/app\/uploads\/sites\/570\/2021\/11\/WhatsApp-Image-2021-11-04-at-14.55.59-300x300.jpeg 300w, https:\/\/www.ufsm.br\/app\/uploads\/sites\/570\/2021\/11\/WhatsApp-Image-2021-11-04-at-14.55.59-1024x1024.jpeg 1024w, https:\/\/www.ufsm.br\/app\/uploads\/sites\/570\/2021\/11\/WhatsApp-Image-2021-11-04-at-14.55.59-150x150.jpeg 150w, https:\/\/www.ufsm.br\/app\/uploads\/sites\/570\/2021\/11\/WhatsApp-Image-2021-11-04-at-14.55.59-768x768.jpeg 768w, https:\/\/www.ufsm.br\/app\/uploads\/sites\/570\/2021\/11\/WhatsApp-Image-2021-11-04-at-14.55.59.jpeg 1080w\" sizes=\"(max-width: 300px) 100vw, 300px\" \/><\/a>A nova metodologia, produto de uma disserta\u00e7\u00e3o de mestrado elaborada pela T\u00e9cnica em Assuntos Educacionais da IS-UFSM, Elisandra Della-Flora Weinitschke, foi apresentada ao Colegiado Gestor na durante a reuni\u00e3o. O m\u00e9todo inclui mais uma etapa no processo de incuba\u00e7\u00e3o: Sensibiliza\u00e7\u00e3o e Mobiliza\u00e7\u00e3o, que deve acontecer antes da pr\u00e9-incuba\u00e7\u00e3o e logo ap\u00f3s a desincuba\u00e7\u00e3o. Al\u00e9m disso, de acordo com o novo regimento da IS-UFSM, empreendimentos individuais tamb\u00e9m poder\u00e3o ser incubados. Voc\u00ea pode acessar a\u00a0<a href=\"https:\/\/www.ufsm.br\/app\/uploads\/sites\/570\/2021\/11\/manual-incubacao-IS.pdf\">nova metodologia da Incubadora<\/a><\/p>\t\t\t\t\t\t<\/div>\n\t\t\t\t<\/div>\n\t\t\t\t\t<\/div>\n\t\t<\/div>\n\t\t\t\t\t<\/div>\n\t\t<\/section>\n\t\t\t\t<\/div>\n\t\t","protected":false},"excerpt":{"rendered":"<p>Reuni\u00e3o do Colegiado Gestor da IS-UFSM deu inicio as atividades com os novos empreendimentos<\/p>\n","protected":false},"author":1452,"featured_media":446,"comment_status":"closed","ping_status":"closed","sticky":false,"template":"","format":"standard","meta":{"footnotes":""},"categories":[2],"tags":[30],"class_list":["post-445","post","type-post","status-publish","format-standard","has-post-thumbnail","hentry","category-noticias","tag-colegiado-gestor"],"acf":[],"_links":{"self":[{"href":"https:\/\/www.ufsm.br\/pro-reitorias\/pre\/incubadora-social\/wp-json\/wp\/v2\/posts\/445","targetHints":{"allow":["GET"]}}],"collection":[{"href":"https:\/\/www.ufsm.br\/pro-reitorias\/pre\/incubadora-social\/wp-json\/wp\/v2\/posts"}],"about":[{"href":"https:\/\/www.ufsm.br\/pro-reitorias\/pre\/incubadora-social\/wp-json\/wp\/v2\/types\/post"}],"author":[{"embeddable":true,"href":"https:\/\/www.ufsm.br\/pro-reitorias\/pre\/incubadora-social\/wp-json\/wp\/v2\/users\/1452"}],"replies":[{"embeddable":true,"href":"https:\/\/www.ufsm.br\/pro-reitorias\/pre\/incubadora-social\/wp-json\/wp\/v2\/comments?post=445"}],"version-history":[{"count":0,"href":"https:\/\/www.ufsm.br\/pro-reitorias\/pre\/incubadora-social\/wp-json\/wp\/v2\/posts\/445\/revisions"}],"wp:featuredmedia":[{"embeddable":true,"href":"https:\/\/www.ufsm.br\/pro-reitorias\/pre\/incubadora-social\/wp-json\/wp\/v2\/media\/446"}],"wp:attachment":[{"href":"https:\/\/www.ufsm.br\/pro-reitorias\/pre\/incubadora-social\/wp-json\/wp\/v2\/media?parent=445"}],"wp:term":[{"taxonomy":"category","embeddable":true,"href":"https:\/\/www.ufsm.br\/pro-reitorias\/pre\/incubadora-social\/wp-json\/wp\/v2\/categories?post=445"},{"taxonomy":"post_tag","embeddable":true,"href":"https:\/\/www.ufsm.br\/pro-reitorias\/pre\/incubadora-social\/wp-json\/wp\/v2\/tags?post=445"}],"curies":[{"name":"wp","href":"https:\/\/api.w.org\/{rel}","templated":true}]}}