{"id":522,"date":"2022-06-07T12:01:00","date_gmt":"2022-06-07T15:01:00","guid":{"rendered":"https:\/\/www.ufsm.br\/pro-reitorias\/pre\/incubadora-social\/?p=522"},"modified":"2022-06-07T12:02:29","modified_gmt":"2022-06-07T15:02:29","slug":"experiencias-dos-empreendimentos-incubados-na-is-ufsm-2016-2021","status":"publish","type":"post","link":"https:\/\/www.ufsm.br\/pro-reitorias\/pre\/incubadora-social\/2022\/06\/07\/experiencias-dos-empreendimentos-incubados-na-is-ufsm-2016-2021","title":{"rendered":"Experi\u00eancias dos Empreendimentos incubados na IS UFSM   (2016\/2021)"},"content":{"rendered":"\t\t<div data-elementor-type=\"wp-post\" data-elementor-id=\"522\" class=\"elementor elementor-522\">\n\t\t\t\t\t\t<section class=\"elementor-section elementor-top-section elementor-element elementor-element-d3d2c5c elementor-section-boxed elementor-section-height-default elementor-section-height-default\" data-id=\"d3d2c5c\" data-element_type=\"section\">\n\t\t\t\t\t\t<div class=\"elementor-container elementor-column-gap-default\">\n\t\t\t\t\t<div class=\"elementor-column elementor-col-100 elementor-top-column elementor-element elementor-element-f18fe21\" data-id=\"f18fe21\" data-element_type=\"column\">\n\t\t\t<div class=\"elementor-widget-wrap elementor-element-populated\">\n\t\t\t\t\t\t<div class=\"elementor-element elementor-element-5fcbccf elementor-widget elementor-widget-text-editor\" data-id=\"5fcbccf\" data-element_type=\"widget\" data-widget_type=\"text-editor.default\">\n\t\t\t\t<div class=\"elementor-widget-container\">\n\t\t\t\t\t\t\t<p align=\"justify\"><span style=\"font-size: medium\">A Incubadora Social foi implantada pela Pr\u00f3-reitoria de Extens\u00e3o, em 2012, como um projeto piloto, tendo como miss\u00e3o construir e difundir conhecimento e o<\/span> <span style=\"font-size: medium\">compromisso com a forma\u00e7\u00e3o de pessoas capazes de inovar e contribuir com o desenvolvimento de toda a sociedade de modo sustent\u00e1vel. <\/span><\/p><p align=\"justify\"><span style=\"font-size: medium\">Em 2016, a Incubadora Social da UFSM foi institucionalizada como \u00d3rg\u00e3o de Apoio da Administra\u00e7\u00e3o Superior, vinculado \u00e0 Pr\u00f3-Reitoria de Extens\u00e3o para fins de supervis\u00e3o administrativa. O edital teve como p\u00fablico alvo os grupos em situa\u00e7\u00e3o de vulnerabilidade social, j\u00e1 organizados ou em processo de organiza\u00e7\u00e3o solid\u00e1ria, tais como associa\u00e7\u00f5es, cooperativas ou grupos informais, com propostas voltadas para a gera\u00e7\u00e3o de trabalho e renda, com base nos princ\u00edpios da economia solid\u00e1ria. No mesmo ano de 2016, a IS UFSM lan\u00e7ou o Edital de Incuba\u00e7\u00e3o, selecionando grupos de segmentos variados como: agricultura familiar e org\u00e2nica, artesanato, alimenta\u00e7\u00e3o, coleta de res\u00edduos s\u00f3lidos, al\u00e9m de grupos ligados \u00e0 cultura negra, ind\u00edgena e quilombola.<\/span><\/p><p align=\"justify\"><span style=\"font-size: medium\">Os grupos selecionados e que foram desincubados no ano de 2021, foram os seguintes: Associa\u00e7\u00e3o dos Catadores de Materiais Recicl\u00e1vel Palmeira Verde, coordenada por J\u00f1ana Gadea de Mello e Cristiane Moreira; Grupo dos Ind\u00edgenas Guarani Mbya e Kaygang Ketaju Tegtu, coordenado pelo Professor Jos\u00e9 Luiz de Moura Filho (Zeca); Associa\u00e7\u00e3o Quilombola Linha F\u00e3o, coordenada pelo Prof. Jos\u00e9 Marcos Froehlich; Associa\u00e7\u00e3o Comunit\u00e1ria Remanescente de Quilombo J\u00falio Borges, coordenada pelo Prof. Alisson Zarnott; Associa\u00e7\u00e3o de Arte e Cultura Negra Ar\u00e1 Dudu, coordenada pelo Prof. Flavio Campos e Grupo dos Agricultores Org\u00e2nicos da Regi\u00e3o Central do RS,coordenado pelos Professores D\u00e9cio Auler e Asc\u00edsio Pereira.<\/span><\/p><p align=\"justify\"><span style=\"font-size: medium\">A partir disso, a incubadora tem realizado diversas atividades, tais como organiza\u00e7\u00e3o e realiza\u00e7\u00e3o de minicursos, oficinas, visitas t\u00e9cnicas aos grupos incubados, participa\u00e7\u00e3o em eventos, entre outras. Al\u00e9m de auxiliar com atividades voltadas \u00e0 conserva\u00e7\u00e3o do meio ambiente, desenvolvimento autossustent\u00e1vel e \u00e0 melhoria da qualidade de vida das pessoas e comunidades mais vulner\u00e1veis economicamente, exerce um papel muito importante para o desenvolvimento da regi\u00e3o, trabalhando temas atinentes ao empreendedorismo social, inova\u00e7\u00e3o, neg\u00f3cios de impacto social e gera\u00e7\u00e3o de trabalho e renda. Salienta-se que essas a\u00e7\u00f5es de extens\u00e3o, tamb\u00e9m conectam-se ao ensino, \u00e0 pesquisa e aos instrumentos de gest\u00e3o, como o Plano de Desenvolvimento Institucional da UFSM, a Agenda 2030 e a Pol\u00edtica de Extens\u00e3o. <\/span><\/p>\t\t\t\t\t\t<\/div>\n\t\t\t\t<\/div>\n\t\t\t\t\t<\/div>\n\t\t<\/div>\n\t\t\t\t\t<\/div>\n\t\t<\/section>\n\t\t\t\t<section class=\"elementor-section elementor-top-section elementor-element elementor-element-770b3bb elementor-section-boxed elementor-section-height-default elementor-section-height-default\" data-id=\"770b3bb\" data-element_type=\"section\">\n\t\t\t\t\t\t<div class=\"elementor-container elementor-column-gap-default\">\n\t\t\t\t\t<div class=\"elementor-column elementor-col-100 elementor-top-column elementor-element elementor-element-a231711\" data-id=\"a231711\" data-element_type=\"column\">\n\t\t\t<div class=\"elementor-widget-wrap elementor-element-populated\">\n\t\t\t\t\t\t<div class=\"elementor-element elementor-element-52ce068 elementor-widget elementor-widget-video\" data-id=\"52ce068\" data-element_type=\"widget\" data-settings=\"{&quot;youtube_url&quot;:&quot;https:\\\/\\\/youtu.be\\\/o6eM0WlDEy4&quot;,&quot;video_type&quot;:&quot;youtube&quot;,&quot;controls&quot;:&quot;yes&quot;}\" data-widget_type=\"video.default\">\n\t\t\t\t<div class=\"elementor-widget-container\">\n\t\t\t\t\t<div class=\"elementor-wrapper elementor-open-inline\">\n\t\t\t<div class=\"elementor-video\"><\/div>\t\t<\/div>\n\t\t\t\t<\/div>\n\t\t\t\t<\/div>\n\t\t\t\t\t<\/div>\n\t\t<\/div>\n\t\t\t\t\t<\/div>\n\t\t<\/section>\n\t\t\t\t<\/div>\n\t\t","protected":false},"excerpt":{"rendered":"<p>A Incubadora Social foi implantada pela Pr\u00f3-reitoria de Extens\u00e3o, em 2012, como um projeto piloto, tendo como miss\u00e3o construir e difundir conhecimento e o compromisso com a forma\u00e7\u00e3o de pessoas capazes de inovar e contribuir com o desenvolvimento de toda a sociedade de modo sustent\u00e1vel. Em 2016, a Incubadora Social da UFSM foi institucionalizada como [&hellip;]<\/p>\n","protected":false},"author":1452,"featured_media":0,"comment_status":"closed","ping_status":"closed","sticky":false,"template":"","format":"standard","meta":{"footnotes":""},"categories":[2],"tags":[],"class_list":["post-522","post","type-post","status-publish","format-standard","hentry","category-noticias"],"acf":[],"_links":{"self":[{"href":"https:\/\/www.ufsm.br\/pro-reitorias\/pre\/incubadora-social\/wp-json\/wp\/v2\/posts\/522","targetHints":{"allow":["GET"]}}],"collection":[{"href":"https:\/\/www.ufsm.br\/pro-reitorias\/pre\/incubadora-social\/wp-json\/wp\/v2\/posts"}],"about":[{"href":"https:\/\/www.ufsm.br\/pro-reitorias\/pre\/incubadora-social\/wp-json\/wp\/v2\/types\/post"}],"author":[{"embeddable":true,"href":"https:\/\/www.ufsm.br\/pro-reitorias\/pre\/incubadora-social\/wp-json\/wp\/v2\/users\/1452"}],"replies":[{"embeddable":true,"href":"https:\/\/www.ufsm.br\/pro-reitorias\/pre\/incubadora-social\/wp-json\/wp\/v2\/comments?post=522"}],"version-history":[{"count":0,"href":"https:\/\/www.ufsm.br\/pro-reitorias\/pre\/incubadora-social\/wp-json\/wp\/v2\/posts\/522\/revisions"}],"wp:attachment":[{"href":"https:\/\/www.ufsm.br\/pro-reitorias\/pre\/incubadora-social\/wp-json\/wp\/v2\/media?parent=522"}],"wp:term":[{"taxonomy":"category","embeddable":true,"href":"https:\/\/www.ufsm.br\/pro-reitorias\/pre\/incubadora-social\/wp-json\/wp\/v2\/categories?post=522"},{"taxonomy":"post_tag","embeddable":true,"href":"https:\/\/www.ufsm.br\/pro-reitorias\/pre\/incubadora-social\/wp-json\/wp\/v2\/tags?post=522"}],"curies":[{"name":"wp","href":"https:\/\/api.w.org\/{rel}","templated":true}]}}