{"id":586,"date":"2022-10-21T13:51:55","date_gmt":"2022-10-21T16:51:55","guid":{"rendered":"https:\/\/www.ufsm.br\/pro-reitorias\/pre\/incubadora-social\/?p=586"},"modified":"2023-06-07T17:04:26","modified_gmt":"2023-06-07T20:04:26","slug":"incubadora-social-ufsm-promove-cursos-praticos-para-100-pessoas-em-santa-maria","status":"publish","type":"post","link":"https:\/\/www.ufsm.br\/pro-reitorias\/pre\/incubadora-social\/2022\/10\/21\/incubadora-social-ufsm-promove-cursos-praticos-para-100-pessoas-em-santa-maria","title":{"rendered":"Incubadora Social UFSM promove cursos pr\u00e1ticos para 100 pessoas em Santa Maria"},"content":{"rendered":"\t\t<div data-elementor-type=\"wp-post\" data-elementor-id=\"586\" class=\"elementor elementor-586\">\n\t\t\t\t\t\t<section class=\"elementor-section elementor-top-section elementor-element elementor-element-c02e374 elementor-section-boxed elementor-section-height-default elementor-section-height-default\" data-id=\"c02e374\" data-element_type=\"section\">\n\t\t\t\t\t\t<div class=\"elementor-container elementor-column-gap-default\">\n\t\t\t\t\t<div class=\"elementor-column elementor-col-100 elementor-top-column elementor-element elementor-element-32a742d\" data-id=\"32a742d\" data-element_type=\"column\">\n\t\t\t<div class=\"elementor-widget-wrap elementor-element-populated\">\n\t\t\t\t\t\t<div class=\"elementor-element elementor-element-39c87e2 elementor-widget elementor-widget-text-editor\" data-id=\"39c87e2\" data-element_type=\"widget\" data-widget_type=\"text-editor.default\">\n\t\t\t\t<div class=\"elementor-widget-container\">\n\t\t\t\t\t\t\t<p><span style=\"font-weight: 400\">A Universidade Federal de Santa Maria (UFSM), por meio da Incubadora Social da Pr\u00f3-Reitoria de Extens\u00e3o (PRE), selecionou propostas para suporte \u00e0s demandas dos empreendimentos incubados pela Institui\u00e7\u00e3o, mediante o Edital 61\/2022. Dentre elas, foram contempladas as a\u00e7\u00f5es Reciclando na Escola e Ensacolando Arte e Reciclagem, coordenadas pela professora Amara Holanda, do Departamento de Terapia Ocupacional da UFSM.<\/span><\/p><p><span style=\"font-weight: 400\"><a href=\"https:\/\/www.ufsm.br\/app\/uploads\/sites\/570\/2022\/10\/image2.jpg\"><img fetchpriority=\"high\" decoding=\"async\" class=\"aligncenter wp-image-587 size-large\" src=\"https:\/\/www.ufsm.br\/app\/uploads\/sites\/570\/2022\/10\/image2-e1666611745180-1024x379.jpg\" alt=\"\" width=\"1024\" height=\"379\" srcset=\"https:\/\/www.ufsm.br\/app\/uploads\/sites\/570\/2022\/10\/image2-e1666611745180-1024x379.jpg 1024w, https:\/\/www.ufsm.br\/app\/uploads\/sites\/570\/2022\/10\/image2-e1666611745180-300x111.jpg 300w, https:\/\/www.ufsm.br\/app\/uploads\/sites\/570\/2022\/10\/image2-e1666611745180-768x284.jpg 768w, https:\/\/www.ufsm.br\/app\/uploads\/sites\/570\/2022\/10\/image2-e1666611745180-1536x568.jpg 1536w, https:\/\/www.ufsm.br\/app\/uploads\/sites\/570\/2022\/10\/image2-e1666611745180.jpg 1600w\" sizes=\"(max-width: 1024px) 100vw, 1024px\" \/><\/a>As iniciativas envolvem cinco turmas de at\u00e9 20 integrantes cada, que atuar\u00e3o na produ\u00e7\u00e3o de objetos atrav\u00e9s do reaproveitamento de materiais recicl\u00e1veis. O objetivo \u00e9 estimular a gera\u00e7\u00e3o de trabalho e renda \u00e0 popula\u00e7\u00e3o feminina em situa\u00e7\u00e3o de vulnerabilidade em Santa Maria (RS). A coordenadora pretende unir o grupo no aprendizado sobre a confec\u00e7\u00e3o de produtos com potencial de rentabilidade \u2013 como <\/span><i><span style=\"font-weight: 400\">ecobags<\/span><\/i><span style=\"font-weight: 400\">, <\/span><i><span style=\"font-weight: 400\">necessaires<\/span><\/i><span style=\"font-weight: 400\"> e estojos \u2013, com vistas tamb\u00e9m \u00e0 ressignifica\u00e7\u00e3o do cotidiano dessa popula\u00e7\u00e3o.\u00a0<\/span><\/p><p><span style=\"font-weight: 400\">As atividades iniciaram na \u00faltima segunda-feira (17), e al\u00e9m da presen\u00e7a do p\u00fablico atendido e da professora, participaram o Pr\u00f3-reitor de Extens\u00e3o Flavi Ferreira Lisboa Filho; o Coordenador Substituto da Coordenadoria de Desenvolvimento Regional e Cidadania e Chefe do Observat\u00f3rio de Direitos Humanos,\u00a0 Victor De Carli Lopes; o Chefe da Incubadora Social, Lucas Veiga \u00c1vila; o Secret\u00e1rio de Desenvolvimento Social de Santa Maria, Jo\u00e3o Chaves; a Chefe do Pr\u00e9dio de A\u00e7\u00f5es Comunit\u00e1rias e Empreendedoras, Ana Paula Perlin; e demais servidores e apoiadores dos projetos.<\/span><\/p><p><span style=\"font-weight: 400\">Em encontros semanais, os cursos pr\u00e1ticos abrangem cinco espa\u00e7os da cidade: Pr\u00e9dio de a\u00e7\u00f5es Comunit\u00e1rias e Empreendedoras (Antiga Reitoria), Casa de Passagem Mundo Novo, Cozinha Comunit\u00e1ria Fraternidade Chico Xavier &#8211; Lorenzi, Feira da Economia Solid\u00e1ria e Escola do Bairro Url\u00e2ndia. Para viabilizar as atividades, a Incubadora Social, articulada \u00e0 PRE, assegurou bolsas de Extens\u00e3o a estudantes para atua\u00e7\u00e3o nos projetos, al\u00e9m de espa\u00e7o f\u00edsico, materiais para o desenvolvimento de produtos, m\u00e1quinas de costura e demais insumos para suporte. As a\u00e7\u00f5es tamb\u00e9m recebem o apoio da Secretaria de Desenvolvimento Social, da Secretaria de Cultura de Santa Maria e da artes\u00e3 Lise Maria Schill, entre outros parceiros.<\/span><\/p><p><span style=\"font-weight: 400\">As iniciativas atendem a um conjunto de pol\u00edticas p\u00fablicas que prop\u00f5em a melhoria na qualidade da oferta de trabalho. Lucas \u00c1vila explica que atividades como as propostas por Amara s\u00e3o de grande import\u00e2ncia para os objetivos da Incubadora Social, ao passo que possibilitam aos empreendimentos incubados e \u00e0 comunidade a qualifica\u00e7\u00e3o no desenvolvimento de produtos para a gera\u00e7\u00e3o de renda. Ainda, representam uma contribui\u00e7\u00e3o para os princ\u00edpios da economia solid\u00e1ria, da economia circular, bem como o atendimento aos Objetivos de Desenvolvimento Sustent\u00e1vel da Organiza\u00e7\u00e3o das Na\u00e7\u00f5es Unidas. As pr\u00e1ticas extensionistas tamb\u00e9m fortalecem a aproxima\u00e7\u00e3o entre a Universidade e a sociedade. <a href=\"https:\/\/www.ufsm.br\/app\/uploads\/sites\/570\/2022\/10\/image3.jpg\"><img decoding=\"async\" class=\"aligncenter wp-image-588 size-large\" src=\"https:\/\/www.ufsm.br\/app\/uploads\/sites\/570\/2022\/10\/image3-1024x577.jpg\" alt=\"\" width=\"1024\" height=\"577\" srcset=\"https:\/\/www.ufsm.br\/app\/uploads\/sites\/570\/2022\/10\/image3-1024x577.jpg 1024w, https:\/\/www.ufsm.br\/app\/uploads\/sites\/570\/2022\/10\/image3-300x169.jpg 300w, https:\/\/www.ufsm.br\/app\/uploads\/sites\/570\/2022\/10\/image3-768x433.jpg 768w, https:\/\/www.ufsm.br\/app\/uploads\/sites\/570\/2022\/10\/image3-1536x866.jpg 1536w, https:\/\/www.ufsm.br\/app\/uploads\/sites\/570\/2022\/10\/image3.jpg 1600w\" sizes=\"(max-width: 1024px) 100vw, 1024px\" \/><\/a><\/span><\/p><p><span style=\"font-weight: 400\">Al\u00e9m de buscar suporte aos empreendimentos da Incubadora Social, o edital 61\/2022 possui outros seis prop\u00f3sitos, a saber: formar recursos humanos por meio das a\u00e7\u00f5es a serem desenvolvidas pelos proponentes, como cursos de capacita\u00e7\u00e3o, oficinas, assessorias, consultorias, etc.; fomentar a integra\u00e7\u00e3o do Ensino, da Pesquisa e das atividades complementares de Extens\u00e3o na UFSM; fortalecer o empreendedorismo, o cooperativismo, a economia solid\u00e1ria, a sustentabilidade e a inova\u00e7\u00e3o social para o desenvolvimento de empreendimentos sociais; promover a coopera\u00e7\u00e3o e a intera\u00e7\u00e3o entre o setor p\u00fablico e o privado; desenvolver economicamente iniciativas sociais; e promover a inova\u00e7\u00e3o em produtos, servi\u00e7os e tecnologias sociais.<\/span><\/p>\t\t\t\t\t\t<\/div>\n\t\t\t\t<\/div>\n\t\t\t\t\t<\/div>\n\t\t<\/div>\n\t\t\t\t\t<\/div>\n\t\t<\/section>\n\t\t\t\t<\/div>\n\t\t","protected":false},"excerpt":{"rendered":"<p>As a\u00e7\u00f5es visam \u00e0 gera\u00e7\u00e3o de trabalho e renda para a comunidade<\/p>\n","protected":false},"author":1452,"featured_media":587,"comment_status":"closed","ping_status":"closed","sticky":false,"template":"","format":"standard","meta":{"footnotes":""},"categories":[2],"tags":[],"class_list":["post-586","post","type-post","status-publish","format-standard","has-post-thumbnail","hentry","category-noticias"],"acf":[],"_links":{"self":[{"href":"https:\/\/www.ufsm.br\/pro-reitorias\/pre\/incubadora-social\/wp-json\/wp\/v2\/posts\/586","targetHints":{"allow":["GET"]}}],"collection":[{"href":"https:\/\/www.ufsm.br\/pro-reitorias\/pre\/incubadora-social\/wp-json\/wp\/v2\/posts"}],"about":[{"href":"https:\/\/www.ufsm.br\/pro-reitorias\/pre\/incubadora-social\/wp-json\/wp\/v2\/types\/post"}],"author":[{"embeddable":true,"href":"https:\/\/www.ufsm.br\/pro-reitorias\/pre\/incubadora-social\/wp-json\/wp\/v2\/users\/1452"}],"replies":[{"embeddable":true,"href":"https:\/\/www.ufsm.br\/pro-reitorias\/pre\/incubadora-social\/wp-json\/wp\/v2\/comments?post=586"}],"version-history":[{"count":0,"href":"https:\/\/www.ufsm.br\/pro-reitorias\/pre\/incubadora-social\/wp-json\/wp\/v2\/posts\/586\/revisions"}],"wp:featuredmedia":[{"embeddable":true,"href":"https:\/\/www.ufsm.br\/pro-reitorias\/pre\/incubadora-social\/wp-json\/wp\/v2\/media\/587"}],"wp:attachment":[{"href":"https:\/\/www.ufsm.br\/pro-reitorias\/pre\/incubadora-social\/wp-json\/wp\/v2\/media?parent=586"}],"wp:term":[{"taxonomy":"category","embeddable":true,"href":"https:\/\/www.ufsm.br\/pro-reitorias\/pre\/incubadora-social\/wp-json\/wp\/v2\/categories?post=586"},{"taxonomy":"post_tag","embeddable":true,"href":"https:\/\/www.ufsm.br\/pro-reitorias\/pre\/incubadora-social\/wp-json\/wp\/v2\/tags?post=586"}],"curies":[{"name":"wp","href":"https:\/\/api.w.org\/{rel}","templated":true}]}}