{"id":616,"date":"2023-02-01T11:11:14","date_gmt":"2023-02-01T14:11:14","guid":{"rendered":"https:\/\/www.ufsm.br\/pro-reitorias\/pre\/incubadora-social\/?p=616"},"modified":"2023-02-10T10:30:36","modified_gmt":"2023-02-10T13:30:36","slug":"forum-social-mundial-em-porto-alegre","status":"publish","type":"post","link":"https:\/\/www.ufsm.br\/pro-reitorias\/pre\/incubadora-social\/2023\/02\/01\/forum-social-mundial-em-porto-alegre","title":{"rendered":"F\u00f3rum Social Mundial em Porto Alegre"},"content":{"rendered":"\n<p><img fetchpriority=\"high\" decoding=\"async\" class=\"aligncenter size-large wp-image-617\" src=\"https:\/\/www.ufsm.br\/app\/uploads\/sites\/570\/2023\/02\/IMG_0869-1024x768.jpg\" alt=\"\" width=\"1024\" height=\"768\" srcset=\"https:\/\/www.ufsm.br\/app\/uploads\/sites\/570\/2023\/02\/IMG_0869-1024x768.jpg 1024w, https:\/\/www.ufsm.br\/app\/uploads\/sites\/570\/2023\/02\/IMG_0869-300x225.jpg 300w, https:\/\/www.ufsm.br\/app\/uploads\/sites\/570\/2023\/02\/IMG_0869-768x576.jpg 768w, https:\/\/www.ufsm.br\/app\/uploads\/sites\/570\/2023\/02\/IMG_0869-1536x1152.jpg 1536w, https:\/\/www.ufsm.br\/app\/uploads\/sites\/570\/2023\/02\/IMG_0869.jpg 1920w\" sizes=\"(max-width: 1024px) 100vw, 1024px\" \/><\/p>\n<p><span style=\"font-weight: 400\">Neste dia 25 de janeiro a Incubadora Social da UFSM e o Projeto Fomento \u00e0 Economia Solid\u00e1ria, participaram do F\u00f3rum Social Mundial em Porto Alegre e contribu\u00edram para a mesa de economia solid\u00e1ria com um convite para a 29\u00aa Feira Internacional do Cooperativismo &#8211; FEICOOP 2023.&nbsp;<\/span><\/p>\n<p><span style=\"font-weight: 400\">Nesta edi\u00e7\u00e3o do F\u00f3rum, que acontece desde 2001 na capital ga\u00facha, o tema denominado \u201cDemocracia e direito dos povos do planeta\u201d, prop\u00f4s a reflex\u00e3o sobre um outro mundo poss\u00edvel.&nbsp;<\/span><\/p>\n<p><span style=\"font-weight: 400\">Na mesa de economia solid\u00e1ria \u201cTecendo redes, transformando realidades e reconstruindo o Brasil\u201d discutiu-se sobre o trabalho coletivo e&nbsp; novas pr\u00e1ticas de economia, apontando para a gera\u00e7\u00e3o de renda social como uma forma diferente de produzir e trocar. Na&nbsp; mesma mesa tamb\u00e9m foi&nbsp; abordada a&nbsp; democratiza\u00e7\u00e3o dos espa\u00e7os p\u00fablicos para inser\u00e7\u00e3o socioecon\u00f4mica.&nbsp;<\/span><\/p>\n<p><span style=\"font-weight: 400\">Al\u00e9m de fazer-se presente no F\u00f3rum Social Mundial, a Incubadora Social UFSM mostra-se atenta aos debates atuais sobre a economia criativa e solid\u00e1ria, promovendo a participa\u00e7\u00e3o nos setores em que o valor do que \u00e9 produzido est\u00e1 fundamentado na propriedade intelectual e em aspectos criativos, bem como na comunidade e na ideia de colabora\u00e7\u00e3o e coletividade.<\/span><\/p>\n\n\n","protected":false},"excerpt":{"rendered":"<p>Neste dia 25 de janeiro a Incubadora Social da UFSM e o Projeto Fomento \u00e0 Economia Solid\u00e1ria, participaram do F\u00f3rum Social Mundial em Porto Alegre e contribu\u00edram para a mesa de economia solid\u00e1ria com um convite para a 29\u00aa Feira Internacional do Cooperativismo &#8211; FEICOOP 2023.&nbsp; Nesta edi\u00e7\u00e3o do F\u00f3rum, que acontece desde 2001 na [&hellip;]<\/p>\n","protected":false},"author":665,"featured_media":0,"comment_status":"closed","ping_status":"closed","sticky":false,"template":"","format":"standard","meta":{"footnotes":""},"categories":[2],"tags":[66,65,60],"class_list":["post-616","post","type-post","status-publish","format-standard","hentry","category-noticias","tag-economiasolidaria","tag-forumsocialmundial","tag-incubadorasocial"],"acf":[],"_links":{"self":[{"href":"https:\/\/www.ufsm.br\/pro-reitorias\/pre\/incubadora-social\/wp-json\/wp\/v2\/posts\/616","targetHints":{"allow":["GET"]}}],"collection":[{"href":"https:\/\/www.ufsm.br\/pro-reitorias\/pre\/incubadora-social\/wp-json\/wp\/v2\/posts"}],"about":[{"href":"https:\/\/www.ufsm.br\/pro-reitorias\/pre\/incubadora-social\/wp-json\/wp\/v2\/types\/post"}],"author":[{"embeddable":true,"href":"https:\/\/www.ufsm.br\/pro-reitorias\/pre\/incubadora-social\/wp-json\/wp\/v2\/users\/665"}],"replies":[{"embeddable":true,"href":"https:\/\/www.ufsm.br\/pro-reitorias\/pre\/incubadora-social\/wp-json\/wp\/v2\/comments?post=616"}],"version-history":[{"count":0,"href":"https:\/\/www.ufsm.br\/pro-reitorias\/pre\/incubadora-social\/wp-json\/wp\/v2\/posts\/616\/revisions"}],"wp:attachment":[{"href":"https:\/\/www.ufsm.br\/pro-reitorias\/pre\/incubadora-social\/wp-json\/wp\/v2\/media?parent=616"}],"wp:term":[{"taxonomy":"category","embeddable":true,"href":"https:\/\/www.ufsm.br\/pro-reitorias\/pre\/incubadora-social\/wp-json\/wp\/v2\/categories?post=616"},{"taxonomy":"post_tag","embeddable":true,"href":"https:\/\/www.ufsm.br\/pro-reitorias\/pre\/incubadora-social\/wp-json\/wp\/v2\/tags?post=616"}],"curies":[{"name":"wp","href":"https:\/\/api.w.org\/{rel}","templated":true}]}}