{"id":626,"date":"2023-05-03T09:44:24","date_gmt":"2023-05-03T12:44:24","guid":{"rendered":"https:\/\/www.ufsm.br\/pro-reitorias\/pre\/incubadora-social\/?p=626"},"modified":"2023-05-03T10:27:03","modified_gmt":"2023-05-03T13:27:03","slug":"incubadora-social-e-anfitria-do-world-creativity-day-no-complexo-multicultural-antiga-reitoria-ufsm","status":"publish","type":"post","link":"https:\/\/www.ufsm.br\/pro-reitorias\/pre\/incubadora-social\/2023\/05\/03\/incubadora-social-e-anfitria-do-world-creativity-day-no-complexo-multicultural-antiga-reitoria-ufsm","title":{"rendered":"Incubadora Social \u00e9 anfitri\u00e3 do World Creativity Day no Complexo Multicultural Antiga Reitoria UFSM"},"content":{"rendered":"\t\t<div data-elementor-type=\"wp-post\" data-elementor-id=\"626\" class=\"elementor elementor-626\">\n\t\t\t\t\t\t<section class=\"elementor-section elementor-top-section elementor-element elementor-element-50f39c73 elementor-section-boxed elementor-section-height-default elementor-section-height-default\" data-id=\"50f39c73\" data-element_type=\"section\">\n\t\t\t\t\t\t<div class=\"elementor-container elementor-column-gap-default\">\n\t\t\t\t\t<div class=\"elementor-column elementor-col-100 elementor-top-column elementor-element elementor-element-6dd525\" data-id=\"6dd525\" data-element_type=\"column\">\n\t\t\t<div class=\"elementor-widget-wrap elementor-element-populated\">\n\t\t\t\t\t\t<div class=\"elementor-element elementor-element-33050fd2 elementor-widget elementor-widget-text-editor\" data-id=\"33050fd2\" data-element_type=\"widget\" data-widget_type=\"text-editor.default\">\n\t\t\t\t<div class=\"elementor-widget-container\">\n\t\t\t\t\t\t\t<p><!-- wp:tadv\/classic-paragraph --><\/p>\n<p><span style=\"font-weight: 400\"><img fetchpriority=\"high\" decoding=\"async\" class=\"aligncenter size-large wp-image-627\" src=\"https:\/\/www.ufsm.br\/app\/uploads\/sites\/570\/2023\/05\/IMG_3178-1-e1683117964446-1024x770.jpg\" alt=\"\" width=\"1024\" height=\"770\" srcset=\"https:\/\/www.ufsm.br\/app\/uploads\/sites\/570\/2023\/05\/IMG_3178-1-e1683117964446-1024x770.jpg 1024w, https:\/\/www.ufsm.br\/app\/uploads\/sites\/570\/2023\/05\/IMG_3178-1-e1683117964446-300x226.jpg 300w, https:\/\/www.ufsm.br\/app\/uploads\/sites\/570\/2023\/05\/IMG_3178-1-e1683117964446-768x577.jpg 768w, https:\/\/www.ufsm.br\/app\/uploads\/sites\/570\/2023\/05\/IMG_3178-1-e1683117964446-1536x1155.jpg 1536w, https:\/\/www.ufsm.br\/app\/uploads\/sites\/570\/2023\/05\/IMG_3178-1-e1683117964446.jpg 1665w\" sizes=\"(max-width: 1024px) 100vw, 1024px\" \/><\/span><\/p>\n<p><span style=\"font-weight: 400\">O Dia Mundial da Criatividade \u00e9 uma iniciativa com participa\u00e7\u00f5es em todo o mundo para formar um ecossistema de inova\u00e7\u00e3o e criatividade. A cidade de Santa Maria sediou v\u00e1rias atividades, que foram realizadas de forma presencial ou online, e a Incubadora Social UFSM h\u00e1 algumas semanas foi a anfitri\u00e3 de v\u00e1rias palestras.<\/span><\/p>\n<p><img decoding=\"async\" class=\"wp-image-631 size-medium alignleft\" src=\"https:\/\/www.ufsm.br\/app\/uploads\/sites\/570\/2023\/05\/IMG_3126-1-e1683118730906-300x222.jpg\" alt=\"\" width=\"300\" height=\"222\" srcset=\"https:\/\/www.ufsm.br\/app\/uploads\/sites\/570\/2023\/05\/IMG_3126-1-e1683118730906-300x222.jpg 300w, https:\/\/www.ufsm.br\/app\/uploads\/sites\/570\/2023\/05\/IMG_3126-1-e1683118730906-1024x759.jpg 1024w, https:\/\/www.ufsm.br\/app\/uploads\/sites\/570\/2023\/05\/IMG_3126-1-e1683118730906-768x570.jpg 768w, https:\/\/www.ufsm.br\/app\/uploads\/sites\/570\/2023\/05\/IMG_3126-1-e1683118730906-1536x1139.jpg 1536w, https:\/\/www.ufsm.br\/app\/uploads\/sites\/570\/2023\/05\/IMG_3126-1-e1683118730906.jpg 1838w\" sizes=\"(max-width: 300px) 100vw, 300px\" \/><\/p>\n<p><span style=\"font-weight: 400\">O termo criatividade tem v\u00e1rias defini\u00e7\u00f5es, mas para Ghiselin (1952) significa um processo de mudan\u00e7a e de evolu\u00e7\u00e3o na organiza\u00e7\u00e3o da vida <\/span><span style=\"font-weight: 400\">subjetiva<\/span><span style=\"font-weight: 400\">. Enquanto para Flieger (1978) \u00e9 quando manipulamos <\/span><span style=\"font-weight: 400\">s\u00edmbolos<\/span><span style=\"font-weight: 400\"> ou objetos externos para produzir um evento incomum. De ambas as interpreta\u00e7\u00f5es \u00e9 poss\u00edvel concluir o pensamento criativo como aquele que <\/span><span style=\"font-weight: 400\">uma novidade, de maneira aut\u00f4noma. Ou seja, \u00e9 a produ\u00e7\u00e3o de algo novo, aceito como \u00fatil ou satisfat\u00f3rio.<\/span><\/p>\n<p><img decoding=\"async\" class=\"alignright wp-image-628 \" src=\"https:\/\/www.ufsm.br\/app\/uploads\/sites\/570\/2023\/05\/IMG_3137-e1683119326537-300x191.jpg\" alt=\"\" width=\"368\" height=\"235\" srcset=\"https:\/\/www.ufsm.br\/app\/uploads\/sites\/570\/2023\/05\/IMG_3137-e1683119326537-300x191.jpg 300w, https:\/\/www.ufsm.br\/app\/uploads\/sites\/570\/2023\/05\/IMG_3137-e1683119326537-1024x651.jpg 1024w, https:\/\/www.ufsm.br\/app\/uploads\/sites\/570\/2023\/05\/IMG_3137-e1683119326537-768x488.jpg 768w, https:\/\/www.ufsm.br\/app\/uploads\/sites\/570\/2023\/05\/IMG_3137-e1683119326537-1536x976.jpg 1536w, https:\/\/www.ufsm.br\/app\/uploads\/sites\/570\/2023\/05\/IMG_3137-e1683119326537.jpg 1713w\" sizes=\"(max-width: 368px) 100vw, 368px\" \/><\/p>\n<p><span style=\"font-weight: 400\"><img loading=\"lazy\" decoding=\"async\" class=\"alignright wp-image-629\" src=\"https:\/\/www.ufsm.br\/app\/uploads\/sites\/570\/2023\/05\/IMG_3106-e1683118371664-266x300.jpg\" alt=\"\" width=\"208\" height=\"234\" \/><\/span><\/p>\n<p>\u00a0<\/p>\n<p>\u00a0<\/p>\n<p><span style=\"font-weight: 400\">Para pensar a criatividade, na quinta feira, 20 de abril, a equipe da Incubadora Social UFSM organizou as apresenta\u00e7\u00f5es de projetos, que ocorreram na Sala Inovadora do Complexo Multicultural Antiga Reitoria da UFSM e pode acompanhar como cada um desenvolve criativamente seus objetivos.\u00a0<\/span><img loading=\"lazy\" decoding=\"async\" class=\"wp-image-630 size-medium alignleft\" src=\"https:\/\/www.ufsm.br\/app\/uploads\/sites\/570\/2023\/05\/IMG_3172-e1683118571775-300x186.jpg\" alt=\"\" width=\"300\" height=\"186\" srcset=\"https:\/\/www.ufsm.br\/app\/uploads\/sites\/570\/2023\/05\/IMG_3172-e1683118571775-300x186.jpg 300w, https:\/\/www.ufsm.br\/app\/uploads\/sites\/570\/2023\/05\/IMG_3172-e1683118571775-1024x634.jpg 1024w, https:\/\/www.ufsm.br\/app\/uploads\/sites\/570\/2023\/05\/IMG_3172-e1683118571775-768x476.jpg 768w, https:\/\/www.ufsm.br\/app\/uploads\/sites\/570\/2023\/05\/IMG_3172-e1683118571775-1536x952.jpg 1536w, https:\/\/www.ufsm.br\/app\/uploads\/sites\/570\/2023\/05\/IMG_3172-e1683118571775.jpg 1766w\" sizes=\"(max-width: 300px) 100vw, 300px\" \/><\/p>\n<p><span style=\"font-weight: 400\">O grupo Mapeando Mem\u00f3rias da Universidade Franciscana de Santa Maria (UFN) buscou investigar e sistematizar os casar\u00f5es da cidade a partir de sua arquitetura, fabricando placas de identifica\u00e7\u00e3o e miniaturas dos mesmos, com a finalidade de preservar a mem\u00f3ria dos movimentos arquitet\u00f4nicos art\u00edsticos pr\u00f3prios de Santa Maria.<\/span><\/p>\n<p><span style=\"font-weight: 400\">J\u00e1 a iniciativa de Giovanna Barros, com a Ch\u00e1cara Santa Eul\u00e1lia e a Casa Italiana Catorze foi de restauro da mem\u00f3ria italiana de casas da fam\u00edlia. Com a reforma dos im\u00f3veis ela buscou incorporar a hist\u00f3ria da imigra\u00e7\u00e3o em casa cantinho das casas. Para dar inicio a um neg\u00f3cio familiar de\u00a0 alugu\u00e9is tem\u00e1ticos no Airbnb.<img loading=\"lazy\" decoding=\"async\" class=\"wp-image-633  alignright\" src=\"https:\/\/www.ufsm.br\/app\/uploads\/sites\/570\/2023\/05\/IMG_3159-e1683118974527-300x295.jpg\" alt=\"\" width=\"258\" height=\"253\" srcset=\"https:\/\/www.ufsm.br\/app\/uploads\/sites\/570\/2023\/05\/IMG_3159-e1683118974527-300x295.jpg 300w, https:\/\/www.ufsm.br\/app\/uploads\/sites\/570\/2023\/05\/IMG_3159-e1683118974527-1024x1007.jpg 1024w, https:\/\/www.ufsm.br\/app\/uploads\/sites\/570\/2023\/05\/IMG_3159-e1683118974527-768x755.jpg 768w, https:\/\/www.ufsm.br\/app\/uploads\/sites\/570\/2023\/05\/IMG_3159-e1683118974527-1536x1510.jpg 1536w, https:\/\/www.ufsm.br\/app\/uploads\/sites\/570\/2023\/05\/IMG_3159-e1683118974527.jpg 1920w\" sizes=\"(max-width: 258px) 100vw, 258px\" \/><\/span><img loading=\"lazy\" decoding=\"async\" class=\"wp-image-632  alignright\" src=\"https:\/\/www.ufsm.br\/app\/uploads\/sites\/570\/2023\/05\/IMG_3154-1-e1683118913942-300x300.jpg\" alt=\"\" width=\"256\" height=\"256\" srcset=\"https:\/\/www.ufsm.br\/app\/uploads\/sites\/570\/2023\/05\/IMG_3154-1-e1683118913942-300x300.jpg 300w, https:\/\/www.ufsm.br\/app\/uploads\/sites\/570\/2023\/05\/IMG_3154-1-e1683118913942-1024x1024.jpg 1024w, https:\/\/www.ufsm.br\/app\/uploads\/sites\/570\/2023\/05\/IMG_3154-1-e1683118913942-150x150.jpg 150w, https:\/\/www.ufsm.br\/app\/uploads\/sites\/570\/2023\/05\/IMG_3154-1-e1683118913942-768x768.jpg 768w, https:\/\/www.ufsm.br\/app\/uploads\/sites\/570\/2023\/05\/IMG_3154-1-e1683118913942-1536x1536.jpg 1536w, https:\/\/www.ufsm.br\/app\/uploads\/sites\/570\/2023\/05\/IMG_3154-1-e1683118913942.jpg 1804w\" sizes=\"(max-width: 256px) 100vw, 256px\" \/><\/p>\n<p><span style=\"font-weight: 400\">Por fim, o projeto Marcando Hist\u00f3rias prop\u00f4s uma roda de conversa sobre o livro \u201cAlice no pa\u00eds das maravilhas\u201d e uma oficina, com a confec\u00e7\u00e3o de marca textos e pintura, para pensar a literatura e a criatividade que empregamos no nosso dia a dia e no modo como levamos nossa rotina.<\/span><\/p>\n<p>A Incubadora Social agradece a participa\u00e7\u00e3o de todos os projetos inscritos e lembra que a economia criativa promove desenvolvimento socioecon\u00f4mico sustent\u00e1vel e integra a regi\u00e3o santamariense por meio do fortalecimento de cadeias e arranjos produtivos. Os empreendimentos sociais da Incubadora contribuem para o avan\u00e7o da economia criativa.\u00a0<\/p>\n<p>\u00a0 \u00a0<\/p>\n<p>\u00a0<\/p>\n<p><!-- \/wp:tadv\/classic-paragraph --><\/p>\t\t\t\t\t\t<\/div>\n\t\t\t\t<\/div>\n\t\t\t\t\t<\/div>\n\t\t<\/div>\n\t\t\t\t\t<\/div>\n\t\t<\/section>\n\t\t\t\t<\/div>\n\t\t","protected":false},"excerpt":{"rendered":"<p>O Dia Mundial da Criatividade \u00e9 uma iniciativa com participa\u00e7\u00f5es em todo o mundo para formar um ecossistema de inova\u00e7\u00e3o e criatividade. A cidade de Santa Maria sediou v\u00e1rias atividades, que foram realizadas de forma presencial ou online, e a Incubadora Social UFSM h\u00e1 algumas semanas foi a anfitri\u00e3 de v\u00e1rias palestras. O termo criatividade [&hellip;]<\/p>\n","protected":false},"author":665,"featured_media":0,"comment_status":"closed","ping_status":"closed","sticky":false,"template":"","format":"standard","meta":{"footnotes":""},"categories":[2],"tags":[70],"class_list":["post-626","post","type-post","status-publish","format-standard","hentry","category-noticias","tag-worldcreativityday-criatividade-incubadorasocial-economiacriativa-desenvolvimentosocial-desenvolvimentoeconomico-arquitetura-salainovadora-antiga-reitoria-santamaria-ufsm"],"acf":[],"_links":{"self":[{"href":"https:\/\/www.ufsm.br\/pro-reitorias\/pre\/incubadora-social\/wp-json\/wp\/v2\/posts\/626","targetHints":{"allow":["GET"]}}],"collection":[{"href":"https:\/\/www.ufsm.br\/pro-reitorias\/pre\/incubadora-social\/wp-json\/wp\/v2\/posts"}],"about":[{"href":"https:\/\/www.ufsm.br\/pro-reitorias\/pre\/incubadora-social\/wp-json\/wp\/v2\/types\/post"}],"author":[{"embeddable":true,"href":"https:\/\/www.ufsm.br\/pro-reitorias\/pre\/incubadora-social\/wp-json\/wp\/v2\/users\/665"}],"replies":[{"embeddable":true,"href":"https:\/\/www.ufsm.br\/pro-reitorias\/pre\/incubadora-social\/wp-json\/wp\/v2\/comments?post=626"}],"version-history":[{"count":0,"href":"https:\/\/www.ufsm.br\/pro-reitorias\/pre\/incubadora-social\/wp-json\/wp\/v2\/posts\/626\/revisions"}],"wp:attachment":[{"href":"https:\/\/www.ufsm.br\/pro-reitorias\/pre\/incubadora-social\/wp-json\/wp\/v2\/media?parent=626"}],"wp:term":[{"taxonomy":"category","embeddable":true,"href":"https:\/\/www.ufsm.br\/pro-reitorias\/pre\/incubadora-social\/wp-json\/wp\/v2\/categories?post=626"},{"taxonomy":"post_tag","embeddable":true,"href":"https:\/\/www.ufsm.br\/pro-reitorias\/pre\/incubadora-social\/wp-json\/wp\/v2\/tags?post=626"}],"curies":[{"name":"wp","href":"https:\/\/api.w.org\/{rel}","templated":true}]}}