{"id":637,"date":"2023-05-09T15:49:50","date_gmt":"2023-05-09T18:49:50","guid":{"rendered":"https:\/\/www.ufsm.br\/pro-reitorias\/pre\/incubadora-social\/?p=637"},"modified":"2023-06-15T15:54:06","modified_gmt":"2023-06-15T18:54:06","slug":"incubadora-social-mostra-seus-produtos-na-50-feira-do-livro-de-santa-maria","status":"publish","type":"post","link":"https:\/\/www.ufsm.br\/pro-reitorias\/pre\/incubadora-social\/2023\/05\/09\/incubadora-social-mostra-seus-produtos-na-50-feira-do-livro-de-santa-maria","title":{"rendered":"Incubadora Social mostra seus produtos na 50\u00b0 Feira do Livro de Santa Maria"},"content":{"rendered":"\t\t<div data-elementor-type=\"wp-post\" data-elementor-id=\"637\" class=\"elementor elementor-637\">\n\t\t\t\t\t\t<section class=\"elementor-section elementor-top-section elementor-element elementor-element-39976b46 elementor-section-boxed elementor-section-height-default elementor-section-height-default\" data-id=\"39976b46\" data-element_type=\"section\">\n\t\t\t\t\t\t<div class=\"elementor-container elementor-column-gap-default\">\n\t\t\t\t\t<div class=\"elementor-column elementor-col-100 elementor-top-column elementor-element elementor-element-483e6b94\" data-id=\"483e6b94\" data-element_type=\"column\">\n\t\t\t<div class=\"elementor-widget-wrap elementor-element-populated\">\n\t\t\t\t\t\t<div class=\"elementor-element elementor-element-794ca617 elementor-widget elementor-widget-text-editor\" data-id=\"794ca617\" data-element_type=\"widget\" data-widget_type=\"text-editor.default\">\n\t\t\t\t<div class=\"elementor-widget-container\">\n\t\t\t\t\t\t\t<!-- wp:tadv\/classic-paragraph -->\n<p><img fetchpriority=\"high\" decoding=\"async\" class=\"aligncenter wp-image-638 size-large\" src=\"https:\/\/www.ufsm.br\/app\/uploads\/sites\/570\/2023\/05\/IMG_3465-e1683658283638-1024x699.jpg\" alt=\"\" width=\"1024\" height=\"699\" srcset=\"https:\/\/www.ufsm.br\/app\/uploads\/sites\/570\/2023\/05\/IMG_3465-e1683658283638-1024x699.jpg 1024w, https:\/\/www.ufsm.br\/app\/uploads\/sites\/570\/2023\/05\/IMG_3465-e1683658283638-300x205.jpg 300w, https:\/\/www.ufsm.br\/app\/uploads\/sites\/570\/2023\/05\/IMG_3465-e1683658283638-768x524.jpg 768w, https:\/\/www.ufsm.br\/app\/uploads\/sites\/570\/2023\/05\/IMG_3465-e1683658283638-1536x1048.jpg 1536w, https:\/\/www.ufsm.br\/app\/uploads\/sites\/570\/2023\/05\/IMG_3465-e1683658283638.jpg 1920w\" sizes=\"(max-width: 1024px) 100vw, 1024px\" \/><\/p>\n<p><span style=\"font-weight: 400\">Na \u00faltima quinta-feira, 4 de maio, a Incubadora Social UFSM organizou uma mostra no espa\u00e7o da Pr\u00f3 Reitoria de Extens\u00e3o da UFSM na feira do livro. Foram expostos produtos de alguns dos empreendimentos incubados.<\/span><\/p>\n<p><span style=\"font-weight: 400\"><img decoding=\"async\" class=\"wp-image-639 size-medium alignleft\" src=\"https:\/\/www.ufsm.br\/app\/uploads\/sites\/570\/2023\/05\/IMG_3479-225x300.jpg\" alt=\"\" width=\"225\" height=\"300\" srcset=\"https:\/\/www.ufsm.br\/app\/uploads\/sites\/570\/2023\/05\/IMG_3479-225x300.jpg 225w, https:\/\/www.ufsm.br\/app\/uploads\/sites\/570\/2023\/05\/IMG_3479-768x1024.jpg 768w, https:\/\/www.ufsm.br\/app\/uploads\/sites\/570\/2023\/05\/IMG_3479-1152x1536.jpg 1152w, https:\/\/www.ufsm.br\/app\/uploads\/sites\/570\/2023\/05\/IMG_3479-1536x2048.jpg 1536w, https:\/\/www.ufsm.br\/app\/uploads\/sites\/570\/2023\/05\/IMG_3479.jpg 1920w\" sizes=\"(max-width: 225px) 100vw, 225px\" \/> Entre eles, o Corre Dazarte que confecciona bolsas, camisetas e diversos produtos para gera\u00e7\u00e3o de renda e sa\u00fade mental dos usu\u00e1rios do CAPs Cia do Recome\u00e7o. Tamb\u00e9m foram expostos produtos do Recicle Arte e Ensacolando Arte, projetos que desenvolvem trabalhos com reciclagem e focam no desenvolvimento sustent\u00e1vel.\u00a0<\/span><\/p>\n<p><img decoding=\"async\" class=\"wp-image-640 size-medium alignright\" src=\"https:\/\/www.ufsm.br\/app\/uploads\/sites\/570\/2023\/05\/IMG_3480-225x300.jpg\" alt=\"\" width=\"225\" height=\"300\" srcset=\"https:\/\/www.ufsm.br\/app\/uploads\/sites\/570\/2023\/05\/IMG_3480-225x300.jpg 225w, https:\/\/www.ufsm.br\/app\/uploads\/sites\/570\/2023\/05\/IMG_3480-768x1024.jpg 768w, https:\/\/www.ufsm.br\/app\/uploads\/sites\/570\/2023\/05\/IMG_3480-1152x1536.jpg 1152w, https:\/\/www.ufsm.br\/app\/uploads\/sites\/570\/2023\/05\/IMG_3480-1536x2048.jpg 1536w, https:\/\/www.ufsm.br\/app\/uploads\/sites\/570\/2023\/05\/IMG_3480.jpg 1920w\" sizes=\"(max-width: 225px) 100vw, 225px\" \/><\/p>\n<p><span style=\"font-weight: 400\">Foi importante para a Incubadora Social estar presente neste evento que h\u00e1 tantos anos acontece em Santa Maria. A feira do livro, idealizada para <\/span><span style=\"font-weight: 400\">\u00a0<\/span><span style=\"font-weight: 400\">popularizar e democratizar o acesso \u00e0 educa\u00e7\u00e3o, corrobora os objetivos da IS-UFSM de aproximar a universidade e a comunidade, por meio das a\u00e7\u00f5es dos empreendimentos incubados.\u00a0<\/span><\/p>\n<p><span style=\"font-weight: 400\">Em 2016 a Incubadora, vinculada \u00e0 Pr\u00f3-Reitoria de Extens\u00e3o, lan\u00e7ou seu primeiro edital de incuba\u00e7\u00e3o, desde ent\u00e3o, vem consolidando-se como iniciativa de economia criativa da institui\u00e7\u00e3o. Pensando nos grupos de maior vulnerabilidade social da cidade e regi\u00e3o de Santa Maria, a IS-UFSM recebe iniciativas de diversas \u00e1reas de atua\u00e7\u00e3o como arte e cultura, comercializa\u00e7\u00e3o, alimenta\u00e7\u00e3o, artesanato, reciclagem, vestu\u00e1rio, turismo, constru\u00e7\u00e3o civil, agricultura familiar entre outros.\u00a0<\/span><\/p>\n<p><span style=\"font-weight: 400\">Atuar com essa gama de empreendimentos significa auxili\u00e1-los a desenvolverem-se como iniciativas sociais e para isso a Incubadora oferece a infraestrutura necess\u00e1ria para que essas ideias ocorram. Hoje, no Complexo Multicultural da Antiga Reitoria, a sala da IS-UFSM est\u00e1 ocupada todos os dias \u00fateis da semana, com projetos que utilizam-se n\u00e3o s\u00f3 do espa\u00e7o como tamb\u00e9m das m\u00e1quinas de costura para acontecerem. Al\u00e9m disso, a incubadora oferta minicursos e oficinas de qualifica\u00e7\u00e3o profissional para seus incubados, e presta visitas t\u00e9cnicas aos grupos.\u00a0<\/span><\/p>\n<!-- \/wp:tadv\/classic-paragraph -->\t\t\t\t\t\t<\/div>\n\t\t\t\t<\/div>\n\t\t\t\t\t<\/div>\n\t\t<\/div>\n\t\t\t\t\t<\/div>\n\t\t<\/section>\n\t\t\t\t<\/div>\n\t\t","protected":false},"excerpt":{"rendered":"<p>Na \u00faltima quinta-feira, 4 de maio, a Incubadora Social UFSM organizou uma mostra no espa\u00e7o da Pr\u00f3 Reitoria de Extens\u00e3o da UFSM na feira do livro. Foram expostos produtos de alguns dos empreendimentos incubados. Entre eles, o Corre Dazarte que confecciona bolsas, camisetas e diversos produtos para gera\u00e7\u00e3o de renda e sa\u00fade mental dos usu\u00e1rios [&hellip;]<\/p>\n","protected":false},"author":665,"featured_media":638,"comment_status":"closed","ping_status":"closed","sticky":false,"template":"","format":"standard","meta":{"footnotes":""},"categories":[2],"tags":[71],"class_list":["post-637","post","type-post","status-publish","format-standard","has-post-thumbnail","hentry","category-noticias","tag-feiradolivrodesantamaria-ufsm-empreendedorismo-incubadorasocial-economiacriativa-mostra-50feiradolivro-santamaria-extensaouniversitaria"],"acf":[],"_links":{"self":[{"href":"https:\/\/www.ufsm.br\/pro-reitorias\/pre\/incubadora-social\/wp-json\/wp\/v2\/posts\/637","targetHints":{"allow":["GET"]}}],"collection":[{"href":"https:\/\/www.ufsm.br\/pro-reitorias\/pre\/incubadora-social\/wp-json\/wp\/v2\/posts"}],"about":[{"href":"https:\/\/www.ufsm.br\/pro-reitorias\/pre\/incubadora-social\/wp-json\/wp\/v2\/types\/post"}],"author":[{"embeddable":true,"href":"https:\/\/www.ufsm.br\/pro-reitorias\/pre\/incubadora-social\/wp-json\/wp\/v2\/users\/665"}],"replies":[{"embeddable":true,"href":"https:\/\/www.ufsm.br\/pro-reitorias\/pre\/incubadora-social\/wp-json\/wp\/v2\/comments?post=637"}],"version-history":[{"count":0,"href":"https:\/\/www.ufsm.br\/pro-reitorias\/pre\/incubadora-social\/wp-json\/wp\/v2\/posts\/637\/revisions"}],"wp:featuredmedia":[{"embeddable":true,"href":"https:\/\/www.ufsm.br\/pro-reitorias\/pre\/incubadora-social\/wp-json\/wp\/v2\/media\/638"}],"wp:attachment":[{"href":"https:\/\/www.ufsm.br\/pro-reitorias\/pre\/incubadora-social\/wp-json\/wp\/v2\/media?parent=637"}],"wp:term":[{"taxonomy":"category","embeddable":true,"href":"https:\/\/www.ufsm.br\/pro-reitorias\/pre\/incubadora-social\/wp-json\/wp\/v2\/categories?post=637"},{"taxonomy":"post_tag","embeddable":true,"href":"https:\/\/www.ufsm.br\/pro-reitorias\/pre\/incubadora-social\/wp-json\/wp\/v2\/tags?post=637"}],"curies":[{"name":"wp","href":"https:\/\/api.w.org\/{rel}","templated":true}]}}