{"id":641,"date":"2023-05-10T12:01:26","date_gmt":"2023-05-10T15:01:26","guid":{"rendered":"https:\/\/www.ufsm.br\/pro-reitorias\/pre\/incubadora-social\/?p=641"},"modified":"2023-06-15T15:53:19","modified_gmt":"2023-06-15T18:53:19","slug":"batalhao-do-bem-inicia-curso-de-corte-e-costura-na-sala-da-incubadora-social","status":"publish","type":"post","link":"https:\/\/www.ufsm.br\/pro-reitorias\/pre\/incubadora-social\/2023\/05\/10\/batalhao-do-bem-inicia-curso-de-corte-e-costura-na-sala-da-incubadora-social","title":{"rendered":"Batalh\u00e3o do Bem inicia curso de corte e costura na sala da Incubadora Social"},"content":{"rendered":"\t\t<div data-elementor-type=\"wp-post\" data-elementor-id=\"641\" class=\"elementor elementor-641\">\n\t\t\t\t\t\t<section class=\"elementor-section elementor-top-section elementor-element elementor-element-700f1245 elementor-section-boxed elementor-section-height-default elementor-section-height-default\" data-id=\"700f1245\" data-element_type=\"section\">\n\t\t\t\t\t\t<div class=\"elementor-container elementor-column-gap-default\">\n\t\t\t\t\t<div class=\"elementor-column elementor-col-100 elementor-top-column elementor-element elementor-element-69130c5e\" data-id=\"69130c5e\" data-element_type=\"column\">\n\t\t\t<div class=\"elementor-widget-wrap elementor-element-populated\">\n\t\t\t\t\t\t<div class=\"elementor-element elementor-element-57655b86 elementor-widget elementor-widget-text-editor\" data-id=\"57655b86\" data-element_type=\"widget\" data-widget_type=\"text-editor.default\">\n\t\t\t\t<div class=\"elementor-widget-container\">\n\t\t\t\t\t\t\t<!-- wp:tadv\/classic-paragraph -->\n<p><img fetchpriority=\"high\" decoding=\"async\" class=\"aligncenter wp-image-642 size-large\" src=\"https:\/\/www.ufsm.br\/app\/uploads\/sites\/570\/2023\/05\/IMG_3529-e1683731023967-1024x627.jpg\" alt=\"\" width=\"1024\" height=\"627\" srcset=\"https:\/\/www.ufsm.br\/app\/uploads\/sites\/570\/2023\/05\/IMG_3529-e1683731023967-1024x627.jpg 1024w, https:\/\/www.ufsm.br\/app\/uploads\/sites\/570\/2023\/05\/IMG_3529-e1683731023967-300x184.jpg 300w, https:\/\/www.ufsm.br\/app\/uploads\/sites\/570\/2023\/05\/IMG_3529-e1683731023967-768x470.jpg 768w, https:\/\/www.ufsm.br\/app\/uploads\/sites\/570\/2023\/05\/IMG_3529-e1683731023967-1536x941.jpg 1536w, https:\/\/www.ufsm.br\/app\/uploads\/sites\/570\/2023\/05\/IMG_3529-e1683731023967.jpg 1920w\" sizes=\"(max-width: 1024px) 100vw, 1024px\" \/><\/p>\n<p><span style=\"font-weight: 400\">Atualmente, toneladas de vestimentas militares s\u00e3o descartadas todos os anos, sem reaproveitamento dos tecidos. Pensando na transforma\u00e7\u00e3o desta realidade, o projeto Batalh\u00e3o do Bem de Santa Maria pretende utilizar este tipo de material para gerar renda \u00e0 comunidade local. Assim, as fardas e vestimentas que n\u00e3o s\u00e3o mais utilizadas pelos militares do 4\u00b0 Batalh\u00e3o Log\u00edstico (4\u00b0 BLog) ser\u00e3o doadas e reaproveitadas pelo projeto, que pretende promover\u00a0 economia circular na cidade.<\/span><\/p>\n<p><span style=\"font-weight: 400\">O Projeto Batalh\u00e3o do Bem conta com o apoio do Instituto Federal Farroupilha \u2013 IFFAR, do Santa Maria Tecnoparque, da Unicred, da Cooperativa de Trabalho do Recolhimento de Inserv\u00edveis Recicl\u00e1veis \u2013 CRIR, da 6\u00b0 Brigada de Infantaria Blindada \u2013 Brigada Niederauer, do Servi\u00e7o Nacional de Aprendizagem do Cooperativismo RS \u2013 Sescoop\/RS, da Secretaria Municipal de Desenvolvimento Social, e da Ford Superauto.<\/span><\/p>\n<p><span style=\"font-weight: 400\">Al\u00e9m disso, em parceria com a Incubadora Social, o Batalh\u00e3o realizar\u00e1 os cursos de corte e costura nas salas da IS-UFSM no Complexo Multicultural da Antiga Reitoria. Nesta quinta-feira, 11\/05, foi organizado o primeiro encontro do grupo, que receber\u00e1 todo o suporte para o aprendizado de como manusear e costurar o novo material, transformando-o em estojos, mochilas e pe\u00e7as de uso em geral que, comercializadas, circulam a economia da comunidade.\u00a0<\/span><\/p>\n<p>\u00a0<\/p>\n<p><img decoding=\"async\" class=\"aligncenter size-large wp-image-644\" src=\"https:\/\/www.ufsm.br\/app\/uploads\/sites\/570\/2023\/05\/a0d9f819-0195-4067-ae87-baec4f4bf71e-1024x461.jpg\" alt=\"\" width=\"1024\" height=\"461\" srcset=\"https:\/\/www.ufsm.br\/app\/uploads\/sites\/570\/2023\/05\/a0d9f819-0195-4067-ae87-baec4f4bf71e-1024x461.jpg 1024w, https:\/\/www.ufsm.br\/app\/uploads\/sites\/570\/2023\/05\/a0d9f819-0195-4067-ae87-baec4f4bf71e-300x135.jpg 300w, https:\/\/www.ufsm.br\/app\/uploads\/sites\/570\/2023\/05\/a0d9f819-0195-4067-ae87-baec4f4bf71e-768x346.jpg 768w, https:\/\/www.ufsm.br\/app\/uploads\/sites\/570\/2023\/05\/a0d9f819-0195-4067-ae87-baec4f4bf71e-1536x691.jpg 1536w, https:\/\/www.ufsm.br\/app\/uploads\/sites\/570\/2023\/05\/a0d9f819-0195-4067-ae87-baec4f4bf71e.jpg 1600w\" sizes=\"(max-width: 1024px) 100vw, 1024px\" \/><\/p>\n<p><span style=\"font-weight: 400\">Ao oferecer um destino mais sustent\u00e1vel a essas pe\u00e7as, o Batalh\u00e3o do Bem, em conjunto com a Incubadora Social, gera qualifica\u00e7\u00e3o profissional, assistindo fam\u00edlias em vulnerabilidade social da regi\u00e3o. A iniciativa oferta, ainda, todo o transporte, lanche e material necess\u00e1rio para aqueles inscritos no curso.\u00a0<\/span><\/p>\n<p><span style=\"font-weight: 400\">A Incubadora Social reconhece a relev\u00e2ncia do projeto e contribui com a infraestrutura necess\u00e1ria para que os cursos ocorram. Atualmente, a sala da Incubadora na Antiga Reitoria recebe diariamente oficinas de diferentes projetos, alguns deles abertos \u00e0 comunidade.<\/span><\/p>\n<p>\u00a0<\/p>\n<p><img decoding=\"async\" class=\"aligncenter size-large wp-image-643\" src=\"https:\/\/www.ufsm.br\/app\/uploads\/sites\/570\/2023\/05\/3839a387-36fd-4e2a-a6dc-3054fa69c51d-1024x461.jpg\" alt=\"\" width=\"1024\" height=\"461\" srcset=\"https:\/\/www.ufsm.br\/app\/uploads\/sites\/570\/2023\/05\/3839a387-36fd-4e2a-a6dc-3054fa69c51d-1024x461.jpg 1024w, https:\/\/www.ufsm.br\/app\/uploads\/sites\/570\/2023\/05\/3839a387-36fd-4e2a-a6dc-3054fa69c51d-300x135.jpg 300w, https:\/\/www.ufsm.br\/app\/uploads\/sites\/570\/2023\/05\/3839a387-36fd-4e2a-a6dc-3054fa69c51d-768x346.jpg 768w, https:\/\/www.ufsm.br\/app\/uploads\/sites\/570\/2023\/05\/3839a387-36fd-4e2a-a6dc-3054fa69c51d-1536x691.jpg 1536w, https:\/\/www.ufsm.br\/app\/uploads\/sites\/570\/2023\/05\/3839a387-36fd-4e2a-a6dc-3054fa69c51d.jpg 1600w\" sizes=\"(max-width: 1024px) 100vw, 1024px\" \/><\/p>\n<!-- \/wp:tadv\/classic-paragraph -->\t\t\t\t\t\t<\/div>\n\t\t\t\t<\/div>\n\t\t\t\t\t<\/div>\n\t\t<\/div>\n\t\t\t\t\t<\/div>\n\t\t<\/section>\n\t\t\t\t<\/div>\n\t\t","protected":false},"excerpt":{"rendered":"<p>Atualmente, toneladas de vestimentas militares s\u00e3o descartadas todos os anos, sem reaproveitamento dos tecidos. Pensando na transforma\u00e7\u00e3o desta realidade, o projeto Batalh\u00e3o do Bem de Santa Maria pretende utilizar este tipo de material para gerar renda \u00e0 comunidade local. Assim, as fardas e vestimentas que n\u00e3o s\u00e3o mais utilizadas pelos militares do 4\u00b0 Batalh\u00e3o Log\u00edstico [&hellip;]<\/p>\n","protected":false},"author":665,"featured_media":642,"comment_status":"closed","ping_status":"closed","sticky":false,"template":"","format":"standard","meta":{"footnotes":""},"categories":[2],"tags":[72],"class_list":["post-641","post","type-post","status-publish","format-standard","has-post-thumbnail","hentry","category-noticias","tag-batalhaodobem-economiacircular-economiacriativa-incubadora-social-reutilizar-militar-cursos-oficinas-antigareitoria"],"acf":[],"_links":{"self":[{"href":"https:\/\/www.ufsm.br\/pro-reitorias\/pre\/incubadora-social\/wp-json\/wp\/v2\/posts\/641","targetHints":{"allow":["GET"]}}],"collection":[{"href":"https:\/\/www.ufsm.br\/pro-reitorias\/pre\/incubadora-social\/wp-json\/wp\/v2\/posts"}],"about":[{"href":"https:\/\/www.ufsm.br\/pro-reitorias\/pre\/incubadora-social\/wp-json\/wp\/v2\/types\/post"}],"author":[{"embeddable":true,"href":"https:\/\/www.ufsm.br\/pro-reitorias\/pre\/incubadora-social\/wp-json\/wp\/v2\/users\/665"}],"replies":[{"embeddable":true,"href":"https:\/\/www.ufsm.br\/pro-reitorias\/pre\/incubadora-social\/wp-json\/wp\/v2\/comments?post=641"}],"version-history":[{"count":0,"href":"https:\/\/www.ufsm.br\/pro-reitorias\/pre\/incubadora-social\/wp-json\/wp\/v2\/posts\/641\/revisions"}],"wp:featuredmedia":[{"embeddable":true,"href":"https:\/\/www.ufsm.br\/pro-reitorias\/pre\/incubadora-social\/wp-json\/wp\/v2\/media\/642"}],"wp:attachment":[{"href":"https:\/\/www.ufsm.br\/pro-reitorias\/pre\/incubadora-social\/wp-json\/wp\/v2\/media?parent=641"}],"wp:term":[{"taxonomy":"category","embeddable":true,"href":"https:\/\/www.ufsm.br\/pro-reitorias\/pre\/incubadora-social\/wp-json\/wp\/v2\/categories?post=641"},{"taxonomy":"post_tag","embeddable":true,"href":"https:\/\/www.ufsm.br\/pro-reitorias\/pre\/incubadora-social\/wp-json\/wp\/v2\/tags?post=641"}],"curies":[{"name":"wp","href":"https:\/\/api.w.org\/{rel}","templated":true}]}}