{"id":649,"date":"2023-06-05T11:57:53","date_gmt":"2023-06-05T14:57:53","guid":{"rendered":"https:\/\/www.ufsm.br\/pro-reitorias\/pre\/incubadora-social\/?p=649"},"modified":"2023-06-15T15:51:56","modified_gmt":"2023-06-15T18:51:56","slug":"movimento-meninos-e-meninas-de-rua-por-um-inverno-mais-quente-em-palmeira-das-missoes","status":"publish","type":"post","link":"https:\/\/www.ufsm.br\/pro-reitorias\/pre\/incubadora-social\/2023\/06\/05\/movimento-meninos-e-meninas-de-rua-por-um-inverno-mais-quente-em-palmeira-das-missoes","title":{"rendered":"Movimento Meninos e Meninas de Rua por um inverno mais quente em Palmeira das Miss\u00f5es"},"content":{"rendered":"\t\t<div data-elementor-type=\"wp-post\" data-elementor-id=\"649\" class=\"elementor elementor-649\">\n\t\t\t\t\t\t<section class=\"elementor-section elementor-top-section elementor-element elementor-element-426f9ca2 elementor-section-boxed elementor-section-height-default elementor-section-height-default\" data-id=\"426f9ca2\" data-element_type=\"section\">\n\t\t\t\t\t\t<div class=\"elementor-container elementor-column-gap-default\">\n\t\t\t\t\t<div class=\"elementor-column elementor-col-100 elementor-top-column elementor-element elementor-element-1e7ff06a\" data-id=\"1e7ff06a\" data-element_type=\"column\">\n\t\t\t<div class=\"elementor-widget-wrap elementor-element-populated\">\n\t\t\t\t\t\t<div class=\"elementor-element elementor-element-3be00271 elementor-widget elementor-widget-text-editor\" data-id=\"3be00271\" data-element_type=\"widget\" data-widget_type=\"text-editor.default\">\n\t\t\t\t<div class=\"elementor-widget-container\">\n\t\t\t\t\t\t\t<!-- wp:tadv\/classic-paragraph -->\n<p><img fetchpriority=\"high\" decoding=\"async\" class=\"aligncenter wp-image-650\" src=\"https:\/\/www.ufsm.br\/app\/uploads\/sites\/570\/2023\/06\/356bd59b-5578-472e-93fe-2dcd7874ae51-e1685976597818.jpg\" alt=\"\" width=\"627\" height=\"532\" srcset=\"https:\/\/www.ufsm.br\/app\/uploads\/sites\/570\/2023\/06\/356bd59b-5578-472e-93fe-2dcd7874ae51-e1685976597818.jpg 627w, https:\/\/www.ufsm.br\/app\/uploads\/sites\/570\/2023\/06\/356bd59b-5578-472e-93fe-2dcd7874ae51-e1685976597818-300x255.jpg 300w\" sizes=\"(max-width: 627px) 100vw, 627px\" \/><\/p>\n<p><span style=\"font-weight: 400\">O Movimento Meninos e Meninas de Rua de Palmeira das Miss\u00f5es \u00e9 um dos empreendimentos incubados pela Incubadora Social UFSM. Trata-se de uma associa\u00e7\u00e3o civil sem fins lucrativos, que realiza atividades de car\u00e1ter educativo e cultural na comunidade, trabalhando pelo direito das crian\u00e7as e adolescentes.<\/span><\/p>\n<p><img decoding=\"async\" class=\"alignleft\" src=\"https:\/\/www.ufsm.br\/app\/uploads\/sites\/570\/2023\/06\/970548a9-f110-4f3b-9559-489c9f475f32-e1685976665397.jpg\" alt=\"\" width=\"627\" height=\"612\" \/><span style=\"font-weight: 400\">Recentemente o projeto organizou uma a\u00e7\u00e3o de reaproveitamento de res\u00edduos de tecidos para confec\u00e7\u00e3o de edredons a serem distribu\u00eddos para crian\u00e7as e adolescentes participantes das oficinas.<\/span><\/p>\n<p><span style=\"font-weight: 400\">Al\u00e9m desta a\u00e7\u00e3o o empreendimento desenvolve oficinas de refor\u00e7o escolar para os alunos mais impactados pelo ensino remoto, bem como cursos de pr\u00e1ticas em artesanato, estamparia, cozinha e corte e costura, visando a gera\u00e7\u00e3o de renda e valoriza\u00e7\u00e3o da criatividade. Al\u00e9m disso, promove aulas de capoeira, com os projetos \u201cMulheres em Movimento\u201d e \u201cEntra na Roda\u201d, e de m\u00fasica com o \u201cPercuss\u00e3o na Comunidade\u201d, tamb\u00e9m de teatro, futebol, etc. O empreendimento desenvolve ainda biblioteca comunit\u00e1ria, brinquedoteca, horta comunit\u00e1ria e forma\u00e7\u00e3o em cidadania social.\u00a0<\/span><\/p>\n<p><span style=\"font-weight: 400\">Conhe\u00e7a mais sobre o Movimento Meninos e Meninas de Rua de Palmeira das Miss\u00f5es e siga a Incubadora Social nas redes sociais!<\/span><\/p>\n<p><br \/><img decoding=\"async\" class=\"wp-image-652 aligncenter\" src=\"https:\/\/www.ufsm.br\/app\/uploads\/sites\/570\/2023\/06\/d5c4e540-633c-46eb-8df0-bb7674d45a27.jpg\" alt=\"\" width=\"638\" height=\"525\" srcset=\"https:\/\/www.ufsm.br\/app\/uploads\/sites\/570\/2023\/06\/d5c4e540-633c-46eb-8df0-bb7674d45a27.jpg 762w, https:\/\/www.ufsm.br\/app\/uploads\/sites\/570\/2023\/06\/d5c4e540-633c-46eb-8df0-bb7674d45a27-300x247.jpg 300w\" sizes=\"(max-width: 638px) 100vw, 638px\" \/><\/p>\n<!-- \/wp:tadv\/classic-paragraph -->\t\t\t\t\t\t<\/div>\n\t\t\t\t<\/div>\n\t\t\t\t\t<\/div>\n\t\t<\/div>\n\t\t\t\t\t<\/div>\n\t\t<\/section>\n\t\t\t\t<\/div>\n\t\t","protected":false},"excerpt":{"rendered":"<p>O Movimento Meninos e Meninas de Rua de Palmeira das Miss\u00f5es \u00e9 um dos empreendimentos incubados pela Incubadora Social UFSM. Trata-se de uma associa\u00e7\u00e3o civil sem fins lucrativos, que realiza atividades de car\u00e1ter educativo e cultural na comunidade, trabalhando pelo direito das crian\u00e7as e adolescentes. Recentemente o projeto organizou uma a\u00e7\u00e3o de reaproveitamento de res\u00edduos [&hellip;]<\/p>\n","protected":false},"author":665,"featured_media":650,"comment_status":"closed","ping_status":"closed","sticky":false,"template":"","format":"standard","meta":{"footnotes":""},"categories":[2],"tags":[77],"class_list":["post-649","post","type-post","status-publish","format-standard","has-post-thumbnail","hentry","category-noticias","tag-palmeiradasmissoes-inverno-incubadorasocial-economiacircular-desenvolvimentosustentavel-iniciativa"],"acf":[],"_links":{"self":[{"href":"https:\/\/www.ufsm.br\/pro-reitorias\/pre\/incubadora-social\/wp-json\/wp\/v2\/posts\/649","targetHints":{"allow":["GET"]}}],"collection":[{"href":"https:\/\/www.ufsm.br\/pro-reitorias\/pre\/incubadora-social\/wp-json\/wp\/v2\/posts"}],"about":[{"href":"https:\/\/www.ufsm.br\/pro-reitorias\/pre\/incubadora-social\/wp-json\/wp\/v2\/types\/post"}],"author":[{"embeddable":true,"href":"https:\/\/www.ufsm.br\/pro-reitorias\/pre\/incubadora-social\/wp-json\/wp\/v2\/users\/665"}],"replies":[{"embeddable":true,"href":"https:\/\/www.ufsm.br\/pro-reitorias\/pre\/incubadora-social\/wp-json\/wp\/v2\/comments?post=649"}],"version-history":[{"count":0,"href":"https:\/\/www.ufsm.br\/pro-reitorias\/pre\/incubadora-social\/wp-json\/wp\/v2\/posts\/649\/revisions"}],"wp:featuredmedia":[{"embeddable":true,"href":"https:\/\/www.ufsm.br\/pro-reitorias\/pre\/incubadora-social\/wp-json\/wp\/v2\/media\/650"}],"wp:attachment":[{"href":"https:\/\/www.ufsm.br\/pro-reitorias\/pre\/incubadora-social\/wp-json\/wp\/v2\/media?parent=649"}],"wp:term":[{"taxonomy":"category","embeddable":true,"href":"https:\/\/www.ufsm.br\/pro-reitorias\/pre\/incubadora-social\/wp-json\/wp\/v2\/categories?post=649"},{"taxonomy":"post_tag","embeddable":true,"href":"https:\/\/www.ufsm.br\/pro-reitorias\/pre\/incubadora-social\/wp-json\/wp\/v2\/tags?post=649"}],"curies":[{"name":"wp","href":"https:\/\/api.w.org\/{rel}","templated":true}]}}