{"id":653,"date":"2023-06-06T17:07:30","date_gmt":"2023-06-06T20:07:30","guid":{"rendered":"https:\/\/www.ufsm.br\/pro-reitorias\/pre\/incubadora-social\/?p=653"},"modified":"2023-06-15T15:48:30","modified_gmt":"2023-06-15T18:48:30","slug":"ii-forum-municipal-de-residuos-solidos-em-santa-maria-e-regiao","status":"publish","type":"post","link":"https:\/\/www.ufsm.br\/pro-reitorias\/pre\/incubadora-social\/2023\/06\/06\/ii-forum-municipal-de-residuos-solidos-em-santa-maria-e-regiao","title":{"rendered":"II F\u00f3rum Municipal de Res\u00edduos S\u00f3lidos em Santa Maria e Regi\u00e3o"},"content":{"rendered":"\t\t<div data-elementor-type=\"wp-post\" data-elementor-id=\"653\" class=\"elementor elementor-653\">\n\t\t\t\t\t\t<section class=\"elementor-section elementor-top-section elementor-element elementor-element-bebe896 elementor-section-boxed elementor-section-height-default elementor-section-height-default\" data-id=\"bebe896\" data-element_type=\"section\">\n\t\t\t\t\t\t<div class=\"elementor-container elementor-column-gap-default\">\n\t\t\t\t\t<div class=\"elementor-column elementor-col-100 elementor-top-column elementor-element elementor-element-76278f2\" data-id=\"76278f2\" data-element_type=\"column\">\n\t\t\t<div class=\"elementor-widget-wrap elementor-element-populated\">\n\t\t\t\t\t\t<div class=\"elementor-element elementor-element-908ec8e elementor-widget elementor-widget-image\" data-id=\"908ec8e\" data-element_type=\"widget\" data-widget_type=\"image.default\">\n\t\t\t\t<div class=\"elementor-widget-container\">\n\t\t\t\t\t\t\t\t\t\t\t\t\t<img fetchpriority=\"high\" decoding=\"async\" width=\"1024\" height=\"594\" src=\"https:\/\/www.ufsm.br\/app\/uploads\/sites\/570\/2023\/06\/IMG_4410-e1686081888386-1024x594-1.jpg\" class=\"attachment-large size-large wp-image-691\" alt=\"\" srcset=\"https:\/\/www.ufsm.br\/app\/uploads\/sites\/570\/2023\/06\/IMG_4410-e1686081888386-1024x594-1.jpg 1024w, https:\/\/www.ufsm.br\/app\/uploads\/sites\/570\/2023\/06\/IMG_4410-e1686081888386-1024x594-1-300x174.jpg 300w, https:\/\/www.ufsm.br\/app\/uploads\/sites\/570\/2023\/06\/IMG_4410-e1686081888386-1024x594-1-768x446.jpg 768w\" sizes=\"(max-width: 1024px) 100vw, 1024px\" \/>\t\t\t\t\t\t\t\t\t\t\t\t\t<\/div>\n\t\t\t\t<\/div>\n\t\t\t\t\t<\/div>\n\t\t<\/div>\n\t\t\t\t\t<\/div>\n\t\t<\/section>\n\t\t\t\t<section class=\"elementor-section elementor-top-section elementor-element elementor-element-76c891e4 elementor-section-boxed elementor-section-height-default elementor-section-height-default\" data-id=\"76c891e4\" data-element_type=\"section\">\n\t\t\t\t\t\t<div class=\"elementor-container elementor-column-gap-default\">\n\t\t\t\t\t<div class=\"elementor-column elementor-col-100 elementor-top-column elementor-element elementor-element-5e8cc0f1\" data-id=\"5e8cc0f1\" data-element_type=\"column\">\n\t\t\t<div class=\"elementor-widget-wrap elementor-element-populated\">\n\t\t\t\t\t\t<div class=\"elementor-element elementor-element-67f91a30 elementor-widget elementor-widget-text-editor\" data-id=\"67f91a30\" data-element_type=\"widget\" data-widget_type=\"text-editor.default\">\n\t\t\t\t<div class=\"elementor-widget-container\">\n\t\t\t\t\t\t\t<!-- wp:tadv\/classic-paragraph -->\n<p>\u00a0<\/p>\n<p><span style=\"font-weight: 400\">Na quarta-feira, dia 24\/05, a Incubadora Social participou do II F\u00f3rum Municipal de Res\u00edduos S\u00f3lidos em Santa Maria, o evento aconteceu na C\u00e2mara dos Vereadores da cidade e contou com o tema \u201cCatadores: o que fazem e como podem fazer melhor\u201d.\u00a0<\/span><\/p>\n<p><span style=\"font-weight: 400\">O evento foi promovido pelo Movimento Tratado Cidad\u00e3o, C\u00e2mara de Vereadores, Pr\u00f3-reitora de Extens\u00e3o da UFSM e Universidade Federal de Santa Maria. Com a finalidade de discutir o desenvolvimento sustent\u00e1vel e a cidadania na regi\u00e3o, o F\u00f3rum prop\u00f4s reunir debates sobre sa\u00fade, meio ambiente e educa\u00e7\u00e3o pela inclus\u00e3o socioecon\u00f4mica de catadores.<\/span><\/p>\n<p><span style=\"font-weight: 400\">Da Pr\u00f3-Reitoria de Extens\u00e3o UFSM, o prof. Lucas \u00c1vila, chefe da Incubadora Social, realizou uma fala para a mesa: \u201cGest\u00e3o de Res\u00edduos S\u00f3lidos em Santa Maria\u201d, na qual exp\u00f4s as iniciativas da IS em gest\u00e3o ambiental e os <\/span><i><span style=\"font-weight: 400\">cases<\/span><\/i><span style=\"font-weight: 400\"> de empreendimentos sociais incubados que atuam na \u00e1rea. Siga a lista para conhec\u00ea-los.\u00a0<\/span><\/p>\n<p style=\"text-align: center\"><span style=\"font-weight: 400\">Empreendimentos Incubados &#8211; Gest\u00e3o Ambiental\u00a0<\/span><\/p>\n<p><b>Associa\u00e7\u00e3o de Catadores de Materiais Recicl\u00e1veis Palmeira Verde<\/b><\/p>\n<ul>\n<li style=\"font-weight: 400\"><span style=\"font-weight: 400\">Atividades de coleta seletiva, triagem, classifica\u00e7\u00e3o, processamento e comercializa\u00e7\u00e3o dos res\u00edduos reutiliz\u00e1veis e recicl\u00e1veis.<\/span><\/li>\n<\/ul>\n<p><b>Agricultores org\u00e2nicos da regi\u00e3o central do Rio Grande do Sul<\/b><\/p>\n<ul>\n<li style=\"font-weight: 400\"><span style=\"font-weight: 400\">Feira de Org\u00e2nicos Ana Primavesi, desenvolvendo suas atividades baseada na produ\u00e7\u00e3o agroecol\u00f3gica.<\/span><\/li>\n<\/ul>\n<p><b>Recicle Arte<\/b><\/p>\n<ul>\n<li style=\"font-weight: 400\"><span style=\"font-weight: 400\">Trabalho com material reciclado, costura e artesanato, oficinas itinerantes, palestras e trocas de experi\u00eancias nas associa\u00e7\u00f5es de reciclagem<\/span><\/li>\n<\/ul>\n<p><b>Compostatu<\/b><\/p>\n<ul>\n<li style=\"font-weight: 400\"><span style=\"font-weight: 400\">O empreendimento \u00e9 uma microempresa que realiza a coleta e compostagem de res\u00edduos org\u00e2nicos.<\/span><\/li>\n<\/ul>\n<p><b>Recicla Pampa<\/b><\/p>\n<ul>\n<li style=\"font-weight: 400\"><span style=\"font-weight: 400\">A associa\u00e7\u00e3o tem sede em Ca\u00e7apava do Sul e desenvolve atividades como reciclagem, fabrica\u00e7\u00e3o de sab\u00e3o, sabonete e brech\u00f3.<\/span><\/li>\n<\/ul>\n<p><b>Cooperma<\/b><span style=\"font-weight: 400\"> &#8211; Uni\u00e3o das Associa\u00e7\u00f5es Comunit\u00e1rias de Santa Maria &#8211; Cooperativa de Consumo de Recicl\u00e1veis<\/span><\/p>\n<ul>\n<li style=\"font-weight: 400\"><span style=\"font-weight: 400\">A Cooperma, com sede no Alto da Boa Vista em Santa Maria, \u00e9 um coletivo de lideran\u00e7as comunit\u00e1rias, em vias de constitui\u00e7\u00e3o de uma associa\u00e7\u00e3o, que realiza campanhas de arrecada\u00e7\u00e3o de recursos financeiros, alimentos, roupas, cal\u00e7ados, m\u00f3veis, eletrodom\u00e9sticos, material escolar e de constru\u00e7\u00e3o, etc.<\/span><\/li>\n<\/ul>\n<p><b>Cootracat<\/b><span style=\"font-weight: 400\"> &#8211; Cooperativa de Trabalho dos Catadores de Agudo<\/span><\/p>\n<ul>\n<li style=\"font-weight: 400\"><span style=\"font-weight: 400\">Localiza-se no munic\u00edpio de Agudo e realiza a coleta e triagem de 500 a 800 kg de material recicl\u00e1vel por dia (incluindo vidros).<\/span><\/li>\n<\/ul>\n<p>\u00a0<\/p>\n<p><img decoding=\"async\" class=\"aligncenter size-large wp-image-657\" src=\"https:\/\/www.ufsm.br\/app\/uploads\/sites\/570\/2023\/06\/IMG_4353-1024x768.jpg\" alt=\"\" width=\"1024\" height=\"768\" srcset=\"https:\/\/www.ufsm.br\/app\/uploads\/sites\/570\/2023\/06\/IMG_4353-1024x768.jpg 1024w, https:\/\/www.ufsm.br\/app\/uploads\/sites\/570\/2023\/06\/IMG_4353-300x225.jpg 300w, https:\/\/www.ufsm.br\/app\/uploads\/sites\/570\/2023\/06\/IMG_4353-768x576.jpg 768w, https:\/\/www.ufsm.br\/app\/uploads\/sites\/570\/2023\/06\/IMG_4353-1536x1152.jpg 1536w, https:\/\/www.ufsm.br\/app\/uploads\/sites\/570\/2023\/06\/IMG_4353.jpg 1920w\" sizes=\"(max-width: 1024px) 100vw, 1024px\" \/><\/p>\n<p><span style=\"font-weight: 400\">A mesa de debates da manh\u00e3 contou, ainda, com os palestrantes Ivan Nazaroff, da Secretaria Municipal de Infraestrutura e Servi\u00e7os P\u00fablicos; Alexandre Marin Ragagnin, do Minist\u00e9rio P\u00fablico do Trabalho; Givago Ribeiro, presidente do Legislativo e Andr\u00e9 Domingues, do Conselho Municipal de Defesa do Meio Ambiente. A modera\u00e7\u00e3o coube a Rudynei Pereira, da Pr\u00f3-Reitoria de Extens\u00e3o da UFSM.<\/span><\/p>\n<p><span style=\"font-weight: 400\">J\u00e1, \u00e0 tarde ocorreu a Roda de Conversa \u201cColeta e Encaminhamentos de Res\u00edduos S\u00f3lidos\u201d com a participa\u00e7\u00e3o de Jo\u00e3o Chaves, Secret\u00e1rio Municipal de Desenvolvimento Social e representantes de catadores, associa\u00e7\u00f5es e empreendedores. Lise Brasil, respons\u00e1vel pelo empreendimento Recicle Arte e participante do projeto Ensacolando Arte da Incubadora, esteve presente no evento e comp\u00f4s a Roda de Conversa, tamb\u00e9m organizou uma mostra na C\u00e2mara dos Vereadores com os produtos confeccionados, pelos grupos, a partir de material recicl\u00e1vel.<\/span><span style=\"font-weight: 400\">\u00a0<\/span><\/p>\n<p><img decoding=\"async\" class=\"aligncenter size-large wp-image-658\" src=\"https:\/\/www.ufsm.br\/app\/uploads\/sites\/570\/2023\/06\/IMG_4417-1024x768.jpg\" alt=\"\" width=\"1024\" height=\"768\" srcset=\"https:\/\/www.ufsm.br\/app\/uploads\/sites\/570\/2023\/06\/IMG_4417-1024x768.jpg 1024w, https:\/\/www.ufsm.br\/app\/uploads\/sites\/570\/2023\/06\/IMG_4417-300x225.jpg 300w, https:\/\/www.ufsm.br\/app\/uploads\/sites\/570\/2023\/06\/IMG_4417-768x576.jpg 768w, https:\/\/www.ufsm.br\/app\/uploads\/sites\/570\/2023\/06\/IMG_4417-1536x1152.jpg 1536w, https:\/\/www.ufsm.br\/app\/uploads\/sites\/570\/2023\/06\/IMG_4417.jpg 1920w\" sizes=\"(max-width: 1024px) 100vw, 1024px\" \/><\/p>\n<!-- \/wp:tadv\/classic-paragraph -->\t\t\t\t\t\t<\/div>\n\t\t\t\t<\/div>\n\t\t\t\t\t<\/div>\n\t\t<\/div>\n\t\t\t\t\t<\/div>\n\t\t<\/section>\n\t\t\t\t<\/div>\n\t\t","protected":false},"excerpt":{"rendered":"<p>&nbsp; Na quarta-feira, dia 24\/05, a Incubadora Social participou do II F\u00f3rum Municipal de Res\u00edduos S\u00f3lidos em Santa Maria, o evento aconteceu na C\u00e2mara dos Vereadores da cidade e contou com o tema \u201cCatadores: o que fazem e como podem fazer melhor\u201d.&nbsp; O evento foi promovido pelo Movimento Tratado Cidad\u00e3o, C\u00e2mara de Vereadores, Pr\u00f3-reitora de [&hellip;]<\/p>\n","protected":false},"author":665,"featured_media":693,"comment_status":"closed","ping_status":"closed","sticky":false,"template":"","format":"standard","meta":{"footnotes":""},"categories":[2],"tags":[78],"class_list":["post-653","post","type-post","status-publish","format-standard","has-post-thumbnail","hentry","category-noticias","tag-forumderesiduossolidos-catadores-reciclagem-residuossolidos-santamaria-incubadorasocial-desenvolvimentosustentavel"],"acf":[],"_links":{"self":[{"href":"https:\/\/www.ufsm.br\/pro-reitorias\/pre\/incubadora-social\/wp-json\/wp\/v2\/posts\/653","targetHints":{"allow":["GET"]}}],"collection":[{"href":"https:\/\/www.ufsm.br\/pro-reitorias\/pre\/incubadora-social\/wp-json\/wp\/v2\/posts"}],"about":[{"href":"https:\/\/www.ufsm.br\/pro-reitorias\/pre\/incubadora-social\/wp-json\/wp\/v2\/types\/post"}],"author":[{"embeddable":true,"href":"https:\/\/www.ufsm.br\/pro-reitorias\/pre\/incubadora-social\/wp-json\/wp\/v2\/users\/665"}],"replies":[{"embeddable":true,"href":"https:\/\/www.ufsm.br\/pro-reitorias\/pre\/incubadora-social\/wp-json\/wp\/v2\/comments?post=653"}],"version-history":[{"count":0,"href":"https:\/\/www.ufsm.br\/pro-reitorias\/pre\/incubadora-social\/wp-json\/wp\/v2\/posts\/653\/revisions"}],"wp:featuredmedia":[{"embeddable":true,"href":"https:\/\/www.ufsm.br\/pro-reitorias\/pre\/incubadora-social\/wp-json\/wp\/v2\/media\/693"}],"wp:attachment":[{"href":"https:\/\/www.ufsm.br\/pro-reitorias\/pre\/incubadora-social\/wp-json\/wp\/v2\/media?parent=653"}],"wp:term":[{"taxonomy":"category","embeddable":true,"href":"https:\/\/www.ufsm.br\/pro-reitorias\/pre\/incubadora-social\/wp-json\/wp\/v2\/categories?post=653"},{"taxonomy":"post_tag","embeddable":true,"href":"https:\/\/www.ufsm.br\/pro-reitorias\/pre\/incubadora-social\/wp-json\/wp\/v2\/tags?post=653"}],"curies":[{"name":"wp","href":"https:\/\/api.w.org\/{rel}","templated":true}]}}