{"id":694,"date":"2023-06-15T16:08:23","date_gmt":"2023-06-15T19:08:23","guid":{"rendered":"https:\/\/www.ufsm.br\/pro-reitorias\/pre\/incubadora-social\/?p=694"},"modified":"2023-06-26T16:22:30","modified_gmt":"2023-06-26T19:22:30","slug":"lancamento-progredir-santa-maria","status":"publish","type":"post","link":"https:\/\/www.ufsm.br\/pro-reitorias\/pre\/incubadora-social\/2023\/06\/15\/lancamento-progredir-santa-maria","title":{"rendered":"PROGREDIR Santa Maria"},"content":{"rendered":"\t\t<div data-elementor-type=\"wp-post\" data-elementor-id=\"694\" class=\"elementor elementor-694\">\n\t\t\t\t\t\t<section class=\"elementor-section elementor-top-section elementor-element elementor-element-6efb8428 elementor-section-boxed elementor-section-height-default elementor-section-height-default\" data-id=\"6efb8428\" data-element_type=\"section\">\n\t\t\t\t\t\t<div class=\"elementor-container elementor-column-gap-default\">\n\t\t\t\t\t<div class=\"elementor-column elementor-col-100 elementor-top-column elementor-element elementor-element-5110c462\" data-id=\"5110c462\" data-element_type=\"column\">\n\t\t\t<div class=\"elementor-widget-wrap elementor-element-populated\">\n\t\t\t\t\t\t<div class=\"elementor-element elementor-element-6e6fade0 elementor-widget elementor-widget-text-editor\" data-id=\"6e6fade0\" data-element_type=\"widget\" data-widget_type=\"text-editor.default\">\n\t\t\t\t<div class=\"elementor-widget-container\">\n\t\t\t\t\t\t\t<p><!-- wp:tadv\/classic-paragraph --><\/p>\n<p><img fetchpriority=\"high\" decoding=\"async\" class=\"aligncenter wp-image-703 size-large\" src=\"https:\/\/www.ufsm.br\/app\/uploads\/sites\/570\/2023\/06\/IMG_4734-1-e1687807337359-1024x733.jpg\" alt=\"\" width=\"1024\" height=\"733\" srcset=\"https:\/\/www.ufsm.br\/app\/uploads\/sites\/570\/2023\/06\/IMG_4734-1-e1687807337359-1024x733.jpg 1024w, https:\/\/www.ufsm.br\/app\/uploads\/sites\/570\/2023\/06\/IMG_4734-1-e1687807337359-300x215.jpg 300w, https:\/\/www.ufsm.br\/app\/uploads\/sites\/570\/2023\/06\/IMG_4734-1-e1687807337359-768x550.jpg 768w, https:\/\/www.ufsm.br\/app\/uploads\/sites\/570\/2023\/06\/IMG_4734-1-e1687807337359-1536x1099.jpg 1536w, https:\/\/www.ufsm.br\/app\/uploads\/sites\/570\/2023\/06\/IMG_4734-1-e1687807337359.jpg 1656w\" sizes=\"(max-width: 1024px) 100vw, 1024px\" \/><\/p>\n<p><span style=\"font-weight: 400\">Na quinta-feira, dia 1\u00b0 de junho, a Incubadora Social realizou uma reuni\u00e3o de apresenta\u00e7\u00e3o do novo programa Progredir Santa Maria para \u00f3rg\u00e3os da Prefeitura Municipal.\u00a0<\/span><\/p>\n<p><span style=\"font-weight: 400\">O Progredir Santa Maria \u00e9 uma iniciativa da Pr\u00f3-Reitoria de Extens\u00e3o (PRE) da UFSM, por meio da Coordenadoria de Desenvolvimento Regional e Cidadania (CODERC) e de responsabilidade da Incubadora Social (IS-UFSM).<\/span><\/p>\n<p><span style=\"font-weight: 400\">Apoiado pela Secretaria de Desenvolvimento Social da Prefeitura Municipal, o Progredir Santa Maria busca oferecer capacita\u00e7\u00e3o gratuita, junto aos Centros de Refer\u00eancia em Assist\u00eancia Social (CRAS) de Santa Maria. Gerando a possibilidade de emprego e renda, por meio de cursos de qualifica\u00e7\u00e3o profissional.\u00a0<\/span><\/p>\n<p><span style=\"font-weight: 400\">Os cursos devem ser desenvolvidos a partir de alguns eixos tem\u00e1ticos, tais como: artesanato e produtos locais, servi\u00e7os de atendimento, empreendedorismo, economia circular e criativa e gastronomia, considerando, ainda, as demandas e potencialidades locais.<\/span><\/p>\n<p><span style=\"font-weight: 400\">O p\u00fablico-alvo do Programa s\u00e3o as pessoas que est\u00e3o em situa\u00e7\u00e3o de vulnerabilidade social e\/ou de baixa renda, inscritas no Cadastro \u00danico de Santa Maria e que buscam aprimoramento profissional.\u00a0<\/span><\/p>\n<p><span style=\"font-weight: 400\">Na reuni\u00e3o de apresenta\u00e7\u00e3o, tamb\u00e9m foi discutido o primeiro edital do Progredir Santa Maria, que tem por objetivo selecionar propostas de curso de proponentes internos da UFSM para serem credenciados no Programa.\u00a0<\/span><\/p>\n<p>\u00a0<\/p>\n<p><b>EDITAL N\u00b0 49\/2023 PRE\/UFSM<\/b><\/p>\n<p><span style=\"font-weight: 400\">Progredir Santa Maria \u2013 Credenciamento de cursos internos \u00e0 UFSM &#8211; 2023<\/span><\/p>\n<p><span style=\"font-weight: 400\">Inscri\u00e7\u00f5es at\u00e9 16\/07\u00a0<\/span><\/p>\n<p><span style=\"font-weight: 400\">A Pr\u00f3-Reitoria de Extens\u00e3o da Universidade Federal de Santa Maria, por meio da Coordenadoria de Desenvolvimento Regional e Cidadania e da Incubadora Social, atrav\u00e9s do PROGREDIR Santa Maria, torna p\u00fablico o credenciamento de cursos com proponentes internos \u00e0 UFSM a serem ofertados no munic\u00edpio de Santa Maria, no ano de 2023.<\/span><\/p>\n<p><span style=\"font-weight: 400\">Acesse o edital no link: &lt;https:\/\/www.ufsm.br\/pro-reitorias\/pre\/editais\/049-2023<\/span><\/p>\n<p><!-- \/wp:tadv\/classic-paragraph --><\/p>\t\t\t\t\t\t<\/div>\n\t\t\t\t<\/div>\n\t\t\t\t\t<\/div>\n\t\t<\/div>\n\t\t\t\t\t<\/div>\n\t\t<\/section>\n\t\t\t\t<\/div>\n\t\t","protected":false},"excerpt":{"rendered":"<p>Na quinta-feira, dia 1\u00b0 de junho, a Incubadora Social realizou uma reuni\u00e3o de apresenta\u00e7\u00e3o do novo programa Progredir Santa Maria para \u00f3rg\u00e3os da Prefeitura Municipal.\u00a0 O Progredir Santa Maria \u00e9 uma iniciativa da Pr\u00f3-Reitoria de Extens\u00e3o (PRE) da UFSM, por meio da Coordenadoria de Desenvolvimento Regional e Cidadania (CODERC) e de responsabilidade da Incubadora Social [&hellip;]<\/p>\n","protected":false},"author":665,"featured_media":697,"comment_status":"closed","ping_status":"closed","sticky":false,"template":"","format":"standard","meta":{"footnotes":""},"categories":[2],"tags":[],"class_list":["post-694","post","type-post","status-publish","format-standard","has-post-thumbnail","hentry","category-noticias"],"acf":[],"_links":{"self":[{"href":"https:\/\/www.ufsm.br\/pro-reitorias\/pre\/incubadora-social\/wp-json\/wp\/v2\/posts\/694","targetHints":{"allow":["GET"]}}],"collection":[{"href":"https:\/\/www.ufsm.br\/pro-reitorias\/pre\/incubadora-social\/wp-json\/wp\/v2\/posts"}],"about":[{"href":"https:\/\/www.ufsm.br\/pro-reitorias\/pre\/incubadora-social\/wp-json\/wp\/v2\/types\/post"}],"author":[{"embeddable":true,"href":"https:\/\/www.ufsm.br\/pro-reitorias\/pre\/incubadora-social\/wp-json\/wp\/v2\/users\/665"}],"replies":[{"embeddable":true,"href":"https:\/\/www.ufsm.br\/pro-reitorias\/pre\/incubadora-social\/wp-json\/wp\/v2\/comments?post=694"}],"version-history":[{"count":0,"href":"https:\/\/www.ufsm.br\/pro-reitorias\/pre\/incubadora-social\/wp-json\/wp\/v2\/posts\/694\/revisions"}],"wp:featuredmedia":[{"embeddable":true,"href":"https:\/\/www.ufsm.br\/pro-reitorias\/pre\/incubadora-social\/wp-json\/wp\/v2\/media\/697"}],"wp:attachment":[{"href":"https:\/\/www.ufsm.br\/pro-reitorias\/pre\/incubadora-social\/wp-json\/wp\/v2\/media?parent=694"}],"wp:term":[{"taxonomy":"category","embeddable":true,"href":"https:\/\/www.ufsm.br\/pro-reitorias\/pre\/incubadora-social\/wp-json\/wp\/v2\/categories?post=694"},{"taxonomy":"post_tag","embeddable":true,"href":"https:\/\/www.ufsm.br\/pro-reitorias\/pre\/incubadora-social\/wp-json\/wp\/v2\/tags?post=694"}],"curies":[{"name":"wp","href":"https:\/\/api.w.org\/{rel}","templated":true}]}}