{"id":1194,"date":"2020-05-05T20:22:57","date_gmt":"2020-05-05T23:22:57","guid":{"rendered":"https:\/\/www.ufsm.br\/pro-reitorias\/pre\/observatorio-de-direitos-humanos\/?p=1194"},"modified":"2020-05-05T20:24:25","modified_gmt":"2020-05-05T23:24:25","slug":"projeto-do-observatorio-de-direitos-humanos-da-ufsm-atende-mulheres-vitimas-de-violencia-domestica-durante-a-pandemia","status":"publish","type":"post","link":"https:\/\/www.ufsm.br\/pro-reitorias\/pre\/observatorio-de-direitos-humanos\/2020\/05\/05\/projeto-do-observatorio-de-direitos-humanos-da-ufsm-atende-mulheres-vitimas-de-violencia-domestica-durante-a-pandemia","title":{"rendered":"Projeto do Observat\u00f3rio de Direitos Humanos da UFSM atende mulheres v\u00edtimas de viol\u00eancia dom\u00e9stica durante a pandemia"},"content":{"rendered":"\n<p class=\"wp-block-paragraph\">Com o isolamento social e conv\u00edvio integral durante a pandemia do Covid-19, a Organiza\u00e7\u00e3o das Na\u00e7\u00f5es Unidas (ONU) e a Organiza\u00e7\u00e3o Mundial da Sa\u00fade (OMS) tem pedido para que os governos tratem com prioridade o tema da viol\u00eancia dom\u00e9stica. Recentemente, o Minist\u00e9rio da Mulher, da Fam\u00edlia e dos Direitos Humanos informou que durante a quarentena houve aumento de aproximadamente 9% no n\u00famero de liga\u00e7\u00f5es para o canal Ligue 180.<\/p>\n\n\n\n<p class=\"wp-block-paragraph\">Percebendo a impossibilidade de mulheres sa\u00edrem de casa para pedir ajuda, o <strong>F\u00f3rum de Enfrentamento \u00e0 Viol\u00eancia Contra as Mulheres de Santa Maria<\/strong> e a <strong>Campanha Vida de Mulheres Importam Santa Maria 50-50: uma Campanha por Igualdade<\/strong> criou o <strong>Disque Covid-UFSM &#8211; Acolhe Mulheres<\/strong>. Trata-se de um projeto de extens\u00e3o vinculado ao Observat\u00f3rio de Direitos Humanos da UFSM, da Pr\u00f3-reitoria de Extens\u00e3o, e ao Col\u00e9gio Polit\u00e9cnico da UFSM.<\/p>\n\n\n\n<p class=\"wp-block-paragraph\">O Disque Covid-UFSM \u00e9 parte de campanha por igualdade de g\u00eanero e est\u00e1 dispon\u00edvel a partir desta ter\u00e7a-feira (05\/05) pelos telefones 3220-2020 ou 99976-1090. Funcionar\u00e1 todos os dias nos turnos de 8h \u00e0s 12h e 18 \u00e0s 22h. Quem estiver sofrendo algum tipo de viol\u00eancia dom\u00e9stica durante a quarentena podem contatar o grupo.<\/p>\n\n\n\n<p class=\"wp-block-paragraph\"><strong>A equipe t\u00e9cnica do servi\u00e7o<\/strong>: Enf\u00aa. Prof\u00aa. Laura Ferreira Cortes, Enf\u00aa. Prof\u00aa. Maria Celeste Landerdahl, Psic.Juliana Novo Coutinho, Enf\u00aa. Ta\u00eds Tasquetto Tassinari, Assit. Social Prof\u00aa. Nadianna Marques, Assit. Social M\u00e1rcia Reny Soares, Delegada Elizabete Schimomura, Adv. Marina Callegaro, Adv. T\u00e2mara Camargo da Silva, Adv. Ta\u00eds Lora, Psic. Cibele Witt, Psic. Cl\u00e1udia Dayeni.<\/p>\n\n\n\n<p class=\"wp-block-paragraph\"><strong>Apoios<\/strong>: Prefeitura Municipal de Santa Maria, Di\u00e1rio de Santa Maria, For\u00e7a Tarefa de Combate aos Feminic\u00eddios do RS, Juizado da Viol\u00eancia Dom\u00e9stica de Santa Maria, Delegacia Especializada no Atendimento \u00e0 Mulher, Delegacia de Prote\u00e7\u00e3o ao Idoso e Combate \u00e0 Intoler\u00e2ncia, Minist\u00e9rio P\u00fablico\/RS, Comiss\u00e3o da Mulher da Ordem dos Advogados do Brasil, Defensoria P\u00fablica, Brigada Militar (Patrulha Maria da Penha), Pr\u00f3-Reitoria de Extens\u00e3o (ODH\/PRE), a Pr\u00f3-Reitoria de Infra-estrutura (Proinfra\/UFSM), Centro de Processamento de Dados (CPD\/UFSM), o Col\u00e9gio Polit\u00e9cnico (UFSM), Resid\u00eancia Multiprofissional Integrada em Sa\u00fade, Departamento de Sa\u00fade Coletiva do Centro de Ci\u00eancias da Sa\u00fade, Grupo de Pesquisa Cuidado \u00e0 Sa\u00fade das Pessoas, Fam\u00edlias e Sociedade (CCS\/UFSM), P\u00f3s-gradua\u00e7\u00e3o em Estudos de G\u00eanero (CCSH\/UFSM).<\/p>\n","protected":false},"excerpt":{"rendered":"<p>Com o isolamento social e conv\u00edvio integral durante a pandemia do Covid-19, a Organiza\u00e7\u00e3o das Na\u00e7\u00f5es Unidas (ONU) e a Organiza\u00e7\u00e3o Mundial da Sa\u00fade (OMS) tem pedido para que os governos tratem com prioridade o tema da viol\u00eancia dom\u00e9stica. Recentemente, o Minist\u00e9rio da Mulher, da Fam\u00edlia e dos Direitos Humanos informou que durante a quarentena [&hellip;]<\/p>\n","protected":false},"author":1863,"featured_media":0,"comment_status":"closed","ping_status":"closed","sticky":false,"template":"","format":"standard","meta":{"footnotes":""},"categories":[1],"tags":[],"class_list":["post-1194","post","type-post","status-publish","format-standard","hentry","category-noticias"],"acf":[],"_links":{"self":[{"href":"https:\/\/www.ufsm.br\/pro-reitorias\/pre\/observatorio-de-direitos-humanos\/wp-json\/wp\/v2\/posts\/1194","targetHints":{"allow":["GET"]}}],"collection":[{"href":"https:\/\/www.ufsm.br\/pro-reitorias\/pre\/observatorio-de-direitos-humanos\/wp-json\/wp\/v2\/posts"}],"about":[{"href":"https:\/\/www.ufsm.br\/pro-reitorias\/pre\/observatorio-de-direitos-humanos\/wp-json\/wp\/v2\/types\/post"}],"author":[{"embeddable":true,"href":"https:\/\/www.ufsm.br\/pro-reitorias\/pre\/observatorio-de-direitos-humanos\/wp-json\/wp\/v2\/users\/1863"}],"replies":[{"embeddable":true,"href":"https:\/\/www.ufsm.br\/pro-reitorias\/pre\/observatorio-de-direitos-humanos\/wp-json\/wp\/v2\/comments?post=1194"}],"version-history":[{"count":0,"href":"https:\/\/www.ufsm.br\/pro-reitorias\/pre\/observatorio-de-direitos-humanos\/wp-json\/wp\/v2\/posts\/1194\/revisions"}],"wp:attachment":[{"href":"https:\/\/www.ufsm.br\/pro-reitorias\/pre\/observatorio-de-direitos-humanos\/wp-json\/wp\/v2\/media?parent=1194"}],"wp:term":[{"taxonomy":"category","embeddable":true,"href":"https:\/\/www.ufsm.br\/pro-reitorias\/pre\/observatorio-de-direitos-humanos\/wp-json\/wp\/v2\/categories?post=1194"},{"taxonomy":"post_tag","embeddable":true,"href":"https:\/\/www.ufsm.br\/pro-reitorias\/pre\/observatorio-de-direitos-humanos\/wp-json\/wp\/v2\/tags?post=1194"}],"curies":[{"name":"wp","href":"https:\/\/api.w.org\/{rel}","templated":true}]}}