{"id":2299,"date":"2023-05-05T08:49:18","date_gmt":"2023-05-05T11:49:18","guid":{"rendered":"https:\/\/www.ufsm.br\/pro-reitorias\/pre\/observatorio-de-direitos-humanos\/?p=2299"},"modified":"2023-05-05T09:12:52","modified_gmt":"2023-05-05T12:12:52","slug":"escolas-guarani-e-kaingang-organizam-o-primeiro-encontro-da-visibilidade-e-consciencia-indigena-em-santa-maria-rs","status":"publish","type":"post","link":"https:\/\/www.ufsm.br\/pro-reitorias\/pre\/observatorio-de-direitos-humanos\/2023\/05\/05\/escolas-guarani-e-kaingang-organizam-o-primeiro-encontro-da-visibilidade-e-consciencia-indigena-em-santa-maria-rs","title":{"rendered":"ESCOLAS GUARANI E KAINGANG ORGANIZAM O PRIMEIRO ENCONTRO DA VISIBILIDADE E CONSCI\u00caNCIA IND\u00cdGENA EM SANTA MARIA &#8211; RS."},"content":{"rendered":"\t\t<div data-elementor-type=\"wp-post\" data-elementor-id=\"2299\" class=\"elementor elementor-2299\">\n\t\t\t\t\t\t<section class=\"elementor-section elementor-top-section elementor-element elementor-element-717ab880 elementor-section-boxed elementor-section-height-default elementor-section-height-default\" data-id=\"717ab880\" data-element_type=\"section\">\n\t\t\t\t\t\t<div class=\"elementor-container elementor-column-gap-default\">\n\t\t\t\t\t<div class=\"elementor-column elementor-col-100 elementor-top-column elementor-element elementor-element-32f2a8d0\" data-id=\"32f2a8d0\" data-element_type=\"column\">\n\t\t\t<div class=\"elementor-widget-wrap elementor-element-populated\">\n\t\t\t\t\t\t<div class=\"elementor-element elementor-element-6bf26c7e elementor-widget elementor-widget-text-editor\" data-id=\"6bf26c7e\" data-element_type=\"widget\" data-widget_type=\"text-editor.default\">\n\t\t\t\t<div class=\"elementor-widget-container\">\n\t\t\t\t\t\t\t<p dir=\"ltr\" style=\"line-height: 1.38;text-indent: 36pt;text-align: justify;margin-top: 0pt;margin-bottom: 0pt\"><span style=\"font-size: 12pt;font-family: Roboto,sans-serif;color: #000000;background-color: #ffffff;font-weight: 400;font-style: normal;font-variant: normal;text-decoration: none;vertical-align: baseline\">No dia 14 de abril, no m\u00eas da consci\u00eancia ind\u00edgena, ocorreu o primeiro encontro de visibilidade e consci\u00eancia ind\u00edgena em Santa Maria &#8211; RS. O evento foi ministrado pelas escolas Guarani e Kaingang que buscam dar destaque aos ind\u00edgenas na luta por reconhecimento e direitos.\u00a0<\/span><\/p>\n<p dir=\"ltr\" style=\"line-height: 1.38;text-indent: 36pt;text-align: justify;margin-top: 0pt;margin-bottom: 0pt\"><span style=\"font-size: 12pt;font-family: Roboto,sans-serif;color: #000000;background-color: #ffffff;font-weight: 400;font-style: normal;font-variant: normal;text-decoration: none;vertical-align: baseline\">\u00a0O encontro foi executado no antigo pr\u00e9dio desativado da FUNDAE, atual Escola Estadual Guarani Yvyra Ija Tenonde Vera Miri, que traz homenagem a um l\u00edder espiritual da comunidade que tinha esse mesmo nome. Iniciou-se a luta por direito \u00e0 educa\u00e7\u00e3o ap\u00f3s a aldeia Guaviraty Por\u00e3 chegar \u00e0s terras da antiga FUNDAE.<\/span><\/p>\n<p dir=\"ltr\" style=\"line-height: 1.38;text-indent: 36pt;text-align: justify;margin-top: 0pt;margin-bottom: 0pt\"><span style=\"font-size: 12pt;font-family: Roboto,sans-serif;color: #000000;background-color: #ffffff;font-weight: 400;font-style: normal;font-variant: normal;text-decoration: none;vertical-align: baseline\">Este encontro foi ministrado pela comunidade Kaingang e Guarani, com o prop\u00f3sito de alcan\u00e7ar o reconhecimento aos povos ind\u00edgenas e garantir espa\u00e7os como, a escola Guarani, para que pudessem manter suas l\u00ednguas, costumes, tradi\u00e7\u00f5es e cren\u00e7as.\u00a0<\/span><\/p>\n<p dir=\"ltr\" style=\"line-height: 1.38;text-indent: 36pt;text-align: justify;margin-top: 0pt;margin-bottom: 0pt\"><span style=\"font-size: 12pt;font-family: Roboto,sans-serif;color: #000000;background-color: #ffffff;font-weight: 400;font-style: normal;font-variant: normal;text-decoration: none;vertical-align: baseline\">\u00a0As apresenta\u00e7\u00f5es de cantos e dan\u00e7as logo no in\u00edcio do evento expressaram a import\u00e2ncia de manter suas tradi\u00e7\u00f5es em espa\u00e7os como a escola, j\u00e1 que tamb\u00e9m \u00e9 atrav\u00e9s da m\u00fasica e dan\u00e7a que se conectam com a terra M\u00e3e, a natureza. Durante o encontro, as aldeias Guarani e Kaingang tiveram um momento para conversarem entre si e falar sobre suas lutas, resist\u00eancias e autonomia das aldeias.<\/span><\/p>\n<p dir=\"ltr\" style=\"line-height: 1.38;text-indent: 36pt;text-align: justify;margin-top: 0pt;margin-bottom: 0pt\"><span style=\"font-size: 12pt;font-family: Roboto,sans-serif;color: #000000;background-color: #ffffff;font-weight: 400;font-style: normal;font-variant: normal;text-decoration: none;vertical-align: baseline\">No evento, foi disposta uma mesa com microfones que permitiu \u00e0s pessoas ter um momento de fala com quem estava presente. Dentre elas, foi destacada a fala de Caciques Silvio e Natanael, que apontaram um olhar preocupante sobre a territorialidade. Visto que a comunidade Guarani j\u00e1 est\u00e1 h\u00e1 dez anos na moradia provis\u00f3ria e o tempo m\u00e1ximo \u00e9 de 20 anos, eles continuam lutando constantemente pela perman\u00eancia definitiva.\u00a0<\/span><\/p>\n<p dir=\"ltr\" style=\"line-height: 1.38;text-indent: 36pt;text-align: justify;margin-top: 0pt;margin-bottom: 0pt\"><span style=\"font-size: 12pt;font-family: Roboto,sans-serif;color: #000000;background-color: #ffffff;font-weight: 400;font-style: normal;font-variant: normal;text-decoration: none;vertical-align: baseline\">Cacique Silva cita \u00b4\u00b4 n\u00f3s mesmos queremos contar nossa hist\u00f3ria\u00b4\u00b4 \u00e9 um desejo da comunidade ind\u00edgena e do pr\u00f3prio Cacique poder contar sua hist\u00f3ria e seu ponto de vista.<\/span> <span style=\"font-size: 12pt;font-family: Roboto,sans-serif;color: #000000;background-color: #ffffff;font-weight: 400;font-style: normal;font-variant: normal;text-decoration: none;vertical-align: baseline\">Destacaram a import\u00e2ncia\u00a0 do espa\u00e7o que tiveram na Escola Estadual Guarani, visto que, viabilizam vozes ind\u00edgenas e geram um impacto\u00a0 na\u00a0 popula\u00e7\u00e3o mostrando o motivo em quest\u00e3o das\u00a0 lutas\u00a0 e os pedidos por direitos.\u00a0<\/span><\/p>\n<p dir=\"ltr\" style=\"line-height: 1.38;text-indent: 36pt;text-align: justify;margin-top: 0pt;margin-bottom: 0pt\"><span style=\"font-size: 12pt;font-family: Roboto,sans-serif;color: #000000;background-color: #ffffff;font-weight: 400;font-style: normal;font-variant: normal;text-decoration: none;vertical-align: baseline\">Ressaltam a import\u00e2ncia da escola para eles, dado que permitem que a cultura seja resgatada atrav\u00e9s do ambiente escolar garantindo a sobreviv\u00eancia ind\u00edgena e expandindo a causa para a popula\u00e7\u00e3o, principalmente a popula\u00e7\u00e3o santa-mariense para que\u00a0 possam ganhar apoio e verba.<\/span><\/p>\n<p dir=\"ltr\" style=\"line-height: 1.38;text-indent: 36pt;text-align: justify;margin-top: 0pt;margin-bottom: 0pt\"><span style=\"font-size: 12pt;font-family: Arial;color: #000000;background-color: #ffffff;font-weight: 400;font-style: normal;font-variant: normal;text-decoration: none;vertical-align: baseline\">\u00b4\u00b4N\u00e3o possibilitar o territ\u00f3rio \u00e9 calar, negar a hist\u00f3ria e os valores culturais que se fazem presentes nas aldeias de todo o pa\u00eds\u00b4\u00b4. Frase citada na carta aberta do evento: visibilidade e consci\u00eancia ind\u00edgena.<\/span><\/p>\n<p>\u00a0<\/p>\t\t\t\t\t\t<\/div>\n\t\t\t\t<\/div>\n\t\t\t\t\t<\/div>\n\t\t<\/div>\n\t\t\t\t\t<\/div>\n\t\t<\/section>\n\t\t\t\t<section class=\"elementor-section elementor-top-section elementor-element elementor-element-945623f elementor-section-boxed elementor-section-height-default elementor-section-height-default\" data-id=\"945623f\" data-element_type=\"section\">\n\t\t\t\t\t\t<div class=\"elementor-container elementor-column-gap-default\">\n\t\t\t\t\t<div class=\"elementor-column elementor-col-50 elementor-top-column elementor-element elementor-element-d50f777\" data-id=\"d50f777\" data-element_type=\"column\">\n\t\t\t<div class=\"elementor-widget-wrap elementor-element-populated\">\n\t\t\t\t\t\t<div class=\"elementor-element elementor-element-cc5b862 elementor-widget elementor-widget-image\" data-id=\"cc5b862\" data-element_type=\"widget\" data-widget_type=\"image.default\">\n\t\t\t\t<div class=\"elementor-widget-container\">\n\t\t\t\t\t\t\t\t\t\t\t\t\t<img fetchpriority=\"high\" decoding=\"async\" width=\"768\" height=\"512\" src=\"https:\/\/www.ufsm.br\/app\/uploads\/sites\/414\/2023\/05\/Snapinsta.app_341370253_2448821938614167_2983161220893691823_n_1080-768x512.jpg\" class=\"attachment-medium_large size-medium_large wp-image-2305\" alt=\"\" srcset=\"https:\/\/www.ufsm.br\/app\/uploads\/sites\/414\/2023\/05\/Snapinsta.app_341370253_2448821938614167_2983161220893691823_n_1080-768x512.jpg 768w, https:\/\/www.ufsm.br\/app\/uploads\/sites\/414\/2023\/05\/Snapinsta.app_341370253_2448821938614167_2983161220893691823_n_1080-300x200.jpg 300w, https:\/\/www.ufsm.br\/app\/uploads\/sites\/414\/2023\/05\/Snapinsta.app_341370253_2448821938614167_2983161220893691823_n_1080-1024x683.jpg 1024w, https:\/\/www.ufsm.br\/app\/uploads\/sites\/414\/2023\/05\/Snapinsta.app_341370253_2448821938614167_2983161220893691823_n_1080-272x182.jpg 272w, https:\/\/www.ufsm.br\/app\/uploads\/sites\/414\/2023\/05\/Snapinsta.app_341370253_2448821938614167_2983161220893691823_n_1080.jpg 1065w\" sizes=\"(max-width: 768px) 100vw, 768px\" \/>\t\t\t\t\t\t\t\t\t\t\t\t\t<\/div>\n\t\t\t\t<\/div>\n\t\t\t\t<div class=\"elementor-element elementor-element-84ce58b elementor-widget elementor-widget-image\" data-id=\"84ce58b\" data-element_type=\"widget\" data-widget_type=\"image.default\">\n\t\t\t\t<div class=\"elementor-widget-container\">\n\t\t\t\t\t\t\t\t\t\t\t\t\t<img decoding=\"async\" width=\"768\" height=\"512\" src=\"https:\/\/www.ufsm.br\/app\/uploads\/sites\/414\/2023\/05\/Snapinsta.app_341529370_193138456834805_4000848539578151472_n_1080-768x512.jpg\" class=\"attachment-medium_large size-medium_large wp-image-2304\" alt=\"\" srcset=\"https:\/\/www.ufsm.br\/app\/uploads\/sites\/414\/2023\/05\/Snapinsta.app_341529370_193138456834805_4000848539578151472_n_1080-768x512.jpg 768w, https:\/\/www.ufsm.br\/app\/uploads\/sites\/414\/2023\/05\/Snapinsta.app_341529370_193138456834805_4000848539578151472_n_1080-300x200.jpg 300w, https:\/\/www.ufsm.br\/app\/uploads\/sites\/414\/2023\/05\/Snapinsta.app_341529370_193138456834805_4000848539578151472_n_1080-1024x683.jpg 1024w, https:\/\/www.ufsm.br\/app\/uploads\/sites\/414\/2023\/05\/Snapinsta.app_341529370_193138456834805_4000848539578151472_n_1080-272x182.jpg 272w, https:\/\/www.ufsm.br\/app\/uploads\/sites\/414\/2023\/05\/Snapinsta.app_341529370_193138456834805_4000848539578151472_n_1080.jpg 1066w\" sizes=\"(max-width: 768px) 100vw, 768px\" \/>\t\t\t\t\t\t\t\t\t\t\t\t\t<\/div>\n\t\t\t\t<\/div>\n\t\t\t\t\t<\/div>\n\t\t<\/div>\n\t\t\t\t<div class=\"elementor-column elementor-col-50 elementor-top-column elementor-element elementor-element-934f5dc\" data-id=\"934f5dc\" data-element_type=\"column\">\n\t\t\t<div class=\"elementor-widget-wrap elementor-element-populated\">\n\t\t\t\t\t\t<div class=\"elementor-element elementor-element-8b9d07b elementor-widget elementor-widget-image\" data-id=\"8b9d07b\" data-element_type=\"widget\" data-widget_type=\"image.default\">\n\t\t\t\t<div class=\"elementor-widget-container\">\n\t\t\t\t\t\t\t\t\t\t\t\t\t<img decoding=\"async\" width=\"768\" height=\"512\" src=\"https:\/\/www.ufsm.br\/app\/uploads\/sites\/414\/2023\/05\/Snapinsta.app_341559490_615433666809277_5410306629884084761_n_1080-1-768x512.jpg\" class=\"attachment-medium_large size-medium_large wp-image-2302\" alt=\"\" srcset=\"https:\/\/www.ufsm.br\/app\/uploads\/sites\/414\/2023\/05\/Snapinsta.app_341559490_615433666809277_5410306629884084761_n_1080-1-768x512.jpg 768w, https:\/\/www.ufsm.br\/app\/uploads\/sites\/414\/2023\/05\/Snapinsta.app_341559490_615433666809277_5410306629884084761_n_1080-1-300x200.jpg 300w, https:\/\/www.ufsm.br\/app\/uploads\/sites\/414\/2023\/05\/Snapinsta.app_341559490_615433666809277_5410306629884084761_n_1080-1-1024x683.jpg 1024w, https:\/\/www.ufsm.br\/app\/uploads\/sites\/414\/2023\/05\/Snapinsta.app_341559490_615433666809277_5410306629884084761_n_1080-1-272x182.jpg 272w, https:\/\/www.ufsm.br\/app\/uploads\/sites\/414\/2023\/05\/Snapinsta.app_341559490_615433666809277_5410306629884084761_n_1080-1.jpg 1066w\" sizes=\"(max-width: 768px) 100vw, 768px\" \/>\t\t\t\t\t\t\t\t\t\t\t\t\t<\/div>\n\t\t\t\t<\/div>\n\t\t\t\t<div class=\"elementor-element elementor-element-7245fcc elementor-widget elementor-widget-image\" data-id=\"7245fcc\" data-element_type=\"widget\" data-widget_type=\"image.default\">\n\t\t\t\t<div class=\"elementor-widget-container\">\n\t\t\t\t\t\t\t\t\t\t\t\t\t<img loading=\"lazy\" decoding=\"async\" width=\"768\" height=\"512\" src=\"https:\/\/www.ufsm.br\/app\/uploads\/sites\/414\/2023\/05\/Snapinsta.app_341957729_909728383665822_3985070820949764864_n_1080-1-768x512.jpg\" class=\"attachment-medium_large size-medium_large wp-image-2303\" alt=\"\" srcset=\"https:\/\/www.ufsm.br\/app\/uploads\/sites\/414\/2023\/05\/Snapinsta.app_341957729_909728383665822_3985070820949764864_n_1080-1-768x512.jpg 768w, https:\/\/www.ufsm.br\/app\/uploads\/sites\/414\/2023\/05\/Snapinsta.app_341957729_909728383665822_3985070820949764864_n_1080-1-300x200.jpg 300w, https:\/\/www.ufsm.br\/app\/uploads\/sites\/414\/2023\/05\/Snapinsta.app_341957729_909728383665822_3985070820949764864_n_1080-1-1024x683.jpg 1024w, https:\/\/www.ufsm.br\/app\/uploads\/sites\/414\/2023\/05\/Snapinsta.app_341957729_909728383665822_3985070820949764864_n_1080-1-272x182.jpg 272w, https:\/\/www.ufsm.br\/app\/uploads\/sites\/414\/2023\/05\/Snapinsta.app_341957729_909728383665822_3985070820949764864_n_1080-1.jpg 1066w\" sizes=\"(max-width: 768px) 100vw, 768px\" \/>\t\t\t\t\t\t\t\t\t\t\t\t\t<\/div>\n\t\t\t\t<\/div>\n\t\t\t\t\t<\/div>\n\t\t<\/div>\n\t\t\t\t\t<\/div>\n\t\t<\/section>\n\t\t\t\t<section class=\"elementor-section elementor-top-section elementor-element elementor-element-c2a3d10 elementor-section-boxed elementor-section-height-default elementor-section-height-default\" data-id=\"c2a3d10\" data-element_type=\"section\">\n\t\t\t\t\t\t<div class=\"elementor-container elementor-column-gap-default\">\n\t\t\t\t\t<div class=\"elementor-column elementor-col-100 elementor-top-column elementor-element elementor-element-de28034\" data-id=\"de28034\" data-element_type=\"column\">\n\t\t\t<div class=\"elementor-widget-wrap elementor-element-populated\">\n\t\t\t\t\t\t<div class=\"elementor-element elementor-element-ada20ab elementor-widget elementor-widget-text-editor\" data-id=\"ada20ab\" data-element_type=\"widget\" data-widget_type=\"text-editor.default\">\n\t\t\t\t<div class=\"elementor-widget-container\">\n\t\t\t\t\t\t\t<p>Texto: Ashley Nascimento<\/p>\t\t\t\t\t\t<\/div>\n\t\t\t\t<\/div>\n\t\t\t\t\t<\/div>\n\t\t<\/div>\n\t\t\t\t\t<\/div>\n\t\t<\/section>\n\t\t\t\t<\/div>\n\t\t","protected":false},"excerpt":{"rendered":"<p>No dia 14 de abril, no m\u00eas da consci\u00eancia ind\u00edgena, ocorreu o primeiro encontro de visibilidade e consci\u00eancia ind\u00edgena em Santa Maria &#8211; RS. O evento foi ministrado pelas escolas Guarani e Kaingang que buscam dar destaque aos ind\u00edgenas na luta por reconhecimento e direitos.\u00a0 \u00a0O encontro foi executado no antigo pr\u00e9dio desativado da FUNDAE, [&hellip;]<\/p>\n","protected":false},"author":6803,"featured_media":0,"comment_status":"closed","ping_status":"closed","sticky":false,"template":"","format":"standard","meta":{"footnotes":""},"categories":[1],"tags":[],"class_list":["post-2299","post","type-post","status-publish","format-standard","hentry","category-noticias"],"acf":[],"_links":{"self":[{"href":"https:\/\/www.ufsm.br\/pro-reitorias\/pre\/observatorio-de-direitos-humanos\/wp-json\/wp\/v2\/posts\/2299","targetHints":{"allow":["GET"]}}],"collection":[{"href":"https:\/\/www.ufsm.br\/pro-reitorias\/pre\/observatorio-de-direitos-humanos\/wp-json\/wp\/v2\/posts"}],"about":[{"href":"https:\/\/www.ufsm.br\/pro-reitorias\/pre\/observatorio-de-direitos-humanos\/wp-json\/wp\/v2\/types\/post"}],"author":[{"embeddable":true,"href":"https:\/\/www.ufsm.br\/pro-reitorias\/pre\/observatorio-de-direitos-humanos\/wp-json\/wp\/v2\/users\/6803"}],"replies":[{"embeddable":true,"href":"https:\/\/www.ufsm.br\/pro-reitorias\/pre\/observatorio-de-direitos-humanos\/wp-json\/wp\/v2\/comments?post=2299"}],"version-history":[{"count":0,"href":"https:\/\/www.ufsm.br\/pro-reitorias\/pre\/observatorio-de-direitos-humanos\/wp-json\/wp\/v2\/posts\/2299\/revisions"}],"wp:attachment":[{"href":"https:\/\/www.ufsm.br\/pro-reitorias\/pre\/observatorio-de-direitos-humanos\/wp-json\/wp\/v2\/media?parent=2299"}],"wp:term":[{"taxonomy":"category","embeddable":true,"href":"https:\/\/www.ufsm.br\/pro-reitorias\/pre\/observatorio-de-direitos-humanos\/wp-json\/wp\/v2\/categories?post=2299"},{"taxonomy":"post_tag","embeddable":true,"href":"https:\/\/www.ufsm.br\/pro-reitorias\/pre\/observatorio-de-direitos-humanos\/wp-json\/wp\/v2\/tags?post=2299"}],"curies":[{"name":"wp","href":"https:\/\/api.w.org\/{rel}","templated":true}]}}