{"id":607,"date":"2018-12-12T10:57:13","date_gmt":"2018-12-12T12:57:13","guid":{"rendered":"https:\/\/www.ufsm.br\/pro-reitorias\/pre\/observatorio-de-direitos-humanos\/?p=607"},"modified":"2018-12-12T11:45:20","modified_gmt":"2018-12-12T13:45:20","slug":"i-forum-de-direitos-humanos-da-ufsm-dia-1","status":"publish","type":"post","link":"https:\/\/www.ufsm.br\/pro-reitorias\/pre\/observatorio-de-direitos-humanos\/2018\/12\/12\/i-forum-de-direitos-humanos-da-ufsm-dia-1","title":{"rendered":"I F\u00f3rum de Direitos Humanos da UFSM &#8211; Dia 1"},"content":{"rendered":"<p><span style=\"font-weight: 400;font-family: helvetica, arial, sans-serif;font-size: 10pt\">Na \u00faltima semana, do dia 5 ao dia 7 de dezembro, ocorreu o I F\u00f3rum de Direitos Humanos da UFSM, no pr\u00e9dio da Reitoria, no sal\u00e3o Imembu\u00ed e na sala 218. A escolha da data se deu em celebra\u00e7\u00e3o aos 70 anos da assinatura da Declara\u00e7\u00e3o Universal dos Direitos Humanos, que ocorreu em 10 de dezembro de 1948.<\/span><\/p>\n<p><span style=\"font-weight: 400;font-family: helvetica, arial, sans-serif;font-size: 10pt\">O F\u00f3rum teve in\u00edcio \u00e0s 9h, com a abertura de uma exposi\u00e7\u00e3o fotogr\u00e1fica no hall do pr\u00e9dio da Reitoria, que, unindo duas mostras, abordava as tem\u00e1ticas LGBTQI+ e a diversidade presente no Sul do nosso pa\u00eds. Uma das mostras foi organizada utilizando fotos produzidas pela publicit\u00e1ria, egressa da UFSM, Bruna Casser em 2016, para a disciplina de Comunica\u00e7\u00e3o e Cultura. As fotografias foram tiradas na 2\u00aa Parada LGBTQI+ Alternativa.<\/span><\/p>\n<p><img fetchpriority=\"high\" decoding=\"async\" class=\"aligncenter wp-image-608\" src=\"https:\/\/www.ufsm.br\/pro-reitorias\/pre\/observatorio-de-direitos-humanos\/wp-content\/uploads\/sites\/414\/2018\/12\/DSC_0006-1024x683.jpg\" alt=\"\" width=\"800\" height=\"534\" srcset=\"https:\/\/www.ufsm.br\/app\/uploads\/sites\/414\/2018\/12\/DSC_0006-1024x683.jpg 1024w, https:\/\/www.ufsm.br\/app\/uploads\/sites\/414\/2018\/12\/DSC_0006-300x200.jpg 300w, https:\/\/www.ufsm.br\/app\/uploads\/sites\/414\/2018\/12\/DSC_0006-768x512.jpg 768w, https:\/\/www.ufsm.br\/app\/uploads\/sites\/414\/2018\/12\/DSC_0006-272x182.jpg 272w, https:\/\/www.ufsm.br\/app\/uploads\/sites\/414\/2018\/12\/DSC_0006.jpg 1920w\" sizes=\"(max-width: 800px) 100vw, 800px\" \/><\/p>\n<p><img decoding=\"async\" class=\"aligncenter wp-image-609\" src=\"https:\/\/www.ufsm.br\/pro-reitorias\/pre\/observatorio-de-direitos-humanos\/wp-content\/uploads\/sites\/414\/2018\/12\/DSC_0024-1024x683.jpg\" alt=\"\" width=\"800\" height=\"534\" srcset=\"https:\/\/www.ufsm.br\/app\/uploads\/sites\/414\/2018\/12\/DSC_0024-1024x683.jpg 1024w, https:\/\/www.ufsm.br\/app\/uploads\/sites\/414\/2018\/12\/DSC_0024-300x200.jpg 300w, https:\/\/www.ufsm.br\/app\/uploads\/sites\/414\/2018\/12\/DSC_0024-768x512.jpg 768w, https:\/\/www.ufsm.br\/app\/uploads\/sites\/414\/2018\/12\/DSC_0024-272x182.jpg 272w, https:\/\/www.ufsm.br\/app\/uploads\/sites\/414\/2018\/12\/DSC_0024.jpg 1920w\" sizes=\"(max-width: 800px) 100vw, 800px\" \/><\/p>\n<p><span style=\"font-weight: 400;font-family: helvetica, arial, sans-serif;font-size: 10pt\">A outra mostra \u00e9 composta pelo projeto fotogr\u00e1fico Regionalidades do Sul: Protagonismo Biogr\u00e1fico e Narrativas da Vida no Universo Acad\u00eamico, coordenado pelo Prof. Jorge Luiz da Cunha. O projeto faz parte do N\u00facleo de Estudos sobre Mem\u00f3rias e Educa\u00e7\u00e3o (CLIO) da UFSM. As imagens, impressas em tecido, contam com cita\u00e7\u00f5es dos sujeitos fotografados e entrevistados para o projeto.<\/span><\/p>\n<p><img decoding=\"async\" class=\"aligncenter wp-image-611\" src=\"https:\/\/www.ufsm.br\/pro-reitorias\/pre\/observatorio-de-direitos-humanos\/wp-content\/uploads\/sites\/414\/2018\/12\/DSC_0333-1024x683.jpg\" alt=\"\" width=\"800\" height=\"534\" srcset=\"https:\/\/www.ufsm.br\/app\/uploads\/sites\/414\/2018\/12\/DSC_0333-1024x683.jpg 1024w, https:\/\/www.ufsm.br\/app\/uploads\/sites\/414\/2018\/12\/DSC_0333-300x200.jpg 300w, https:\/\/www.ufsm.br\/app\/uploads\/sites\/414\/2018\/12\/DSC_0333-768x512.jpg 768w, https:\/\/www.ufsm.br\/app\/uploads\/sites\/414\/2018\/12\/DSC_0333-272x182.jpg 272w, https:\/\/www.ufsm.br\/app\/uploads\/sites\/414\/2018\/12\/DSC_0333.jpg 1920w\" sizes=\"(max-width: 800px) 100vw, 800px\" \/><\/p>\n<p><img loading=\"lazy\" decoding=\"async\" class=\"aligncenter wp-image-610\" src=\"https:\/\/www.ufsm.br\/pro-reitorias\/pre\/observatorio-de-direitos-humanos\/wp-content\/uploads\/sites\/414\/2018\/12\/DSC_0324-1024x683.jpg\" alt=\"\" width=\"800\" height=\"534\" srcset=\"https:\/\/www.ufsm.br\/app\/uploads\/sites\/414\/2018\/12\/DSC_0324-1024x683.jpg 1024w, https:\/\/www.ufsm.br\/app\/uploads\/sites\/414\/2018\/12\/DSC_0324-300x200.jpg 300w, https:\/\/www.ufsm.br\/app\/uploads\/sites\/414\/2018\/12\/DSC_0324-768x512.jpg 768w, https:\/\/www.ufsm.br\/app\/uploads\/sites\/414\/2018\/12\/DSC_0324-272x182.jpg 272w, https:\/\/www.ufsm.br\/app\/uploads\/sites\/414\/2018\/12\/DSC_0324.jpg 1920w\" sizes=\"(max-width: 800px) 100vw, 800px\" \/><\/p>\n<p><span style=\"font-family: helvetica, arial, sans-serif;font-size: 10pt\"><span style=\"font-weight: 400\">A abertura do F\u00f3rum se iniciou \u00e0s 9h30, e\u00a0<\/span><span style=\"font-weight: 400\">contou com falas da coordenadora do evento, Dra. Jaciele Carine Sell, servidora t\u00e9cnica em assuntos educacionais na Pr\u00f3-Reitoria de Extens\u00e3o e membro da Comiss\u00e3o de Igualdade de G\u00eanero da UFSM, da Prof\u00aa Dra. Silvia Pav\u00e3o, do departamento de Educa\u00e7\u00e3o Especial da UFSM, e do Prof. Dr. Flavi Ferreira Lisboa, Pr\u00f3-Reitor de Extens\u00e3o e professor do departamento de Ci\u00eancias da Comunica\u00e7\u00e3o da UFSM.<\/span><\/span><\/p>\n<p><img loading=\"lazy\" decoding=\"async\" class=\"aligncenter wp-image-612\" src=\"https:\/\/www.ufsm.br\/pro-reitorias\/pre\/observatorio-de-direitos-humanos\/wp-content\/uploads\/sites\/414\/2018\/12\/DSC_0071-1024x683.jpg\" alt=\"\" width=\"800\" height=\"534\" srcset=\"https:\/\/www.ufsm.br\/app\/uploads\/sites\/414\/2018\/12\/DSC_0071-1024x683.jpg 1024w, https:\/\/www.ufsm.br\/app\/uploads\/sites\/414\/2018\/12\/DSC_0071-300x200.jpg 300w, https:\/\/www.ufsm.br\/app\/uploads\/sites\/414\/2018\/12\/DSC_0071-768x512.jpg 768w, https:\/\/www.ufsm.br\/app\/uploads\/sites\/414\/2018\/12\/DSC_0071-272x182.jpg 272w, https:\/\/www.ufsm.br\/app\/uploads\/sites\/414\/2018\/12\/DSC_0071.jpg 1920w\" sizes=\"(max-width: 800px) 100vw, 800px\" \/><\/p>\n<p><img loading=\"lazy\" decoding=\"async\" class=\"aligncenter wp-image-613\" src=\"https:\/\/www.ufsm.br\/pro-reitorias\/pre\/observatorio-de-direitos-humanos\/wp-content\/uploads\/sites\/414\/2018\/12\/DSC_0123-683x1024.jpg\" alt=\"\" width=\"534\" height=\"800\" srcset=\"https:\/\/www.ufsm.br\/app\/uploads\/sites\/414\/2018\/12\/DSC_0123-683x1024.jpg 683w, https:\/\/www.ufsm.br\/app\/uploads\/sites\/414\/2018\/12\/DSC_0123-200x300.jpg 200w, https:\/\/www.ufsm.br\/app\/uploads\/sites\/414\/2018\/12\/DSC_0123-768x1151.jpg 768w, https:\/\/www.ufsm.br\/app\/uploads\/sites\/414\/2018\/12\/DSC_0123.jpg 1920w\" sizes=\"(max-width: 534px) 100vw, 534px\" \/><\/p>\n<p><img loading=\"lazy\" decoding=\"async\" class=\"aligncenter wp-image-614\" src=\"https:\/\/www.ufsm.br\/pro-reitorias\/pre\/observatorio-de-direitos-humanos\/wp-content\/uploads\/sites\/414\/2018\/12\/DSC_0172-1024x683.jpg\" alt=\"\" width=\"800\" height=\"534\" srcset=\"https:\/\/www.ufsm.br\/app\/uploads\/sites\/414\/2018\/12\/DSC_0172-1024x683.jpg 1024w, https:\/\/www.ufsm.br\/app\/uploads\/sites\/414\/2018\/12\/DSC_0172-300x200.jpg 300w, https:\/\/www.ufsm.br\/app\/uploads\/sites\/414\/2018\/12\/DSC_0172-768x512.jpg 768w, https:\/\/www.ufsm.br\/app\/uploads\/sites\/414\/2018\/12\/DSC_0172-272x182.jpg 272w, https:\/\/www.ufsm.br\/app\/uploads\/sites\/414\/2018\/12\/DSC_0172.jpg 1920w\" sizes=\"(max-width: 800px) 100vw, 800px\" \/><\/p>\n<p><span style=\"font-weight: 400;font-family: helvetica, arial, sans-serif;font-size: 10pt\">Na sequ\u00eancia, \u00e0s 10h, ocorreu a palestra \u201cEduca\u00e7\u00e3o em Direitos Humanos \u00e0 luz dos 70 anos da Declara\u00e7\u00e3o Universal dos DH\u201d com o Prof. Dr. Erasto Fortes Mendon\u00e7a, da UnB, professor aposentado da Universidade de Bras\u00edlia. O mesmo foi conselheiro do Conselho Nacional de Educa\u00e7\u00e3o de 2012 \u00e0 2016, e presidente da C\u00e2mara de Educa\u00e7\u00e3o Superior de 2014 \u00e0 2016. Atuou como Diretor da Faculdade de Educa\u00e7\u00e3o da Universidade de Bras\u00edlia, como Secret\u00e1rio de Estado Adjunto de Educa\u00e7\u00e3o do DF e como Coordenador de Educa\u00e7\u00e3o em Direitos Humanos e Diretor de Promo\u00e7\u00e3o dos Direitos Humanos da Secretaria de Direitos Humanos da Presid\u00eancia da Rep\u00fablica. Em sua fala, Erasto buscou fazer uma recupera\u00e7\u00e3o hist\u00f3rica marcando os 70 anos da assinatura da Declara\u00e7\u00e3o Universal dos Direitos Humanos, os 50 anos do AI-5, e os 30 anos da nossa Constitui\u00e7\u00e3o Federal. Atrav\u00e9s dessa recupera\u00e7\u00e3o, ele exaltou import\u00e2ncia de uma educa\u00e7\u00e3o em Direitos Humanos, ou seja, os Direitos Humanos como a base da educa\u00e7\u00e3o.<\/span><\/p>\n<p><img loading=\"lazy\" decoding=\"async\" class=\"aligncenter wp-image-615\" src=\"https:\/\/www.ufsm.br\/pro-reitorias\/pre\/observatorio-de-direitos-humanos\/wp-content\/uploads\/sites\/414\/2018\/12\/DSC_0214-1024x683.jpg\" alt=\"\" width=\"800\" height=\"534\" srcset=\"https:\/\/www.ufsm.br\/app\/uploads\/sites\/414\/2018\/12\/DSC_0214-1024x683.jpg 1024w, https:\/\/www.ufsm.br\/app\/uploads\/sites\/414\/2018\/12\/DSC_0214-300x200.jpg 300w, https:\/\/www.ufsm.br\/app\/uploads\/sites\/414\/2018\/12\/DSC_0214-768x512.jpg 768w, https:\/\/www.ufsm.br\/app\/uploads\/sites\/414\/2018\/12\/DSC_0214-272x182.jpg 272w, https:\/\/www.ufsm.br\/app\/uploads\/sites\/414\/2018\/12\/DSC_0214.jpg 1920w\" sizes=\"(max-width: 800px) 100vw, 800px\" \/><\/p>\n<p><img loading=\"lazy\" decoding=\"async\" class=\"aligncenter wp-image-616\" src=\"https:\/\/www.ufsm.br\/pro-reitorias\/pre\/observatorio-de-direitos-humanos\/wp-content\/uploads\/sites\/414\/2018\/12\/DSC_0237-1024x683.jpg\" alt=\"\" width=\"800\" height=\"534\" srcset=\"https:\/\/www.ufsm.br\/app\/uploads\/sites\/414\/2018\/12\/DSC_0237-1024x683.jpg 1024w, https:\/\/www.ufsm.br\/app\/uploads\/sites\/414\/2018\/12\/DSC_0237-300x200.jpg 300w, https:\/\/www.ufsm.br\/app\/uploads\/sites\/414\/2018\/12\/DSC_0237-768x512.jpg 768w, https:\/\/www.ufsm.br\/app\/uploads\/sites\/414\/2018\/12\/DSC_0237-272x182.jpg 272w, https:\/\/www.ufsm.br\/app\/uploads\/sites\/414\/2018\/12\/DSC_0237.jpg 1920w\" sizes=\"(max-width: 800px) 100vw, 800px\" \/><\/p>\n<p><span style=\"font-weight: 400;font-family: helvetica, arial, sans-serif;font-size: 10pt\">Tanto a abertura quanto a palestra do professor Erasto foram transmitidas ao vivo pelo Facebook da Pr\u00f3-Reitoria de Extens\u00e3o.<\/span><\/p>\n<p><img loading=\"lazy\" decoding=\"async\" class=\"aligncenter wp-image-617\" src=\"https:\/\/www.ufsm.br\/pro-reitorias\/pre\/observatorio-de-direitos-humanos\/wp-content\/uploads\/sites\/414\/2018\/12\/DSC_0249-1024x683.jpg\" alt=\"\" width=\"800\" height=\"534\" srcset=\"https:\/\/www.ufsm.br\/app\/uploads\/sites\/414\/2018\/12\/DSC_0249-1024x683.jpg 1024w, https:\/\/www.ufsm.br\/app\/uploads\/sites\/414\/2018\/12\/DSC_0249-300x200.jpg 300w, https:\/\/www.ufsm.br\/app\/uploads\/sites\/414\/2018\/12\/DSC_0249-768x512.jpg 768w, https:\/\/www.ufsm.br\/app\/uploads\/sites\/414\/2018\/12\/DSC_0249-272x182.jpg 272w, https:\/\/www.ufsm.br\/app\/uploads\/sites\/414\/2018\/12\/DSC_0249.jpg 1920w\" sizes=\"(max-width: 800px) 100vw, 800px\" \/><\/p>\n<p><span style=\"font-weight: 400;font-family: helvetica, arial, sans-serif;font-size: 10pt\">\u00c0s 13h30 teve in\u00edcio a Roda de Conversa: \u201cInf\u00e2ncia e Adolesc\u00eancia\u201d com representantes do conv\u00eanio entre MP-RS\/FASE\/UFSM. O promotor Ant\u00f4nio Augusto Ramos de Moraes, representante do Minist\u00e9rio P\u00fablico, junto do Prof. Dr. Flavi Ferreira Lisboa Filho, que representa a universidade, abriram a mesa com um di\u00e1logo sobre o conv\u00eanio.<\/span><\/p>\n<p><img loading=\"lazy\" decoding=\"async\" class=\"aligncenter wp-image-618\" src=\"https:\/\/www.ufsm.br\/pro-reitorias\/pre\/observatorio-de-direitos-humanos\/wp-content\/uploads\/sites\/414\/2018\/12\/DSC_0397-1024x683.jpg\" alt=\"\" width=\"800\" height=\"534\" srcset=\"https:\/\/www.ufsm.br\/app\/uploads\/sites\/414\/2018\/12\/DSC_0397-1024x683.jpg 1024w, https:\/\/www.ufsm.br\/app\/uploads\/sites\/414\/2018\/12\/DSC_0397-300x200.jpg 300w, https:\/\/www.ufsm.br\/app\/uploads\/sites\/414\/2018\/12\/DSC_0397-768x512.jpg 768w, https:\/\/www.ufsm.br\/app\/uploads\/sites\/414\/2018\/12\/DSC_0397-272x182.jpg 272w, https:\/\/www.ufsm.br\/app\/uploads\/sites\/414\/2018\/12\/DSC_0397.jpg 1920w\" sizes=\"(max-width: 800px) 100vw, 800px\" \/><\/p>\n<p><img loading=\"lazy\" decoding=\"async\" class=\"aligncenter wp-image-619\" src=\"https:\/\/www.ufsm.br\/pro-reitorias\/pre\/observatorio-de-direitos-humanos\/wp-content\/uploads\/sites\/414\/2018\/12\/DSC_0455-1024x683.jpg\" alt=\"\" width=\"800\" height=\"534\" srcset=\"https:\/\/www.ufsm.br\/app\/uploads\/sites\/414\/2018\/12\/DSC_0455-1024x683.jpg 1024w, https:\/\/www.ufsm.br\/app\/uploads\/sites\/414\/2018\/12\/DSC_0455-300x200.jpg 300w, https:\/\/www.ufsm.br\/app\/uploads\/sites\/414\/2018\/12\/DSC_0455-768x512.jpg 768w, https:\/\/www.ufsm.br\/app\/uploads\/sites\/414\/2018\/12\/DSC_0455-272x182.jpg 272w, https:\/\/www.ufsm.br\/app\/uploads\/sites\/414\/2018\/12\/DSC_0455.jpg 1920w\" sizes=\"(max-width: 800px) 100vw, 800px\" \/><\/p>\n<p><span style=\"font-weight: 400;font-family: helvetica, arial, sans-serif;font-size: 10pt\">O Professor Reitor Paulo Afonso Burmann, que n\u00e3o havia comparecido no evento na parte da manh\u00e3, por quest\u00f5es de agenda, conseguiu fazer uma breve apari\u00e7\u00e3o durante a tarde, em que falou sobre a import\u00e2ncia de realizar um evento que trate de Direitos Humanos nos dias de hoje e na sociedade em que vivemos.<\/span><\/p>\n<p><img loading=\"lazy\" decoding=\"async\" class=\"aligncenter wp-image-620\" src=\"https:\/\/www.ufsm.br\/pro-reitorias\/pre\/observatorio-de-direitos-humanos\/wp-content\/uploads\/sites\/414\/2018\/12\/DSC_0618-683x1024.jpg\" alt=\"\" width=\"534\" height=\"800\" srcset=\"https:\/\/www.ufsm.br\/app\/uploads\/sites\/414\/2018\/12\/DSC_0618-683x1024.jpg 683w, https:\/\/www.ufsm.br\/app\/uploads\/sites\/414\/2018\/12\/DSC_0618-200x300.jpg 200w, https:\/\/www.ufsm.br\/app\/uploads\/sites\/414\/2018\/12\/DSC_0618-768x1151.jpg 768w, https:\/\/www.ufsm.br\/app\/uploads\/sites\/414\/2018\/12\/DSC_0618.jpg 1920w\" sizes=\"(max-width: 534px) 100vw, 534px\" \/><\/p>\n<p><span style=\"font-weight: 400;font-family: helvetica, arial, sans-serif;font-size: 10pt\">Durante a roda, docentes e discentes que coordenam e participam de projetos de extens\u00e3o desenvolvidos para o Conv\u00eanio MP-RS\/FASE\/UFSM realizaram uma mostra de seus projetos.<\/span><\/p>\n<p><span style=\"font-family: helvetica, arial, sans-serif;font-size: 10pt\"><b>Leitura, a\u00e7\u00e3o: dramatiza\u00e7\u00e3o<\/b><\/span><\/p>\n<p><span style=\"font-weight: 400;font-family: helvetica, arial, sans-serif;font-size: 10pt\">O projeto, coordenado pela Prof\u00aa. Dra. Jane Schumacher trouxe a I Mostra Primeiro Comando da Paz (PCP), que conta com cisnes e escorpi\u00f5es artesanais produzidos em oficinas do projeto para presentear crian\u00e7as e adolescentes no Centro de Tratamento da Crian\u00e7a com C\u00e2ncer do HUSM.<\/span><\/p>\n<p><img loading=\"lazy\" decoding=\"async\" class=\"aligncenter wp-image-622\" src=\"https:\/\/www.ufsm.br\/pro-reitorias\/pre\/observatorio-de-direitos-humanos\/wp-content\/uploads\/sites\/414\/2018\/12\/DSC_0356-1024x683.jpg\" alt=\"\" width=\"800\" height=\"534\" srcset=\"https:\/\/www.ufsm.br\/app\/uploads\/sites\/414\/2018\/12\/DSC_0356-1024x683.jpg 1024w, https:\/\/www.ufsm.br\/app\/uploads\/sites\/414\/2018\/12\/DSC_0356-300x200.jpg 300w, https:\/\/www.ufsm.br\/app\/uploads\/sites\/414\/2018\/12\/DSC_0356-768x512.jpg 768w, https:\/\/www.ufsm.br\/app\/uploads\/sites\/414\/2018\/12\/DSC_0356-272x182.jpg 272w, https:\/\/www.ufsm.br\/app\/uploads\/sites\/414\/2018\/12\/DSC_0356.jpg 1920w\" sizes=\"(max-width: 800px) 100vw, 800px\" \/><\/p>\n<p><img loading=\"lazy\" decoding=\"async\" class=\"aligncenter wp-image-623\" src=\"https:\/\/www.ufsm.br\/pro-reitorias\/pre\/observatorio-de-direitos-humanos\/wp-content\/uploads\/sites\/414\/2018\/12\/DSC_0358-1024x683.jpg\" alt=\"\" width=\"800\" height=\"534\" srcset=\"https:\/\/www.ufsm.br\/app\/uploads\/sites\/414\/2018\/12\/DSC_0358-1024x683.jpg 1024w, https:\/\/www.ufsm.br\/app\/uploads\/sites\/414\/2018\/12\/DSC_0358-300x200.jpg 300w, https:\/\/www.ufsm.br\/app\/uploads\/sites\/414\/2018\/12\/DSC_0358-768x512.jpg 768w, https:\/\/www.ufsm.br\/app\/uploads\/sites\/414\/2018\/12\/DSC_0358-272x182.jpg 272w, https:\/\/www.ufsm.br\/app\/uploads\/sites\/414\/2018\/12\/DSC_0358.jpg 1920w\" sizes=\"(max-width: 800px) 100vw, 800px\" \/><\/p>\n<p><img loading=\"lazy\" decoding=\"async\" class=\"aligncenter wp-image-621\" src=\"https:\/\/www.ufsm.br\/pro-reitorias\/pre\/observatorio-de-direitos-humanos\/wp-content\/uploads\/sites\/414\/2018\/12\/DSC_0351-1024x683.jpg\" alt=\"\" width=\"800\" height=\"534\" srcset=\"https:\/\/www.ufsm.br\/app\/uploads\/sites\/414\/2018\/12\/DSC_0351-1024x683.jpg 1024w, https:\/\/www.ufsm.br\/app\/uploads\/sites\/414\/2018\/12\/DSC_0351-300x200.jpg 300w, https:\/\/www.ufsm.br\/app\/uploads\/sites\/414\/2018\/12\/DSC_0351-768x512.jpg 768w, https:\/\/www.ufsm.br\/app\/uploads\/sites\/414\/2018\/12\/DSC_0351-272x182.jpg 272w, https:\/\/www.ufsm.br\/app\/uploads\/sites\/414\/2018\/12\/DSC_0351.jpg 1920w\" sizes=\"(max-width: 800px) 100vw, 800px\" \/><\/p>\n<p><span style=\"font-weight: 400;font-family: helvetica, arial, sans-serif;font-size: 10pt\">Al\u00e9m disso, a professora, junto da bolsista Alicia Gon\u00e7alves apresentaram algumas das a\u00e7\u00f5es promovidas pelo projeto, como a cria\u00e7\u00e3o do Primeiro Comando da Paz e o trabalho de interpreta\u00e7\u00e3o de letras de m\u00fasica funk. Elas ressaltaram a import\u00e2ncia de tratar de assuntos que interessassem aos meninos e que tamb\u00e9m se relacionassem com a realidade deles.<\/span><\/p>\n<p><img loading=\"lazy\" decoding=\"async\" class=\"aligncenter wp-image-624\" src=\"https:\/\/www.ufsm.br\/pro-reitorias\/pre\/observatorio-de-direitos-humanos\/wp-content\/uploads\/sites\/414\/2018\/12\/DSC_0487-1024x683.jpg\" alt=\"\" width=\"800\" height=\"534\" srcset=\"https:\/\/www.ufsm.br\/app\/uploads\/sites\/414\/2018\/12\/DSC_0487-1024x683.jpg 1024w, https:\/\/www.ufsm.br\/app\/uploads\/sites\/414\/2018\/12\/DSC_0487-300x200.jpg 300w, https:\/\/www.ufsm.br\/app\/uploads\/sites\/414\/2018\/12\/DSC_0487-768x512.jpg 768w, https:\/\/www.ufsm.br\/app\/uploads\/sites\/414\/2018\/12\/DSC_0487-272x182.jpg 272w, https:\/\/www.ufsm.br\/app\/uploads\/sites\/414\/2018\/12\/DSC_0487.jpg 1920w\" sizes=\"(max-width: 800px) 100vw, 800px\" \/><\/p>\n<p><img loading=\"lazy\" decoding=\"async\" class=\"aligncenter wp-image-625\" src=\"https:\/\/www.ufsm.br\/pro-reitorias\/pre\/observatorio-de-direitos-humanos\/wp-content\/uploads\/sites\/414\/2018\/12\/DSC_0507-1024x683.jpg\" alt=\"\" width=\"800\" height=\"534\" srcset=\"https:\/\/www.ufsm.br\/app\/uploads\/sites\/414\/2018\/12\/DSC_0507-1024x683.jpg 1024w, https:\/\/www.ufsm.br\/app\/uploads\/sites\/414\/2018\/12\/DSC_0507-300x200.jpg 300w, https:\/\/www.ufsm.br\/app\/uploads\/sites\/414\/2018\/12\/DSC_0507-768x512.jpg 768w, https:\/\/www.ufsm.br\/app\/uploads\/sites\/414\/2018\/12\/DSC_0507-272x182.jpg 272w, https:\/\/www.ufsm.br\/app\/uploads\/sites\/414\/2018\/12\/DSC_0507.jpg 1920w\" sizes=\"(max-width: 800px) 100vw, 800px\" \/><\/p>\n<p><span style=\"font-family: helvetica, arial, sans-serif;font-size: 10pt\"><b>Atletismo; Inicia\u00e7\u00e3o na pr\u00e1tica de t\u00eanis de mesa<\/b><\/span><\/p>\n<p><span style=\"font-weight: 400;font-family: helvetica, arial, sans-serif;font-size: 10pt\">O Prof. Dr. Luiz Fernando Cuozzo Lemos, coordenador dos projetos Atletismo e Inicia\u00e7\u00e3o na pr\u00e1tica de t\u00eanis de mesa esteve presente no evento. Em sua apresenta\u00e7\u00e3o, ele mostrou algumas realiza\u00e7\u00f5es dos seus projetos, como levar os jovens para participar de competi\u00e7\u00f5es estaduais da CASE, onde foram vitoriosos em algumas das modalidades.<\/span><span style=\"font-weight: 400\"><br \/>\n<\/span><\/p>\n<p><img loading=\"lazy\" decoding=\"async\" class=\"aligncenter wp-image-626\" src=\"https:\/\/www.ufsm.br\/pro-reitorias\/pre\/observatorio-de-direitos-humanos\/wp-content\/uploads\/sites\/414\/2018\/12\/DSC_0556-1024x683.jpg\" alt=\"\" width=\"800\" height=\"534\" srcset=\"https:\/\/www.ufsm.br\/app\/uploads\/sites\/414\/2018\/12\/DSC_0556-1024x683.jpg 1024w, https:\/\/www.ufsm.br\/app\/uploads\/sites\/414\/2018\/12\/DSC_0556-300x200.jpg 300w, https:\/\/www.ufsm.br\/app\/uploads\/sites\/414\/2018\/12\/DSC_0556-768x512.jpg 768w, https:\/\/www.ufsm.br\/app\/uploads\/sites\/414\/2018\/12\/DSC_0556-272x182.jpg 272w, https:\/\/www.ufsm.br\/app\/uploads\/sites\/414\/2018\/12\/DSC_0556.jpg 1920w\" sizes=\"(max-width: 800px) 100vw, 800px\" \/><\/p>\n<p><img loading=\"lazy\" decoding=\"async\" class=\"aligncenter wp-image-627\" src=\"https:\/\/www.ufsm.br\/pro-reitorias\/pre\/observatorio-de-direitos-humanos\/wp-content\/uploads\/sites\/414\/2018\/12\/DSC_0583-1024x683.jpg\" alt=\"\" width=\"800\" height=\"534\" srcset=\"https:\/\/www.ufsm.br\/app\/uploads\/sites\/414\/2018\/12\/DSC_0583-1024x683.jpg 1024w, https:\/\/www.ufsm.br\/app\/uploads\/sites\/414\/2018\/12\/DSC_0583-300x200.jpg 300w, https:\/\/www.ufsm.br\/app\/uploads\/sites\/414\/2018\/12\/DSC_0583-768x512.jpg 768w, https:\/\/www.ufsm.br\/app\/uploads\/sites\/414\/2018\/12\/DSC_0583-272x182.jpg 272w, https:\/\/www.ufsm.br\/app\/uploads\/sites\/414\/2018\/12\/DSC_0583.jpg 1920w\" sizes=\"(max-width: 800px) 100vw, 800px\" \/><\/p>\n<p><span style=\"font-family: helvetica, arial, sans-serif;font-size: 10pt\"><b>Aprecia\u00e7\u00e3o, an\u00e1lise e cria\u00e7\u00e3o audiovisual na CASE<\/b><\/span><\/p>\n<p><span style=\"font-weight: 400;font-family: helvetica, arial, sans-serif;font-size: 10pt\">O coordenador do projeto, Rafael Salles Gon\u00e7alves, esteve presente no evento, junto do bolsista Jo\u00e3o Pedro Amaral, para trazer relatos do trabalho realizado por eles na CASE. Em sua apresenta\u00e7\u00e3o, eles trouxeram capturas de tela do curta produzido pelos jovens da CASE, que ser\u00e1 lan\u00e7ado em breve, al\u00e9m de fotos dos bastidores e hist\u00f3rias sobre a produ\u00e7\u00e3o. Na fala deles, eles falaram sobre o qu\u00e3o positiva foi a experi\u00eancia para os jovens, e o qu\u00e3o investidos e dedicados eles foram ao projeto, tanto no trabalho de produ\u00e7\u00e3o quanto no trabalho de encena\u00e7\u00e3o.<\/span><\/p>\n<p><img loading=\"lazy\" decoding=\"async\" class=\"aligncenter wp-image-628\" src=\"https:\/\/www.ufsm.br\/pro-reitorias\/pre\/observatorio-de-direitos-humanos\/wp-content\/uploads\/sites\/414\/2018\/12\/DSC_0823-683x1024.jpg\" alt=\"\" width=\"534\" height=\"800\" srcset=\"https:\/\/www.ufsm.br\/app\/uploads\/sites\/414\/2018\/12\/DSC_0823-683x1024.jpg 683w, https:\/\/www.ufsm.br\/app\/uploads\/sites\/414\/2018\/12\/DSC_0823-200x300.jpg 200w, https:\/\/www.ufsm.br\/app\/uploads\/sites\/414\/2018\/12\/DSC_0823-768x1151.jpg 768w, https:\/\/www.ufsm.br\/app\/uploads\/sites\/414\/2018\/12\/DSC_0823.jpg 1920w\" sizes=\"(max-width: 534px) 100vw, 534px\" \/><\/p>\n<p><img loading=\"lazy\" decoding=\"async\" class=\"aligncenter wp-image-629\" src=\"https:\/\/www.ufsm.br\/pro-reitorias\/pre\/observatorio-de-direitos-humanos\/wp-content\/uploads\/sites\/414\/2018\/12\/DSC_0832-1024x683.jpg\" alt=\"\" width=\"800\" height=\"534\" srcset=\"https:\/\/www.ufsm.br\/app\/uploads\/sites\/414\/2018\/12\/DSC_0832-1024x683.jpg 1024w, https:\/\/www.ufsm.br\/app\/uploads\/sites\/414\/2018\/12\/DSC_0832-300x200.jpg 300w, https:\/\/www.ufsm.br\/app\/uploads\/sites\/414\/2018\/12\/DSC_0832-768x512.jpg 768w, https:\/\/www.ufsm.br\/app\/uploads\/sites\/414\/2018\/12\/DSC_0832-272x182.jpg 272w, https:\/\/www.ufsm.br\/app\/uploads\/sites\/414\/2018\/12\/DSC_0832.jpg 1920w\" sizes=\"(max-width: 800px) 100vw, 800px\" \/><\/p>\n<p><span style=\"font-family: helvetica, arial, sans-serif;font-size: 10pt\"><b>Promo\u00e7\u00e3o da Cultura da Paz atrav\u00e9s da ado\u00e7\u00e3o de meios autocompositivos<\/b><\/span><\/p>\n<p><span style=\"font-weight: 400;font-family: helvetica, arial, sans-serif;font-size: 10pt\">Coordenado pela Prof\u00aa Dra. Alessandra Alfaro Bastos, o projeto foi apresentado pelo bolsista Josu\u00e9 Goulart dos Santos, que trouxe uma an\u00e1lise dos primeiros passos do Grupo de Estudos. Em sua apresenta\u00e7\u00e3o, ele buscou enfatizar que um dos objetivos principais do projeto \u00e9 \u201cest\u00edmulo a a\u00e7\u00f5es coletivas ou individuais de pr\u00e1ticas cidad\u00e3s que promovam a paz\u201d. O grupo acredita que semear o ideal de Direitos Humanos \u00e9 essencial para modificar o cen\u00e1rio de desigualdade social em que vivemos.<\/span><\/p>\n<p><img loading=\"lazy\" decoding=\"async\" class=\"aligncenter wp-image-630\" src=\"https:\/\/www.ufsm.br\/pro-reitorias\/pre\/observatorio-de-direitos-humanos\/wp-content\/uploads\/sites\/414\/2018\/12\/DSC_0769-1024x683.jpg\" alt=\"\" width=\"800\" height=\"534\" srcset=\"https:\/\/www.ufsm.br\/app\/uploads\/sites\/414\/2018\/12\/DSC_0769-1024x683.jpg 1024w, https:\/\/www.ufsm.br\/app\/uploads\/sites\/414\/2018\/12\/DSC_0769-300x200.jpg 300w, https:\/\/www.ufsm.br\/app\/uploads\/sites\/414\/2018\/12\/DSC_0769-768x512.jpg 768w, https:\/\/www.ufsm.br\/app\/uploads\/sites\/414\/2018\/12\/DSC_0769-272x182.jpg 272w, https:\/\/www.ufsm.br\/app\/uploads\/sites\/414\/2018\/12\/DSC_0769.jpg 1920w\" sizes=\"(max-width: 800px) 100vw, 800px\" \/><\/p>\n<p><img loading=\"lazy\" decoding=\"async\" class=\"aligncenter wp-image-631\" src=\"https:\/\/www.ufsm.br\/pro-reitorias\/pre\/observatorio-de-direitos-humanos\/wp-content\/uploads\/sites\/414\/2018\/12\/DSC_0784-683x1024.jpg\" alt=\"\" width=\"534\" height=\"800\" srcset=\"https:\/\/www.ufsm.br\/app\/uploads\/sites\/414\/2018\/12\/DSC_0784-683x1024.jpg 683w, https:\/\/www.ufsm.br\/app\/uploads\/sites\/414\/2018\/12\/DSC_0784-200x300.jpg 200w, https:\/\/www.ufsm.br\/app\/uploads\/sites\/414\/2018\/12\/DSC_0784-768x1151.jpg 768w, https:\/\/www.ufsm.br\/app\/uploads\/sites\/414\/2018\/12\/DSC_0784.jpg 1920w\" sizes=\"(max-width: 534px) 100vw, 534px\" \/><\/p>\n<p><span style=\"font-family: helvetica, arial, sans-serif;font-size: 10pt\"><b>Oficinas de interven\u00e7\u00e3o psicossocial com adolescentes em cumprimento de medida socioeducativa<\/b><\/span><\/p>\n<p><span style=\"font-weight: 400;font-family: helvetica, arial, sans-serif;font-size: 10pt\">O projeto acredita que a pr\u00e1tica de atos infracionais por adolescentes est\u00e1 ligada a dificuldades no desenvolvimento psicossocial, o que acaba por dificultar o processo de constru\u00e7\u00e3o de identidade. Assim, \u00e9 realizado um trabalho de educa\u00e7\u00e3o social com o objetivo de preparar estes jovens para o conv\u00edvio social, os mantendo a salvo de neglig\u00eancias, exclus\u00e3o social e viol\u00eancias. O projeto oferece oficinas de interven\u00e7\u00e3o psicossocial e busca criar espa\u00e7os de conviv\u00eancia, reflex\u00e3o e cria\u00e7\u00e3o art\u00edstica.<\/span><\/p>\n<p><img loading=\"lazy\" decoding=\"async\" class=\"aligncenter wp-image-632\" src=\"https:\/\/www.ufsm.br\/pro-reitorias\/pre\/observatorio-de-direitos-humanos\/wp-content\/uploads\/sites\/414\/2018\/12\/DSC_0687-683x1024.jpg\" alt=\"\" width=\"534\" height=\"800\" srcset=\"https:\/\/www.ufsm.br\/app\/uploads\/sites\/414\/2018\/12\/DSC_0687-683x1024.jpg 683w, https:\/\/www.ufsm.br\/app\/uploads\/sites\/414\/2018\/12\/DSC_0687-200x300.jpg 200w, https:\/\/www.ufsm.br\/app\/uploads\/sites\/414\/2018\/12\/DSC_0687-768x1151.jpg 768w, https:\/\/www.ufsm.br\/app\/uploads\/sites\/414\/2018\/12\/DSC_0687.jpg 1920w\" sizes=\"(max-width: 534px) 100vw, 534px\" \/><\/p>\n<p><img loading=\"lazy\" decoding=\"async\" class=\"aligncenter wp-image-633\" src=\"https:\/\/www.ufsm.br\/pro-reitorias\/pre\/observatorio-de-direitos-humanos\/wp-content\/uploads\/sites\/414\/2018\/12\/DSC_0698-1024x683.jpg\" alt=\"\" width=\"800\" height=\"534\" srcset=\"https:\/\/www.ufsm.br\/app\/uploads\/sites\/414\/2018\/12\/DSC_0698-1024x683.jpg 1024w, https:\/\/www.ufsm.br\/app\/uploads\/sites\/414\/2018\/12\/DSC_0698-300x200.jpg 300w, https:\/\/www.ufsm.br\/app\/uploads\/sites\/414\/2018\/12\/DSC_0698-768x512.jpg 768w, https:\/\/www.ufsm.br\/app\/uploads\/sites\/414\/2018\/12\/DSC_0698-272x182.jpg 272w, https:\/\/www.ufsm.br\/app\/uploads\/sites\/414\/2018\/12\/DSC_0698.jpg 1920w\" sizes=\"(max-width: 800px) 100vw, 800px\" \/><\/p>\n<p><span style=\"font-weight: 400;font-family: helvetica, arial, sans-serif;font-size: 10pt\">O projeto \u00e9 coordenado pela Prof\u00aa Dra. Jana Gon\u00e7alves Zappe e foi apresentado pelas bolsistas Renata dos Santos e Anniara Dornelles.<\/span><\/p>\n<p><span style=\"font-family: helvetica, arial, sans-serif;font-size: 10pt\"><b>Interven\u00e7\u00f5es com fam\u00edlias de adolescentes em cumprimento da medida socioeducativa de interna\u00e7\u00e3o<\/b><\/span><\/p>\n<p><span style=\"font-weight: 400;font-family: helvetica, arial, sans-serif;font-size: 10pt\">Entendendo a fam\u00edlia como \u201cinstitui\u00e7\u00e3o que mobiliza os sentimentos mais importantes, por se tornar paradigm\u00e1tica para outros relacionamentos\u201d, e que o contexto familiar est\u00e1 inclu\u00eddo de forma imediata e intr\u00ednseca na constitui\u00e7\u00e3o do sujeito enquanto indiv\u00edduo, o grupo acredita que, al\u00e9m de realizar um trabalho com os jovens em priva\u00e7\u00e3o de liberdade, \u00e9 fundamental que seja realizado um trabalho com as fam\u00edlias dos mesmos.<\/span><\/p>\n<p><span style=\"font-weight: 400;font-family: helvetica, arial, sans-serif;font-size: 10pt\">Os principais objetivos do projeto s\u00e3o possibilitar momentos de manifesta\u00e7\u00e3o de sentimentos advindos da priva\u00e7\u00e3o de liberdade do adolescente, bem como aproximar a fam\u00edlia da institui\u00e7\u00e3o e problematizar o impacto da medida socioeducativa de interna\u00e7\u00e3o no \u00e2mbito familiar.<\/span><\/p>\n<p><img loading=\"lazy\" decoding=\"async\" class=\"aligncenter wp-image-634\" src=\"https:\/\/www.ufsm.br\/pro-reitorias\/pre\/observatorio-de-direitos-humanos\/wp-content\/uploads\/sites\/414\/2018\/12\/DSC_0649-1024x683.jpg\" alt=\"\" width=\"800\" height=\"534\" srcset=\"https:\/\/www.ufsm.br\/app\/uploads\/sites\/414\/2018\/12\/DSC_0649-1024x683.jpg 1024w, https:\/\/www.ufsm.br\/app\/uploads\/sites\/414\/2018\/12\/DSC_0649-300x200.jpg 300w, https:\/\/www.ufsm.br\/app\/uploads\/sites\/414\/2018\/12\/DSC_0649-768x512.jpg 768w, https:\/\/www.ufsm.br\/app\/uploads\/sites\/414\/2018\/12\/DSC_0649-272x182.jpg 272w, https:\/\/www.ufsm.br\/app\/uploads\/sites\/414\/2018\/12\/DSC_0649.jpg 1920w\" sizes=\"(max-width: 800px) 100vw, 800px\" \/><\/p>\n<p><span style=\"font-weight: 400;font-family: helvetica, arial, sans-serif;font-size: 10pt\">Ao final da roda, representantes da CASE tiveram um momento de fala, em enfatizaram o qu\u00e3o positivos s\u00e3o os efeitos dos projetos nos jovens do Centro de Atendimento Socioeducativo.<\/span><\/p>\n<p><img loading=\"lazy\" decoding=\"async\" class=\"aligncenter wp-image-651\" src=\"https:\/\/www.ufsm.br\/pro-reitorias\/pre\/observatorio-de-direitos-humanos\/wp-content\/uploads\/sites\/414\/2018\/12\/DSC_0861-1024x683.jpg\" alt=\"\" width=\"800\" height=\"534\" srcset=\"https:\/\/www.ufsm.br\/app\/uploads\/sites\/414\/2018\/12\/DSC_0861-1024x683.jpg 1024w, https:\/\/www.ufsm.br\/app\/uploads\/sites\/414\/2018\/12\/DSC_0861-300x200.jpg 300w, https:\/\/www.ufsm.br\/app\/uploads\/sites\/414\/2018\/12\/DSC_0861-768x512.jpg 768w, https:\/\/www.ufsm.br\/app\/uploads\/sites\/414\/2018\/12\/DSC_0861-272x182.jpg 272w, https:\/\/www.ufsm.br\/app\/uploads\/sites\/414\/2018\/12\/DSC_0861.jpg 1920w\" sizes=\"(max-width: 800px) 100vw, 800px\" \/><\/p>\n<p><img loading=\"lazy\" decoding=\"async\" class=\"aligncenter wp-image-652\" src=\"https:\/\/www.ufsm.br\/pro-reitorias\/pre\/observatorio-de-direitos-humanos\/wp-content\/uploads\/sites\/414\/2018\/12\/DSC_0883-1024x683.jpg\" alt=\"\" width=\"800\" height=\"534\" srcset=\"https:\/\/www.ufsm.br\/app\/uploads\/sites\/414\/2018\/12\/DSC_0883-1024x683.jpg 1024w, https:\/\/www.ufsm.br\/app\/uploads\/sites\/414\/2018\/12\/DSC_0883-300x200.jpg 300w, https:\/\/www.ufsm.br\/app\/uploads\/sites\/414\/2018\/12\/DSC_0883-768x512.jpg 768w, https:\/\/www.ufsm.br\/app\/uploads\/sites\/414\/2018\/12\/DSC_0883-272x182.jpg 272w, https:\/\/www.ufsm.br\/app\/uploads\/sites\/414\/2018\/12\/DSC_0883.jpg 1920w\" sizes=\"(max-width: 800px) 100vw, 800px\" \/><\/p>\n<p><span style=\"font-weight: 400;font-family: helvetica, arial, sans-serif;font-size: 10pt\">Na sequ\u00eancia,\u00a0<\/span><span style=\"font-weight: 400;font-family: helvetica, arial, sans-serif;font-size: 10pt\">a Prof\u00aa Dra. M\u00e1rcia Paix\u00e3o, coordenadora do projeto Inspira, e duas bolsistas do projeto, trouxeram relatos de edi\u00e7\u00f5es passadas do projeto, bem como do processo de realiza\u00e7\u00e3o de edi\u00e7\u00f5es futuras. Al\u00e9m disso, em sua fala, as representantes anunciaram que ir\u00e3o fazer uma proposta para que seja criado um projeto de extens\u00e3o para crian\u00e7as participantes do Inspira.<\/span><\/p>\n<p><img loading=\"lazy\" decoding=\"async\" class=\"aligncenter wp-image-636\" src=\"https:\/\/www.ufsm.br\/pro-reitorias\/pre\/observatorio-de-direitos-humanos\/wp-content\/uploads\/sites\/414\/2018\/12\/DSC_0924-683x1024.jpg\" alt=\"\" width=\"534\" height=\"800\" srcset=\"https:\/\/www.ufsm.br\/app\/uploads\/sites\/414\/2018\/12\/DSC_0924-683x1024.jpg 683w, https:\/\/www.ufsm.br\/app\/uploads\/sites\/414\/2018\/12\/DSC_0924-200x300.jpg 200w, https:\/\/www.ufsm.br\/app\/uploads\/sites\/414\/2018\/12\/DSC_0924-768x1151.jpg 768w, https:\/\/www.ufsm.br\/app\/uploads\/sites\/414\/2018\/12\/DSC_0924.jpg 1920w\" sizes=\"(max-width: 534px) 100vw, 534px\" \/><\/p>\n<p><img loading=\"lazy\" decoding=\"async\" class=\"aligncenter wp-image-637\" src=\"https:\/\/www.ufsm.br\/pro-reitorias\/pre\/observatorio-de-direitos-humanos\/wp-content\/uploads\/sites\/414\/2018\/12\/DSC_0935-1024x683.jpg\" alt=\"\" width=\"800\" height=\"534\" srcset=\"https:\/\/www.ufsm.br\/app\/uploads\/sites\/414\/2018\/12\/DSC_0935-1024x683.jpg 1024w, https:\/\/www.ufsm.br\/app\/uploads\/sites\/414\/2018\/12\/DSC_0935-300x200.jpg 300w, https:\/\/www.ufsm.br\/app\/uploads\/sites\/414\/2018\/12\/DSC_0935-768x512.jpg 768w, https:\/\/www.ufsm.br\/app\/uploads\/sites\/414\/2018\/12\/DSC_0935-272x182.jpg 272w, https:\/\/www.ufsm.br\/app\/uploads\/sites\/414\/2018\/12\/DSC_0935.jpg 1920w\" sizes=\"(max-width: 800px) 100vw, 800px\" \/><\/p>\n<p><span style=\"font-family: helvetica, arial, sans-serif;font-size: 10pt\"><span style=\"font-weight: 400\">Por fim,\u00a0<\/span><span style=\"font-weight: 400\">conselheiras tutelares, representantes do projeto Ressignificando a imagem do Conselho Tutelar na comunidade, coordenado pela Prof\u00aa Dra. M\u00f4nica Arpini, tiveram um momento de fala, em que apresentaram algumas das realiza\u00e7\u00f5es e cria\u00e7\u00f5es do seu projeto, como um programa de r\u00e1dio cujas pautas se baseiam no Estatuto da Crian\u00e7a e do Adolescente e a fun\u00e7\u00e3o do conselheiro tutelar e a cria\u00e7\u00e3o de uma p\u00e1gina no facebook para o projeto.<\/span><\/span><\/p>\n<p><img loading=\"lazy\" decoding=\"async\" class=\"aligncenter wp-image-638\" src=\"https:\/\/www.ufsm.br\/pro-reitorias\/pre\/observatorio-de-direitos-humanos\/wp-content\/uploads\/sites\/414\/2018\/12\/DSC_0977-1024x683.jpg\" alt=\"\" width=\"800\" height=\"534\" srcset=\"https:\/\/www.ufsm.br\/app\/uploads\/sites\/414\/2018\/12\/DSC_0977-1024x683.jpg 1024w, https:\/\/www.ufsm.br\/app\/uploads\/sites\/414\/2018\/12\/DSC_0977-300x200.jpg 300w, https:\/\/www.ufsm.br\/app\/uploads\/sites\/414\/2018\/12\/DSC_0977-768x512.jpg 768w, https:\/\/www.ufsm.br\/app\/uploads\/sites\/414\/2018\/12\/DSC_0977-272x182.jpg 272w, https:\/\/www.ufsm.br\/app\/uploads\/sites\/414\/2018\/12\/DSC_0977.jpg 1920w\" sizes=\"(max-width: 800px) 100vw, 800px\" \/><\/p>\n<p><img loading=\"lazy\" decoding=\"async\" class=\"aligncenter wp-image-639\" src=\"https:\/\/www.ufsm.br\/pro-reitorias\/pre\/observatorio-de-direitos-humanos\/wp-content\/uploads\/sites\/414\/2018\/12\/DSC_0998-1024x683.jpg\" alt=\"\" width=\"800\" height=\"534\" srcset=\"https:\/\/www.ufsm.br\/app\/uploads\/sites\/414\/2018\/12\/DSC_0998-1024x683.jpg 1024w, https:\/\/www.ufsm.br\/app\/uploads\/sites\/414\/2018\/12\/DSC_0998-300x200.jpg 300w, https:\/\/www.ufsm.br\/app\/uploads\/sites\/414\/2018\/12\/DSC_0998-768x512.jpg 768w, https:\/\/www.ufsm.br\/app\/uploads\/sites\/414\/2018\/12\/DSC_0998-272x182.jpg 272w, https:\/\/www.ufsm.br\/app\/uploads\/sites\/414\/2018\/12\/DSC_0998.jpg 1920w\" sizes=\"(max-width: 800px) 100vw, 800px\" \/><\/p>\n<p><span style=\"font-family: helvetica, arial, sans-serif;font-size: 10pt\">Assim, encerrou-se o primeiro dia do I F\u00f3rum de Direitos Humanos da UFSM.<\/span><\/p>\n<p>&nbsp;<\/p>\n","protected":false},"excerpt":{"rendered":"<p>Na \u00faltima semana, do dia 5 ao dia 7 de dezembro, ocorreu o I F\u00f3rum de Direitos Humanos da UFSM, no pr\u00e9dio da Reitoria, no sal\u00e3o Imembu\u00ed e na sala 218. A escolha da data se deu em celebra\u00e7\u00e3o aos 70 anos da assinatura da Declara\u00e7\u00e3o Universal dos Direitos Humanos, que ocorreu em 10 de [&hellip;]<\/p>\n","protected":false},"author":300,"featured_media":0,"comment_status":"closed","ping_status":"closed","sticky":false,"template":"","format":"standard","meta":{"footnotes":""},"categories":[1],"tags":[],"class_list":["post-607","post","type-post","status-publish","format-standard","hentry","category-noticias"],"acf":[],"_links":{"self":[{"href":"https:\/\/www.ufsm.br\/pro-reitorias\/pre\/observatorio-de-direitos-humanos\/wp-json\/wp\/v2\/posts\/607","targetHints":{"allow":["GET"]}}],"collection":[{"href":"https:\/\/www.ufsm.br\/pro-reitorias\/pre\/observatorio-de-direitos-humanos\/wp-json\/wp\/v2\/posts"}],"about":[{"href":"https:\/\/www.ufsm.br\/pro-reitorias\/pre\/observatorio-de-direitos-humanos\/wp-json\/wp\/v2\/types\/post"}],"author":[{"embeddable":true,"href":"https:\/\/www.ufsm.br\/pro-reitorias\/pre\/observatorio-de-direitos-humanos\/wp-json\/wp\/v2\/users\/300"}],"replies":[{"embeddable":true,"href":"https:\/\/www.ufsm.br\/pro-reitorias\/pre\/observatorio-de-direitos-humanos\/wp-json\/wp\/v2\/comments?post=607"}],"version-history":[{"count":0,"href":"https:\/\/www.ufsm.br\/pro-reitorias\/pre\/observatorio-de-direitos-humanos\/wp-json\/wp\/v2\/posts\/607\/revisions"}],"wp:attachment":[{"href":"https:\/\/www.ufsm.br\/pro-reitorias\/pre\/observatorio-de-direitos-humanos\/wp-json\/wp\/v2\/media?parent=607"}],"wp:term":[{"taxonomy":"category","embeddable":true,"href":"https:\/\/www.ufsm.br\/pro-reitorias\/pre\/observatorio-de-direitos-humanos\/wp-json\/wp\/v2\/categories?post=607"},{"taxonomy":"post_tag","embeddable":true,"href":"https:\/\/www.ufsm.br\/pro-reitorias\/pre\/observatorio-de-direitos-humanos\/wp-json\/wp\/v2\/tags?post=607"}],"curies":[{"name":"wp","href":"https:\/\/api.w.org\/{rel}","templated":true}]}}