{"id":650,"date":"2018-12-12T12:25:16","date_gmt":"2018-12-12T14:25:16","guid":{"rendered":"https:\/\/www.ufsm.br\/pro-reitorias\/pre\/observatorio-de-direitos-humanos\/?p=650"},"modified":"2018-12-12T12:25:16","modified_gmt":"2018-12-12T14:25:16","slug":"i-forum-de-direitos-humanos-da-ufsm-dia-3","status":"publish","type":"post","link":"https:\/\/www.ufsm.br\/pro-reitorias\/pre\/observatorio-de-direitos-humanos\/2018\/12\/12\/i-forum-de-direitos-humanos-da-ufsm-dia-3","title":{"rendered":"I F\u00f3rum de Direitos Humanos da UFSM &#8211; Dia 3"},"content":{"rendered":"<p><span style=\"font-weight: 400;font-family: helvetica, arial, sans-serif;font-size: 10pt\">O terceiro e \u00faltimo dia do F\u00f3rum teve in\u00edcio com uma conversa com Maria Rita Py Dutra, que apresentou sua tese de doutorado, uma pesquisa acerca da inser\u00e7\u00e3o dos cotistas negros no mercado de trabalho, com a conclus\u00e3o de que acaba por n\u00e3o haver diferen\u00e7a entre estudantes cotistas e n\u00e3o-cotistas. Dentro da pesquisa, ela aborda a quest\u00e3o de como os cotistas chegam at\u00e9 a universidade, como eles se mant\u00eam, e as pol\u00edticas p\u00fablicas que os amparam, e tamb\u00e9m quest\u00f5es como o racismo e a discrimina\u00e7\u00e3o contra as cotas e estudantes que conseguem vaga atrav\u00e9s delas.<\/span><\/p>\n<p><img fetchpriority=\"high\" decoding=\"async\" class=\"aligncenter wp-image-654\" src=\"https:\/\/www.ufsm.br\/pro-reitorias\/pre\/observatorio-de-direitos-humanos\/wp-content\/uploads\/sites\/414\/2018\/12\/DSC_0905-683x1024.jpg\" alt=\"\" width=\"534\" height=\"800\" srcset=\"https:\/\/www.ufsm.br\/app\/uploads\/sites\/414\/2018\/12\/DSC_0905-683x1024.jpg 683w, https:\/\/www.ufsm.br\/app\/uploads\/sites\/414\/2018\/12\/DSC_0905-200x300.jpg 200w, https:\/\/www.ufsm.br\/app\/uploads\/sites\/414\/2018\/12\/DSC_0905-768x1151.jpg 768w, https:\/\/www.ufsm.br\/app\/uploads\/sites\/414\/2018\/12\/DSC_0905.jpg 1920w\" sizes=\"(max-width: 534px) 100vw, 534px\" \/><\/p>\n<p><img decoding=\"async\" class=\"aligncenter wp-image-655\" src=\"https:\/\/www.ufsm.br\/pro-reitorias\/pre\/observatorio-de-direitos-humanos\/wp-content\/uploads\/sites\/414\/2018\/12\/DSC_0921-1024x683.jpg\" alt=\"\" width=\"800\" height=\"534\" srcset=\"https:\/\/www.ufsm.br\/app\/uploads\/sites\/414\/2018\/12\/DSC_0921-1024x683.jpg 1024w, https:\/\/www.ufsm.br\/app\/uploads\/sites\/414\/2018\/12\/DSC_0921-300x200.jpg 300w, https:\/\/www.ufsm.br\/app\/uploads\/sites\/414\/2018\/12\/DSC_0921-768x512.jpg 768w, https:\/\/www.ufsm.br\/app\/uploads\/sites\/414\/2018\/12\/DSC_0921-272x182.jpg 272w, https:\/\/www.ufsm.br\/app\/uploads\/sites\/414\/2018\/12\/DSC_0921.jpg 1920w\" sizes=\"(max-width: 800px) 100vw, 800px\" \/><\/p>\n<p><span style=\"font-family: helvetica, arial, sans-serif;font-size: 10pt\">Ap\u00f3s a fala de Maria Rita, representantes do programa de r\u00e1dio Protagonismo Negro fizeram uma apresenta\u00e7\u00e3o sobre o programa, falando de sua cria\u00e7\u00e3o e o que esperam que o programa alcance. Dentre seus objetivos principais, est\u00e3o a cria\u00e7\u00e3o de espa\u00e7os de discuss\u00e3o sobre tem\u00e1ticas negras, buscando solu\u00e7\u00f5es e reflex\u00f5es acerca dos temas, bem como dar visibilidade para autores, m\u00fasicos, acad\u00eamicos e pessoas negras das mais diversas \u00e1reas.<\/span><\/p>\n<p><img decoding=\"async\" class=\"aligncenter wp-image-656\" src=\"https:\/\/www.ufsm.br\/pro-reitorias\/pre\/observatorio-de-direitos-humanos\/wp-content\/uploads\/sites\/414\/2018\/12\/DSC_0932-1024x683.jpg\" alt=\"\" width=\"800\" height=\"534\" srcset=\"https:\/\/www.ufsm.br\/app\/uploads\/sites\/414\/2018\/12\/DSC_0932-1024x683.jpg 1024w, https:\/\/www.ufsm.br\/app\/uploads\/sites\/414\/2018\/12\/DSC_0932-300x200.jpg 300w, https:\/\/www.ufsm.br\/app\/uploads\/sites\/414\/2018\/12\/DSC_0932-768x512.jpg 768w, https:\/\/www.ufsm.br\/app\/uploads\/sites\/414\/2018\/12\/DSC_0932-272x182.jpg 272w, https:\/\/www.ufsm.br\/app\/uploads\/sites\/414\/2018\/12\/DSC_0932.jpg 1920w\" sizes=\"(max-width: 800px) 100vw, 800px\" \/><\/p>\n<p><img loading=\"lazy\" decoding=\"async\" class=\"aligncenter wp-image-657\" src=\"https:\/\/www.ufsm.br\/pro-reitorias\/pre\/observatorio-de-direitos-humanos\/wp-content\/uploads\/sites\/414\/2018\/12\/DSC_0942-1024x683.jpg\" alt=\"\" width=\"800\" height=\"534\" srcset=\"https:\/\/www.ufsm.br\/app\/uploads\/sites\/414\/2018\/12\/DSC_0942-1024x683.jpg 1024w, https:\/\/www.ufsm.br\/app\/uploads\/sites\/414\/2018\/12\/DSC_0942-300x200.jpg 300w, https:\/\/www.ufsm.br\/app\/uploads\/sites\/414\/2018\/12\/DSC_0942-768x512.jpg 768w, https:\/\/www.ufsm.br\/app\/uploads\/sites\/414\/2018\/12\/DSC_0942-272x182.jpg 272w, https:\/\/www.ufsm.br\/app\/uploads\/sites\/414\/2018\/12\/DSC_0942.jpg 1920w\" sizes=\"(max-width: 800px) 100vw, 800px\" \/><\/p>\n<p><span style=\"font-weight: 400;font-family: helvetica, arial, sans-serif;font-size: 10pt\">Na sequ\u00eancia, o grupo Migraidh fez uma apresenta\u00e7\u00e3o, recontando a trajet\u00f3ria deles desde o ano de 2014. O grupo falou sobre suas atividades de pesquisa, e seus diferentes eixos e \u00e1reas do conhecimento, que v\u00e3o da L\u00edngua Portuguesa ao Direito. O grupo tamb\u00e9m falou sobre sua participa\u00e7\u00e3o no cen\u00e1rio nacional, emitindo pareceres e tentando impedir que haja retrocessos nas leis da migra\u00e7\u00e3o, al\u00e9m de falar sobre seu trabalho com a C\u00e1tedra S\u00e9rgio Vieira de Mello.<\/span><\/p>\n<p><img loading=\"lazy\" decoding=\"async\" class=\"aligncenter wp-image-658\" src=\"https:\/\/www.ufsm.br\/pro-reitorias\/pre\/observatorio-de-direitos-humanos\/wp-content\/uploads\/sites\/414\/2018\/12\/DSC_0961-1024x683.jpg\" alt=\"\" width=\"800\" height=\"534\" srcset=\"https:\/\/www.ufsm.br\/app\/uploads\/sites\/414\/2018\/12\/DSC_0961-1024x683.jpg 1024w, https:\/\/www.ufsm.br\/app\/uploads\/sites\/414\/2018\/12\/DSC_0961-300x200.jpg 300w, https:\/\/www.ufsm.br\/app\/uploads\/sites\/414\/2018\/12\/DSC_0961-768x512.jpg 768w, https:\/\/www.ufsm.br\/app\/uploads\/sites\/414\/2018\/12\/DSC_0961-272x182.jpg 272w, https:\/\/www.ufsm.br\/app\/uploads\/sites\/414\/2018\/12\/DSC_0961.jpg 1920w\" sizes=\"(max-width: 800px) 100vw, 800px\" \/><\/p>\n<p><img loading=\"lazy\" decoding=\"async\" class=\"aligncenter wp-image-659\" src=\"https:\/\/www.ufsm.br\/pro-reitorias\/pre\/observatorio-de-direitos-humanos\/wp-content\/uploads\/sites\/414\/2018\/12\/DSC_0967-1024x683.jpg\" alt=\"\" width=\"800\" height=\"534\" srcset=\"https:\/\/www.ufsm.br\/app\/uploads\/sites\/414\/2018\/12\/DSC_0967-1024x683.jpg 1024w, https:\/\/www.ufsm.br\/app\/uploads\/sites\/414\/2018\/12\/DSC_0967-300x200.jpg 300w, https:\/\/www.ufsm.br\/app\/uploads\/sites\/414\/2018\/12\/DSC_0967-768x512.jpg 768w, https:\/\/www.ufsm.br\/app\/uploads\/sites\/414\/2018\/12\/DSC_0967-272x182.jpg 272w, https:\/\/www.ufsm.br\/app\/uploads\/sites\/414\/2018\/12\/DSC_0967.jpg 1920w\" sizes=\"(max-width: 800px) 100vw, 800px\" \/><\/p>\n<p><span style=\"font-weight: 400;font-family: helvetica, arial, sans-serif;font-size: 10pt\">Por \u00faltimo, estudantes ind\u00edgenas tiveram um breve momento de fala sobre as a\u00e7\u00f5es promovidas na universidade, voltadas para eles, como a cria\u00e7\u00e3o do PET Ind\u00edgena \u00d1ande Reko e a constru\u00e7\u00e3o da primeira Casa do Estudante Ind\u00edgena. Ao longo de sua fala, os estudantes tomaram momentos para elogiar as pol\u00edticas de assist\u00eancia que a UFSM presta a eles.<\/span><\/p>\n<p><img loading=\"lazy\" decoding=\"async\" class=\"aligncenter wp-image-660\" src=\"https:\/\/www.ufsm.br\/pro-reitorias\/pre\/observatorio-de-direitos-humanos\/wp-content\/uploads\/sites\/414\/2018\/12\/DSC_0997-1024x683.jpg\" alt=\"\" width=\"800\" height=\"534\" srcset=\"https:\/\/www.ufsm.br\/app\/uploads\/sites\/414\/2018\/12\/DSC_0997-1024x683.jpg 1024w, https:\/\/www.ufsm.br\/app\/uploads\/sites\/414\/2018\/12\/DSC_0997-300x200.jpg 300w, https:\/\/www.ufsm.br\/app\/uploads\/sites\/414\/2018\/12\/DSC_0997-768x512.jpg 768w, https:\/\/www.ufsm.br\/app\/uploads\/sites\/414\/2018\/12\/DSC_0997-272x182.jpg 272w, https:\/\/www.ufsm.br\/app\/uploads\/sites\/414\/2018\/12\/DSC_0997.jpg 1920w\" sizes=\"(max-width: 800px) 100vw, 800px\" \/><\/p>\n<p><span style=\"font-family: helvetica, arial, sans-serif;font-size: 10pt\">\u00c0 tarde, foi o momento da Plen\u00e1ria Final, que foi aberta com uma fala da comiss\u00e3o organizadora do F\u00f3rum, que relatou o processo de organiza\u00e7\u00e3o do evento, e realizou uma autocr\u00edtica, visto que o evento n\u00e3o havia reunido o p\u00fablico esperado. Ao final da fala, eles deram abertura para que o p\u00fablico desse sugest\u00f5es, fizesse cr\u00edticas e elogios. Foi elaborado um documento oficial de relato, que ser\u00e1 disponibilizado em breve.<\/span><\/p>\n<p><img loading=\"lazy\" decoding=\"async\" class=\"aligncenter wp-image-661\" src=\"https:\/\/www.ufsm.br\/pro-reitorias\/pre\/observatorio-de-direitos-humanos\/wp-content\/uploads\/sites\/414\/2018\/12\/DSC_1016-1024x683.jpg\" alt=\"\" width=\"800\" height=\"534\" srcset=\"https:\/\/www.ufsm.br\/app\/uploads\/sites\/414\/2018\/12\/DSC_1016-1024x683.jpg 1024w, https:\/\/www.ufsm.br\/app\/uploads\/sites\/414\/2018\/12\/DSC_1016-300x200.jpg 300w, https:\/\/www.ufsm.br\/app\/uploads\/sites\/414\/2018\/12\/DSC_1016-768x512.jpg 768w, https:\/\/www.ufsm.br\/app\/uploads\/sites\/414\/2018\/12\/DSC_1016-272x182.jpg 272w, https:\/\/www.ufsm.br\/app\/uploads\/sites\/414\/2018\/12\/DSC_1016.jpg 1920w\" sizes=\"(max-width: 800px) 100vw, 800px\" \/><\/p>\n","protected":false},"excerpt":{"rendered":"<p>O terceiro e \u00faltimo dia do F\u00f3rum teve in\u00edcio com uma conversa com Maria Rita Py Dutra, que apresentou sua tese de doutorado, uma pesquisa acerca da inser\u00e7\u00e3o dos cotistas negros no mercado de trabalho, com a conclus\u00e3o de que acaba por n\u00e3o haver diferen\u00e7a entre estudantes cotistas e n\u00e3o-cotistas. Dentro da pesquisa, ela aborda [&hellip;]<\/p>\n","protected":false},"author":300,"featured_media":0,"comment_status":"closed","ping_status":"closed","sticky":false,"template":"","format":"standard","meta":{"footnotes":""},"categories":[1],"tags":[],"class_list":["post-650","post","type-post","status-publish","format-standard","hentry","category-noticias"],"acf":[],"_links":{"self":[{"href":"https:\/\/www.ufsm.br\/pro-reitorias\/pre\/observatorio-de-direitos-humanos\/wp-json\/wp\/v2\/posts\/650","targetHints":{"allow":["GET"]}}],"collection":[{"href":"https:\/\/www.ufsm.br\/pro-reitorias\/pre\/observatorio-de-direitos-humanos\/wp-json\/wp\/v2\/posts"}],"about":[{"href":"https:\/\/www.ufsm.br\/pro-reitorias\/pre\/observatorio-de-direitos-humanos\/wp-json\/wp\/v2\/types\/post"}],"author":[{"embeddable":true,"href":"https:\/\/www.ufsm.br\/pro-reitorias\/pre\/observatorio-de-direitos-humanos\/wp-json\/wp\/v2\/users\/300"}],"replies":[{"embeddable":true,"href":"https:\/\/www.ufsm.br\/pro-reitorias\/pre\/observatorio-de-direitos-humanos\/wp-json\/wp\/v2\/comments?post=650"}],"version-history":[{"count":0,"href":"https:\/\/www.ufsm.br\/pro-reitorias\/pre\/observatorio-de-direitos-humanos\/wp-json\/wp\/v2\/posts\/650\/revisions"}],"wp:attachment":[{"href":"https:\/\/www.ufsm.br\/pro-reitorias\/pre\/observatorio-de-direitos-humanos\/wp-json\/wp\/v2\/media?parent=650"}],"wp:term":[{"taxonomy":"category","embeddable":true,"href":"https:\/\/www.ufsm.br\/pro-reitorias\/pre\/observatorio-de-direitos-humanos\/wp-json\/wp\/v2\/categories?post=650"},{"taxonomy":"post_tag","embeddable":true,"href":"https:\/\/www.ufsm.br\/pro-reitorias\/pre\/observatorio-de-direitos-humanos\/wp-json\/wp\/v2\/tags?post=650"}],"curies":[{"name":"wp","href":"https:\/\/api.w.org\/{rel}","templated":true}]}}