{"id":893,"date":"2019-06-06T15:13:24","date_gmt":"2019-06-06T18:13:24","guid":{"rendered":"https:\/\/www.ufsm.br\/pro-reitorias\/pre\/observatorio-de-direitos-humanos\/?p=893"},"modified":"2019-06-06T15:13:29","modified_gmt":"2019-06-06T18:13:29","slug":"evento-sobre-o-memorial-as-vitimas-da-kiss-ocorreu-nos-dias-19-e-20-de-maio-em-santa-maria","status":"publish","type":"post","link":"https:\/\/www.ufsm.br\/pro-reitorias\/pre\/observatorio-de-direitos-humanos\/2019\/06\/06\/evento-sobre-o-memorial-as-vitimas-da-kiss-ocorreu-nos-dias-19-e-20-de-maio-em-santa-maria","title":{"rendered":"Evento sobre o Memorial \u00e0s V\u00edtimas da Kiss ocorreu nos dias 19 e 20 de maio em Santa Maria"},"content":{"rendered":"\n<p class=\"wp-block-paragraph\">O Encontro Internacional \u201cProduzindo mem\u00f3ria em Santa Maria \u2013 a trag\u00e9dia da boate Kiss\u201d, ocorreu nos dias 19 e 20 de maio em Santa Maria. O evento faz parte do projeto de extens\u00e3o \u201cArte e mem\u00f3ria em Santa Maria: em pr\u00f3&nbsp;da cria\u00e7\u00e3o de um memorial em homenagem \u00e0s v\u00edtimas da trag\u00e9dia da boate Kiss\u201d coordenado pela Prof. Dr \u00aa Virg\u00ednia Susana Vecchioli.<\/p>\n\n\n\n<p class=\"wp-block-paragraph\">O evento, apoiado pelo Observat\u00f3rio de Direitos Humanos da UFSM, teve como objetivo debater sobre as estrat\u00e9gias e dispositivos museol\u00f3gicos do futuro memorial \u00e0s v\u00edtimas da Kiss, al\u00e9m de criar uma rede de apoio t\u00e9cnico para a AVTSM\u00a0(Associa\u00e7\u00e3o dos Familiares de V\u00edtimas e Sobreviventes da Trag\u00e9dia de Santa Maria).\u00a0Dada a import\u00e2ncia dos memoriais para (re)construir a experi\u00eancia do trauma coletivo e servir como uma forma de repara\u00e7\u00e3o simb\u00f3lica, o evento prop\u00f4s um espa\u00e7o de discuss\u00e3o sobre o uso do espa\u00e7o e as ferramentas de gest\u00e3o do futuro memorial.<\/p>\n\n\n\n<figure class=\"wp-block-embed-youtube wp-block-embed is-type-video is-provider-youtube wp-embed-aspect-16-9 wp-has-aspect-ratio\"><div class=\"wp-block-embed__wrapper\">\n<iframe title=\"Semin\u00e1rio aborda mem\u00f3rias da trag\u00e9dia da boate Kiss - TVC\" width=\"500\" height=\"281\" src=\"https:\/\/www.youtube.com\/embed\/AcGj8O9mKDo?feature=oembed\" frameborder=\"0\" allow=\"accelerometer; autoplay; clipboard-write; encrypted-media; gyroscope; picture-in-picture; web-share\" referrerpolicy=\"strict-origin-when-cross-origin\" allowfullscreen><\/iframe>\n<\/div><figcaption>Reportagem realizada pela TV Campus sobre o Evento Internacional.<\/figcaption><\/figure>\n\n\n\n<p class=\"wp-block-paragraph\">No dia 19, foi realizada uma roda de conversa entre familiares e sobreviventes da trag\u00e9dia com especialistas nacionais e internacionais em mem\u00f3ria de trag\u00e9dias coletivas, a fim de estabelecer uma troca de experi\u00eancias e conhecimentos. A atividade foi realizada na sede ATVSM, no pr\u00e9dio da Antiga Reitoria da UFSM.\u00a0J\u00e1 no dia 20, ocorreram palestras abertas ao p\u00fablico com\u00a0especialistas do Brasil, da Col\u00f4mbia e Argentina\u00a0e\u00a0a\u00a0assinatura do acordo de coopera\u00e7\u00e3o t\u00e9cnica entre a AVTSM e a UFSM.\u00a0Tamb\u00e9m foram apresentados os resultados do levantamento de dados realizado entre janeiro e mar\u00e7o de 2019.<\/p>\n\n\n\n<p class=\"wp-block-paragraph\"><br><\/p>\n","protected":false},"excerpt":{"rendered":"<p>O Encontro Internacional \u201cProduzindo mem\u00f3ria em Santa Maria \u2013 a trag\u00e9dia da boate Kiss\u201d, ocorreu nos dias 19 e 20 de maio em Santa Maria. O evento faz parte do projeto de extens\u00e3o \u201cArte e mem\u00f3ria em Santa Maria: em pr\u00f3&nbsp;da cria\u00e7\u00e3o de um memorial em homenagem \u00e0s v\u00edtimas da trag\u00e9dia da boate Kiss\u201d coordenado [&hellip;]<\/p>\n","protected":false},"author":1074,"featured_media":0,"comment_status":"closed","ping_status":"closed","sticky":false,"template":"","format":"standard","meta":{"footnotes":""},"categories":[1],"tags":[],"class_list":["post-893","post","type-post","status-publish","format-standard","hentry","category-noticias"],"acf":[],"_links":{"self":[{"href":"https:\/\/www.ufsm.br\/pro-reitorias\/pre\/observatorio-de-direitos-humanos\/wp-json\/wp\/v2\/posts\/893","targetHints":{"allow":["GET"]}}],"collection":[{"href":"https:\/\/www.ufsm.br\/pro-reitorias\/pre\/observatorio-de-direitos-humanos\/wp-json\/wp\/v2\/posts"}],"about":[{"href":"https:\/\/www.ufsm.br\/pro-reitorias\/pre\/observatorio-de-direitos-humanos\/wp-json\/wp\/v2\/types\/post"}],"author":[{"embeddable":true,"href":"https:\/\/www.ufsm.br\/pro-reitorias\/pre\/observatorio-de-direitos-humanos\/wp-json\/wp\/v2\/users\/1074"}],"replies":[{"embeddable":true,"href":"https:\/\/www.ufsm.br\/pro-reitorias\/pre\/observatorio-de-direitos-humanos\/wp-json\/wp\/v2\/comments?post=893"}],"version-history":[{"count":0,"href":"https:\/\/www.ufsm.br\/pro-reitorias\/pre\/observatorio-de-direitos-humanos\/wp-json\/wp\/v2\/posts\/893\/revisions"}],"wp:attachment":[{"href":"https:\/\/www.ufsm.br\/pro-reitorias\/pre\/observatorio-de-direitos-humanos\/wp-json\/wp\/v2\/media?parent=893"}],"wp:term":[{"taxonomy":"category","embeddable":true,"href":"https:\/\/www.ufsm.br\/pro-reitorias\/pre\/observatorio-de-direitos-humanos\/wp-json\/wp\/v2\/categories?post=893"},{"taxonomy":"post_tag","embeddable":true,"href":"https:\/\/www.ufsm.br\/pro-reitorias\/pre\/observatorio-de-direitos-humanos\/wp-json\/wp\/v2\/tags?post=893"}],"curies":[{"name":"wp","href":"https:\/\/api.w.org\/{rel}","templated":true}]}}