{"id":10567,"date":"2024-10-07T18:39:18","date_gmt":"2024-10-07T21:39:18","guid":{"rendered":"https:\/\/www.ufsm.br\/pro-reitorias\/pre\/?p=10567"},"modified":"2024-10-08T14:32:14","modified_gmt":"2024-10-08T17:32:14","slug":"edicao-do-viva-o-campus-alusivo-ao-dia-da-crianca-acontece-no-proximo-domingo-13","status":"publish","type":"post","link":"https:\/\/www.ufsm.br\/pro-reitorias\/pre\/2024\/10\/07\/edicao-do-viva-o-campus-alusivo-ao-dia-da-crianca-acontece-no-proximo-domingo-13","title":{"rendered":"Edi\u00e7\u00e3o do Viva o Campus alusivo ao Dia da Crian\u00e7a acontece no pr\u00f3ximo domingo (13)"},"content":{"rendered":"\n<p>A Universidade Federal de Santa Maria, por meio da Coordenadoria de Cultura e Arte da Pr\u00f3-Reitoria de Extens\u00e3o, promove no pr\u00f3ximo domingo (13) o Viva o Campus Dia da Crian\u00e7a. As atividades s\u00e3o abertas a toda comunidade da cidade, acontecem das 15h \u00e0s 18h e contam com apoio da APUSM .<\/p>\n<p>Esta edi\u00e7\u00e3o conta com a participa\u00e7\u00e3o da Polifeira do Agricultor; do Jardim Bot\u00e2nico, com a realiza\u00e7\u00e3o de trilha, exposi\u00e7\u00e3o de animais taxidermizados, oficina <em>\u201cOlha o passarinho\u201d<\/em> e o projeto musical <em>&#8220;Can\u00e7\u00f5es de todas as inf\u00e2ncias&#8221;<\/em>; sess\u00f5es no Planet\u00e1rio abertas ao p\u00fablico; participa\u00e7\u00e3o do projeto de extens\u00e3o <em>&#8220;Arte Al\u00e9m do Of\u00edcio&#8221; <\/em>e da Mostra de Ci\u00eancias Morfol\u00f3gicas.<\/p>\n<p>Ainda, atividades diversas alusivas ao Dia das Crian\u00e7as estar\u00e3o voltadas para o p\u00fablico, entre elas: brinquedos infl\u00e1veis, jogos e brincadeiras, conta\u00e7\u00e3o de hist\u00f3ria, perna de pau, clubinho de leitura, taekwondo, bate papo sobre inf\u00e2ncia, pintura de rosto e medita\u00e7\u00e3o l\u00fadica. A atra\u00e7\u00e3o art\u00edstica ficar\u00e1 por conta da Polly Divertida apresentando <em>\u201cA Festa Musical\u201d<\/em>, no largo do Planet\u00e1rio.<\/p>\n<p>O Viva o Campus busca incentivar a participa\u00e7\u00e3o cultural e art\u00edstica da comunidade, promovendo a conscientiza\u00e7\u00e3o e o cuidado com o Meio Ambiente ao trazer a sociedade para o campus da Institui\u00e7\u00e3o. Realizado desde 2014, a a\u00e7\u00e3o tem ganhado espa\u00e7o na agenda de Santa Maria, ressaltando as habilidades e as experi\u00eancias movimentadas pela UFSM nas diversas \u00e1reas de atua\u00e7\u00e3o institucional.<\/p>\n<h3><b>PROGRAMA\u00c7\u00c3O:<\/b><\/h3>\n<h4>Atra\u00e7\u00e3o art\u00edstica:<\/h4>\n<p>16h \u2013 Polly Divertida apresenta <em>\u201cA festa Musical\u201d<\/em>, no largo do Planet\u00e1rio;<\/p>\n<h4>Atividades para as crian\u00e7as:<\/h4>\n<ul>\n<li>15h \u2013 Apresenta\u00e7\u00e3o do Projeto Mojub\u00e1 e ciranda com as crian\u00e7as, no gramado ao lado do Planet\u00e1rio;<\/li>\n<li>16 \u00e0s 17h \u2013 <em>&#8220;Vivenciando um Clubinho de Leitura&#8221;<\/em> com Camilla Caetano e Roberta Trevizan, no largo do Planet\u00e1rio;<\/li>\n<li><em>&#8220;Divertindo a mente: medita\u00e7\u00e3o l\u00fadica e gin\u00e1stica cerebral&#8221;<\/em> com Andrea Leandro, no largo do Planet\u00e1rio;<\/li>\n<li><em>&#8220;Vacina\u00e7\u00e3o de Amiguinhos com a Multivacin&#8221;<\/em> no largo do Planet\u00e1rio (traga suas bonecas, pel\u00facias, rob\u00f4s e outros brinquedos para vacinar);<\/li>\n<li>Taekwondo para todas as idades com ATA Focus System, no largo do Planet\u00e1rio;<\/li>\n<li>Oficina <em>&#8220;Criando com a Natureza: confec\u00e7\u00e3o de cart\u00f5es e presentes com folhas secas&#8221;<\/em> com Faufau Brinquedos, no largo do Planet\u00e1rio;<\/li>\n<li>Bate-papo sobre inf\u00e2ncia com Luiza Juchem do Crian\u00e7ando, no largo do Planet\u00e1rio;<\/li>\n<li><em>&#8220;C\u00e9rebro em a\u00e7\u00e3o-longe das telas! Jogos e brincadeiras&#8221;<\/em> com Supera, no largo do Planet\u00e1rio;<\/li>\n<li><em>&#8220;Jogos e Brincadeiras da Cultura Popular \u2013 Programa Brinca+UFSM&#8221;<\/em>, no gramado ao lado do Planet\u00e1rio;<\/li>\n<li><em>&#8220;Jogos Teatrais e conta\u00e7\u00e3o de hist\u00f3rias \u2013 Programa Brinca+UFSM&#8221;<\/em>, no gramado ao lado do Planet\u00e1rio;<\/li>\n<\/ul>\n<h4>Jardim Bot\u00e2nico:<\/h4>\n<p>15h \u00e0s 18h \u2013 visita\u00e7\u00e3o ao Telhado Verde, ao Jardim Sensorial e \u00e0 exposi\u00e7\u00e3o de Animais Taxidermizados;<\/p>\n<p>15h \u2013 Trilha &#8220;Exploradores da Natureza: O mundo das plantas&#8221; (20 vagas);<\/p>\n<p>15h, 16h e 17h \u2013 Oficina &#8220;Olha o passarinho&#8221; (10 vagas);<\/p>\n<p>16h \u2013 Projeto musical &#8220;Can\u00e7\u00f5es de todas as inf\u00e2ncias&#8221;;<\/p>\n<h4>Sess\u00f5es na c\u00fapula do Planet\u00e1rio:<\/h4>\n<p>15h \u2013 &#8220;O Mundo Virtual de Arthur&#8221; + &#8220;As Aventuras de Zito&#8221; (100 vagas);<\/p>\n<p>16h \u2013 &#8220;Maravilhas do Universo&#8221; (100 vagas);<\/p>\n<p>17h \u2013 &#8220;O Mundo Virtual de Arthur&#8221; + &#8220;As Aventuras de Zito&#8221; (100 vagas);<\/p>\n<h4>Mostra de Ci\u00eancias Morfol\u00f3gicas:<\/h4>\n<p>15h \u00e0s 18h &#8211; Visita\u00e7\u00e3o ao acervo da Mostra, no pr\u00e9dio 19;<b><br \/><\/b><\/p>\n<h4>Outras atividades:<\/h4>\n<p>Projeto &#8220;Arte Al\u00e9m do Of\u00edcio&#8221;, no largo do Planet\u00e1rio;<\/p>\n<p>Presen\u00e7a da Polifeira do Agricultor, no largo do Planet\u00e1rio.<\/p>\n<hr \/>\n<p><em>Texto e revis\u00e3o: Pedro Souza, da Subdivis\u00e3o de Divulga\u00e7\u00e3o e Eventos da PRE.<\/em><\/p>\n","protected":false},"excerpt":{"rendered":"<p>Atividades gratuitas envolvem diversos espa\u00e7os da universidade.<\/p>\n","protected":false},"author":2432,"featured_media":0,"comment_status":"closed","ping_status":"closed","sticky":false,"template":"","format":"standard","meta":{"footnotes":""},"categories":[288,640,276,310,829,828],"tags":[271],"class_list":["post-10567","post","type-post","status-publish","format-standard","hentry","category-cultura-e-arte","category-extensao","category-noticias","category-planetario","category-polifeira-do-agricultor","category-viva-o-campus","tag-viva-o-campus"],"acf":[],"_links":{"self":[{"href":"https:\/\/www.ufsm.br\/pro-reitorias\/pre\/wp-json\/wp\/v2\/posts\/10567","targetHints":{"allow":["GET"]}}],"collection":[{"href":"https:\/\/www.ufsm.br\/pro-reitorias\/pre\/wp-json\/wp\/v2\/posts"}],"about":[{"href":"https:\/\/www.ufsm.br\/pro-reitorias\/pre\/wp-json\/wp\/v2\/types\/post"}],"author":[{"embeddable":true,"href":"https:\/\/www.ufsm.br\/pro-reitorias\/pre\/wp-json\/wp\/v2\/users\/2432"}],"replies":[{"embeddable":true,"href":"https:\/\/www.ufsm.br\/pro-reitorias\/pre\/wp-json\/wp\/v2\/comments?post=10567"}],"version-history":[{"count":0,"href":"https:\/\/www.ufsm.br\/pro-reitorias\/pre\/wp-json\/wp\/v2\/posts\/10567\/revisions"}],"wp:attachment":[{"href":"https:\/\/www.ufsm.br\/pro-reitorias\/pre\/wp-json\/wp\/v2\/media?parent=10567"}],"wp:term":[{"taxonomy":"category","embeddable":true,"href":"https:\/\/www.ufsm.br\/pro-reitorias\/pre\/wp-json\/wp\/v2\/categories?post=10567"},{"taxonomy":"post_tag","embeddable":true,"href":"https:\/\/www.ufsm.br\/pro-reitorias\/pre\/wp-json\/wp\/v2\/tags?post=10567"}],"curies":[{"name":"wp","href":"https:\/\/api.w.org\/{rel}","templated":true}]}}