{"id":10639,"date":"2024-10-23T10:34:54","date_gmt":"2024-10-23T13:34:54","guid":{"rendered":"https:\/\/www.ufsm.br\/pro-reitorias\/pre\/?p=10639"},"modified":"2024-10-23T10:34:56","modified_gmt":"2024-10-23T13:34:56","slug":"com-auxilio-da-pre-equipe-spacelab-ufsm-conquista-primeiro-lugar-em-competicao-de-nanossatelites","status":"publish","type":"post","link":"https:\/\/www.ufsm.br\/pro-reitorias\/pre\/2024\/10\/23\/com-auxilio-da-pre-equipe-spacelab-ufsm-conquista-primeiro-lugar-em-competicao-de-nanossatelites","title":{"rendered":"Com aux\u00edlio da PRE, equipe SpaceLab UFSM conquista primeiro lugar em competi\u00e7\u00e3o de nanossat\u00e9lites"},"content":{"rendered":"\n<p><span style=\"font-weight: 400\">A equipe SpaceLab UFSM conquistou o primeiro lugar na mais recente edi\u00e7\u00e3o da competi\u00e7\u00e3o de nanossat\u00e9lites CubeDesign, realizada nos dias 29 e 30 de agosto de 2024, em S\u00e3o Jos\u00e9 dos Campos (SP). A equipe venceu na categoria CanSat, com um nanossat\u00e9lite capaz de transmitir telemetria (dados do sat\u00e9lite) em tempo real para uma esta\u00e7\u00e3o terrestre, incluindo imagens capturadas durante o voo em um bal\u00e3o de sondagem. O CanSat foi composto por subsistemas de energia, estrutura, comunica\u00e7\u00e3o, computa\u00e7\u00e3o de bordo, recupera\u00e7\u00e3o e carga \u00fatil. Al\u00e9m disso, tamb\u00e9m foi desenvolvida uma esta\u00e7\u00e3o terrena para recebimento de telemetrias.<\/span><\/p>\n<p><span style=\"font-weight: 400\">O CubeDesign \u00e9 uma competi\u00e7\u00e3o latino-americana promovida pelo INPE, por meio da Divis\u00e3o de Pequenos Sat\u00e9lites (DIPST), e em parceria com a p\u00f3s-gradua\u00e7\u00e3o da Institui\u00e7\u00e3o. A competi\u00e7\u00e3o visa fomentar o desenvolvimento de sistemas espaciais miniaturizados, desafiando as equipes a desenvolverem nanossat\u00e9lites a partir de um conjunto de requisitos estabelecidos pela organiza\u00e7\u00e3o. A presen\u00e7a no evento foi possibilitada pela sele\u00e7\u00e3o do projeto no edital aux\u00edlio \u00e0 representa\u00e7\u00e3o institucional em eventos, da Pr\u00f3-Reitoria de Extens\u00e3o. O coordenador do projeto, professor Eduardo Escobar B\u00fcrger, garante que o apoio financeiro foi fundamental para a vit\u00f3ria da equipe na competi\u00e7\u00e3o.<\/span><\/p>\n<p><span style=\"font-weight: 400\">Esta foi a terceira vez que a equipe SpaceLab UFSM alcan\u00e7ou o primeiro lugar na competi\u00e7\u00e3o, tendo vencido anteriormente em 2019 e 2022. Neste ano, a equipe se destacou pela capacidade de resolu\u00e7\u00e3o de problemas e pelo diferencial t\u00e9cnico de seu nanossat\u00e9lite, capaz de transmitir imagens em tempo real durante o voo, assim como outros dados de telemetria. Al\u00e9m disso, o relat\u00f3rio t\u00e9cnico submetido como parte dos requisitos da competi\u00e7\u00e3o recebeu elogios dos avaliadores pela metodologia de desenvolvimento e pelo gerenciamento do projeto.<\/span><\/p>\n<p><span style=\"font-weight: 400\">O feito foi conquistado a partir do trabalho dos alunos Felipe Pinto Vogel, Jos\u00e9 Guilherme Aparecido Ferreira e Matheus Klement Sebben, do curso de Engenharia Aeroespacial, respons\u00e1veis pelo desenvolvimento do CanSat. A conquista no evento refor\u00e7a a excel\u00eancia e organiza\u00e7\u00e3o da equipe do SpaceLab, que utiliza a competi\u00e7\u00e3o como forma de aplicar conceitos pr\u00e1ticos de engenharia aeroespacial. Al\u00e9m disso, trata-se de uma oportunidade de contato direto com outros estudantes e profissionais do setor espacial, propiciando conex\u00f5es profissionais e oportunidades de colabora\u00e7\u00e3o.\u00a0<\/span><\/p>\n<hr \/>\n<p><em><span style=\"font-weight: 400\">Texto: Pedro Souza, da Subdivis\u00e3o de Divulga\u00e7\u00e3o e Eventos da PRE<\/span><\/em><\/p>\n<p><em><span style=\"font-weight: 400\">Revis\u00e3o: Catharina Viegas, da Subdivis\u00e3o de Divulga\u00e7\u00e3o e Eventos da PRE<\/span><\/em><\/p>\n","protected":false},"excerpt":{"rendered":"<p>A equipe SpaceLab UFSM conquistou o primeiro lugar na mais recente edi\u00e7\u00e3o da competi\u00e7\u00e3o de nanossat\u00e9lites CubeDesign, realizada nos dias 29 e 30 de agosto de 2024, em S\u00e3o Jos\u00e9 dos Campos (SP). A equipe venceu na categoria CanSat, com um nanossat\u00e9lite capaz de transmitir telemetria (dados do sat\u00e9lite) em tempo real para uma esta\u00e7\u00e3o [&hellip;]<\/p>\n","protected":false},"author":2432,"featured_media":10640,"comment_status":"closed","ping_status":"closed","sticky":false,"template":"","format":"standard","meta":{"footnotes":""},"categories":[492,203,640,494,276],"tags":[414,416,850,780,851],"class_list":["post-10639","post","type-post","status-publish","format-standard","has-post-thumbnail","hentry","category-divulgacao","category-eventos","category-extensao","category-inovacao","category-noticias","tag-ct","tag-engenharia-aeroespacial","tag-nanossatelites","tag-representacao-institucional","tag-spacelab"],"acf":[],"_links":{"self":[{"href":"https:\/\/www.ufsm.br\/pro-reitorias\/pre\/wp-json\/wp\/v2\/posts\/10639","targetHints":{"allow":["GET"]}}],"collection":[{"href":"https:\/\/www.ufsm.br\/pro-reitorias\/pre\/wp-json\/wp\/v2\/posts"}],"about":[{"href":"https:\/\/www.ufsm.br\/pro-reitorias\/pre\/wp-json\/wp\/v2\/types\/post"}],"author":[{"embeddable":true,"href":"https:\/\/www.ufsm.br\/pro-reitorias\/pre\/wp-json\/wp\/v2\/users\/2432"}],"replies":[{"embeddable":true,"href":"https:\/\/www.ufsm.br\/pro-reitorias\/pre\/wp-json\/wp\/v2\/comments?post=10639"}],"version-history":[{"count":0,"href":"https:\/\/www.ufsm.br\/pro-reitorias\/pre\/wp-json\/wp\/v2\/posts\/10639\/revisions"}],"wp:featuredmedia":[{"embeddable":true,"href":"https:\/\/www.ufsm.br\/pro-reitorias\/pre\/wp-json\/wp\/v2\/media\/10640"}],"wp:attachment":[{"href":"https:\/\/www.ufsm.br\/pro-reitorias\/pre\/wp-json\/wp\/v2\/media?parent=10639"}],"wp:term":[{"taxonomy":"category","embeddable":true,"href":"https:\/\/www.ufsm.br\/pro-reitorias\/pre\/wp-json\/wp\/v2\/categories?post=10639"},{"taxonomy":"post_tag","embeddable":true,"href":"https:\/\/www.ufsm.br\/pro-reitorias\/pre\/wp-json\/wp\/v2\/tags?post=10639"}],"curies":[{"name":"wp","href":"https:\/\/api.w.org\/{rel}","templated":true}]}}