{"id":11022,"date":"2025-01-21T15:35:10","date_gmt":"2025-01-21T18:35:10","guid":{"rendered":"https:\/\/www.ufsm.br\/pro-reitorias\/pre\/?p=11022"},"modified":"2025-01-22T10:12:05","modified_gmt":"2025-01-22T13:12:05","slug":"pro-reitoria-de-extensao-abre-inscricoes-de-propostas-para-o-fundo-de-incentivo-a-extensao","status":"publish","type":"post","link":"https:\/\/www.ufsm.br\/pro-reitorias\/pre\/2025\/01\/21\/pro-reitoria-de-extensao-abre-inscricoes-de-propostas-para-o-fundo-de-incentivo-a-extensao","title":{"rendered":"Pr\u00f3-Reitoria de Extens\u00e3o abre inscri\u00e7\u00f5es de propostas para o Fundo de Incentivo \u00e0 Extens\u00e3o"},"content":{"rendered":"\n<p><span style=\"font-weight: 400\">A <\/span><b>Pr\u00f3-Reitoria de Extens\u00e3o (PRE) <\/b><span style=\"font-weight: 400\">da Universidade Federal de Santa Maria (UFSM) abriu as inscri\u00e7\u00f5es para a concess\u00e3o de recursos do <\/span><b>Fundo de Incentivo \u00e0 Extens\u00e3o (FIEX)<\/b><span style=\"font-weight: 400\">. O prazo para envio de propostas de a\u00e7\u00f5es segue at\u00e9 o dia <\/span><b>14 de mar\u00e7o<\/b><span style=\"font-weight: 400\">, e a divulga\u00e7\u00e3o dos resultados finais est\u00e1 prevista para 16 de abril.\u00a0<\/span><\/p>\n<p><span style=\"font-weight: 400\">O FIEX fornece recursos para <\/span><b>custeio e concess\u00e3o de bolsas<\/b><span style=\"font-weight: 400\"> destinadas \u00e0 execu\u00e7\u00e3o de a\u00e7\u00f5es de extens\u00e3o coordenadas por servidores da UFSM. Entre os objetivos do edital, destacam-se o incentivo ao <\/span><b>interc\u00e2mbio de experi\u00eancias e saberes<\/b><span style=\"font-weight: 400\"> entre a Universidade e os demais setores da sociedade, a promo\u00e7\u00e3o da interdisciplinaridade e da interprofissionalidade, al\u00e9m de gerar <\/span><b>impacto e transforma\u00e7\u00e3o social<\/b><span style=\"font-weight: 400\">.<\/span><\/p>\n<p><span style=\"font-weight: 400\">Nesta edi\u00e7\u00e3o, haver\u00e1 tr\u00eas tipos de a\u00e7\u00f5es que poder\u00e3o ser financiadas. A primeira categoria \u00e9 voltada para os <\/span><b>programas<\/b><span style=\"font-weight: 400\">, com or\u00e7amento total de R$ 16 mil, destinado ao pagamento de pelo menos duas bolsas de atua\u00e7\u00e3o, cada uma com dura\u00e7\u00e3o m\u00ednima de sete meses, no valor de R$ 500,00. O or\u00e7amento para <\/span><b>projetos<\/b><span style=\"font-weight: 400\"> \u00e9 de R$8 mil, com pelo menos uma bolsa de atua\u00e7\u00e3o tamb\u00e9m de, no m\u00ednimo, sete meses, no valor de R$ 500,00. Por fim, o or\u00e7amento ser\u00e1 de R$ 4 mil para <\/span><b>cursos ou eventos<\/b><span style=\"font-weight: 400\">, com at\u00e9 tr\u00eas meses de bolsa de atua\u00e7\u00e3o, no valor de R$ 500,00 cada.<\/span><\/p>\n<p><span style=\"font-weight: 400\">Para participar, as propostas de a\u00e7\u00f5es devem ter o \u00f3rg\u00e3o executor e o \u00f3rg\u00e3o respons\u00e1vel vinculados \u00e0 mesma Unidade Universit\u00e1ria. Al\u00e9m disso, as a\u00e7\u00f5es devem ser registradas no <\/span><b>Portal de Projetos da UFSM<\/b><span style=\"font-weight: 400\"> e constar como \u201cem andamento\u201d, com data de encerramento a partir de 31 de dezembro de 2025, exceto no caso de cursos ou eventos.<\/span><\/p>\n<p><span style=\"font-weight: 400\">As <\/span><b>inscri\u00e7\u00f5es das propostas<\/b><span style=\"font-weight: 400\"> podem ser realizadas pelo Portal do Professor e pelo Portal de Recursos Humanos da UFSM. No momento da submiss\u00e3o, \u00e9 preciso informar o valor dos recursos solicitados e o n\u00famero de bolsistas necess\u00e1rios(as). As bolsas ter\u00e3o validade de 1\u00b0 de maio a 31 de dezembro deste ano.\u00a0<\/span><\/p>\n<p><span style=\"font-weight: 400\">Todas as informa\u00e7\u00f5es, o cronograma e os detalhes podem ser conferidos no <\/span><a href=\"https:\/\/www.ufsm.br\/app\/uploads\/sites\/346\/2025\/01\/001-2025-PRE-UFSM-FIEX-2025.pdf\"><span style=\"font-weight: 400\">edital FIEX PRE\/UFSM n\u00b001\/2025<\/span><\/a><span style=\"font-weight: 400\"> e no <\/span><a href=\"https:\/\/www.ufsm.br\/pro-reitorias\/pre\/editais\/001-2025\"><span style=\"font-weight: 400\">site da PRE<\/span><\/a><span style=\"font-weight: 400\">.<\/span><\/p>\n<p><i><span style=\"font-weight: 400\">Texto: Micael dos Santos Oleg\u00e1rio, bolsista da Subdivis\u00e3o de Divulga\u00e7\u00e3o e Editora\u00e7\u00e3o (PRE\/UFSM)<\/span><\/i><\/p>\n<p><i><span style=\"font-weight: 400\">Revis\u00e3o: Val\u00e9ria Luzardo, bolsista da Subdivis\u00e3o de Divulga\u00e7\u00e3o e Editora\u00e7\u00e3o (PRE\/UFSM)<\/span><\/i><\/p>\n<p>\u00a0<\/p>\n","protected":false},"excerpt":{"rendered":"<p>Iniciativa busca incentivar e custear a\u00e7\u00f5es de extens\u00e3o coordenadas por servidores da UFSM<\/p>\n","protected":false},"author":8051,"featured_media":11023,"comment_status":"closed","ping_status":"closed","sticky":false,"template":"","format":"standard","meta":{"footnotes":""},"categories":[10,640],"tags":[105],"class_list":["post-11022","post","type-post","status-publish","format-standard","has-post-thumbnail","hentry","category-destaques","category-extensao","tag-fiex"],"acf":[],"_links":{"self":[{"href":"https:\/\/www.ufsm.br\/pro-reitorias\/pre\/wp-json\/wp\/v2\/posts\/11022","targetHints":{"allow":["GET"]}}],"collection":[{"href":"https:\/\/www.ufsm.br\/pro-reitorias\/pre\/wp-json\/wp\/v2\/posts"}],"about":[{"href":"https:\/\/www.ufsm.br\/pro-reitorias\/pre\/wp-json\/wp\/v2\/types\/post"}],"author":[{"embeddable":true,"href":"https:\/\/www.ufsm.br\/pro-reitorias\/pre\/wp-json\/wp\/v2\/users\/8051"}],"replies":[{"embeddable":true,"href":"https:\/\/www.ufsm.br\/pro-reitorias\/pre\/wp-json\/wp\/v2\/comments?post=11022"}],"version-history":[{"count":0,"href":"https:\/\/www.ufsm.br\/pro-reitorias\/pre\/wp-json\/wp\/v2\/posts\/11022\/revisions"}],"wp:featuredmedia":[{"embeddable":true,"href":"https:\/\/www.ufsm.br\/pro-reitorias\/pre\/wp-json\/wp\/v2\/media\/11023"}],"wp:attachment":[{"href":"https:\/\/www.ufsm.br\/pro-reitorias\/pre\/wp-json\/wp\/v2\/media?parent=11022"}],"wp:term":[{"taxonomy":"category","embeddable":true,"href":"https:\/\/www.ufsm.br\/pro-reitorias\/pre\/wp-json\/wp\/v2\/categories?post=11022"},{"taxonomy":"post_tag","embeddable":true,"href":"https:\/\/www.ufsm.br\/pro-reitorias\/pre\/wp-json\/wp\/v2\/tags?post=11022"}],"curies":[{"name":"wp","href":"https:\/\/api.w.org\/{rel}","templated":true}]}}