{"id":11289,"date":"2025-03-10T13:59:32","date_gmt":"2025-03-10T16:59:32","guid":{"rendered":"https:\/\/www.ufsm.br\/pro-reitorias\/pre\/?p=11289"},"modified":"2025-03-10T13:59:34","modified_gmt":"2025-03-10T16:59:34","slug":"projeto-de-extensao-da-ufsm-participa-da-feira-expogirua","status":"publish","type":"post","link":"https:\/\/www.ufsm.br\/pro-reitorias\/pre\/2025\/03\/10\/projeto-de-extensao-da-ufsm-participa-da-feira-expogirua","title":{"rendered":"Projeto de extens\u00e3o da UFSM participa da feira Expogiru\u00e1"},"content":{"rendered":"\n<p><span style=\"font-weight: 400\">A UFSM esteve presente na Expogiru\u00e1 2025, que aconteceu de 05 a 09 de mar\u00e7o no Parque Municipal de Exposi\u00e7\u00f5es Olmiro Callai em Giru\u00e1\/RS. O projeto Flores para Todos representou a Universidade por meio de uma oficina de arte floral nos dias 06 e 07, ministrada pelo professor do Departamento de Fitotecnia\/CCR, Nereu Augusto Streck, Coordenador Nacional do projeto Flores para Todos e da Equipe PhenoGlad. Foram apresentadas t\u00e9cnicas internacionais de arte floral com flores secas e flores frescas como buqu\u00eas e arranjos florais. <\/span><span style=\"font-weight: 400\">A oficina de arte floral aconteceu na Casa da Emater\/RS-Ascar e foi a primeira a\u00e7\u00e3o da 15\u00aa fase do projeto Flores para Todos, que est\u00e1 em andamento durante o primeiro semestre de 2025 em todo Brasil.<\/span><\/p>\n<figure id=\"attachment_11291\" aria-describedby=\"caption-attachment-11291\" style=\"width: 1024px\" class=\"wp-caption alignnone\"><img fetchpriority=\"high\" decoding=\"async\" class=\"wp-image-11291 size-large\" src=\"https:\/\/www.ufsm.br\/app\/uploads\/sites\/346\/2025\/03\/arranjo-mesa-1024x768.jpg\" alt=\"\" width=\"1024\" height=\"768\" srcset=\"https:\/\/www.ufsm.br\/app\/uploads\/sites\/346\/2025\/03\/arranjo-mesa-1024x768.jpg 1024w, https:\/\/www.ufsm.br\/app\/uploads\/sites\/346\/2025\/03\/arranjo-mesa-300x225.jpg 300w, https:\/\/www.ufsm.br\/app\/uploads\/sites\/346\/2025\/03\/arranjo-mesa-768x576.jpg 768w, https:\/\/www.ufsm.br\/app\/uploads\/sites\/346\/2025\/03\/arranjo-mesa.jpg 1280w\" sizes=\"(max-width: 1024px) 100vw, 1024px\" \/><figcaption id=\"caption-attachment-11291\" class=\"wp-caption-text\">Arranjo de centro de mesa produzido na oficina de arte floral e utilizado na mesa do Governador do Estado durante o evento.<\/figcaption><\/figure>\n<p><span style=\"font-weight: 400\">A participa\u00e7\u00e3o da UFSM na Expogiru\u00e1 2025 foi apoiada pelo Edital de Representa\u00e7\u00e3o Institucional da Pr\u00f3-Reitoria de Extens\u00e3o da UFSM e teve a parceria\u00a0 com a Emater\/RS-Ascar Municipal de Giru\u00e1, Emater\/RS-Ascar Regional de Santa Rosa e a Prefeitura Municipal de Giru\u00e1.<\/span><\/p>\n<h1><span style=\"font-weight: 400\">Sobre a Feira:\u00a0<\/span><\/h1>\n<p><span style=\"font-weight: 400\">A Expogiru\u00e1 \u00e9 uma feira regional tradicional do setor agr\u00edcola que acontece desde 1983 em Giru\u00e1, munic\u00edpio situado no Noroeste do RS, Regi\u00e3o das Miss\u00f5es Jesu\u00edtas, e um dos munic\u00edpios ga\u00fachos com maior extens\u00e3o territorial e 67 mil hectares de terras agricult\u00e1veis. Concomitante \u00e0 Expogiru\u00e1 acontece tamb\u00e9m a Feira do Buti\u00e1, que inspirou seu nome.<\/span><\/p>\n","protected":false},"excerpt":{"rendered":"<p>A\u00e7\u00e3o extensionista esteve presente no evento, que ocorreu entre os dias 05 e 09 de mar\u00e7o na Casa da Emater\/RS- Ascar.<\/p>\n","protected":false},"author":8382,"featured_media":11290,"comment_status":"closed","ping_status":"closed","sticky":false,"template":"","format":"standard","meta":{"footnotes":""},"categories":[10,492,496,641,276,1,490],"tags":[88,629,604,59],"class_list":["post-11289","post","type-post","status-publish","format-standard","has-post-thumbnail","hentry","category-destaques","category-divulgacao","category-educacao","category-extensao-extensao","category-noticias","category-sem-categoria","category-sociedade","tag-extensao","tag-noticias-2","tag-pre-2","tag-ufsm"],"acf":[],"_links":{"self":[{"href":"https:\/\/www.ufsm.br\/pro-reitorias\/pre\/wp-json\/wp\/v2\/posts\/11289","targetHints":{"allow":["GET"]}}],"collection":[{"href":"https:\/\/www.ufsm.br\/pro-reitorias\/pre\/wp-json\/wp\/v2\/posts"}],"about":[{"href":"https:\/\/www.ufsm.br\/pro-reitorias\/pre\/wp-json\/wp\/v2\/types\/post"}],"author":[{"embeddable":true,"href":"https:\/\/www.ufsm.br\/pro-reitorias\/pre\/wp-json\/wp\/v2\/users\/8382"}],"replies":[{"embeddable":true,"href":"https:\/\/www.ufsm.br\/pro-reitorias\/pre\/wp-json\/wp\/v2\/comments?post=11289"}],"version-history":[{"count":0,"href":"https:\/\/www.ufsm.br\/pro-reitorias\/pre\/wp-json\/wp\/v2\/posts\/11289\/revisions"}],"wp:featuredmedia":[{"embeddable":true,"href":"https:\/\/www.ufsm.br\/pro-reitorias\/pre\/wp-json\/wp\/v2\/media\/11290"}],"wp:attachment":[{"href":"https:\/\/www.ufsm.br\/pro-reitorias\/pre\/wp-json\/wp\/v2\/media?parent=11289"}],"wp:term":[{"taxonomy":"category","embeddable":true,"href":"https:\/\/www.ufsm.br\/pro-reitorias\/pre\/wp-json\/wp\/v2\/categories?post=11289"},{"taxonomy":"post_tag","embeddable":true,"href":"https:\/\/www.ufsm.br\/pro-reitorias\/pre\/wp-json\/wp\/v2\/tags?post=11289"}],"curies":[{"name":"wp","href":"https:\/\/api.w.org\/{rel}","templated":true}]}}