{"id":11330,"date":"2025-03-18T09:07:30","date_gmt":"2025-03-18T12:07:30","guid":{"rendered":"https:\/\/www.ufsm.br\/pro-reitorias\/pre\/?p=11330"},"modified":"2025-03-18T09:07:32","modified_gmt":"2025-03-18T12:07:32","slug":"reuniao-da-pre-discute-propostas-para-jornadas-de-formacao-de-professores-nos-geoparques-quarta-colonia-e-cacapava","status":"publish","type":"post","link":"https:\/\/www.ufsm.br\/pro-reitorias\/pre\/2025\/03\/18\/reuniao-da-pre-discute-propostas-para-jornadas-de-formacao-de-professores-nos-geoparques-quarta-colonia-e-cacapava","title":{"rendered":"Reuni\u00e3o da PRE discute propostas para jornadas de forma\u00e7\u00e3o de professores nos Geoparques Quarta Col\u00f4nia e Ca\u00e7apava"},"content":{"rendered":"\n<p><span style=\"font-weight: 400\">A <\/span><b>Pr\u00f3-Reitoria de Extens\u00e3o (PRE)<\/b><span style=\"font-weight: 400\"> da Universidade Federal de Santa Maria (UFSM) realizou, na ter\u00e7a-feira, 11 de mar\u00e7o, um encontro com representantes dos Geoparques da regi\u00e3o para discutir propostas para a <\/span><b>VI Jornada Interdisciplinar de Forma\u00e7\u00e3o de Professores em Educa\u00e7\u00e3o Patrimonial do Quarta Col\u00f4nia Geoparque Mundial da UNESCO <\/b><span style=\"font-weight: 400\">e para a<\/span><b> I Jornada Interdisciplinar de Forma\u00e7\u00e3o de Professores em Educa\u00e7\u00e3o Patrimonial do Ca\u00e7apava Geoparque Mundial da UNESCO.<\/b><\/p>\n<p><span style=\"font-weight: 400\">A inten\u00e7\u00e3o da Subdivis\u00e3o de Geoparques da UFSM \u00e9 descentralizar os eventos, promovendo as atividades nos territ\u00f3rios dos geoparques. Ambas as jornadas s\u00e3o realizadas em parceria com docentes e discentes do <\/span><b>Programa de P\u00f3s-Gradua\u00e7\u00e3o em Patrim\u00f4nio Cultural<\/b><span style=\"font-weight: 400\"> (PPGPC) e do <\/span><b>Programa de P\u00f3s-Gradua\u00e7\u00e3o em Geografia (PPGGEO) <\/b><span style=\"font-weight: 400\">da UFSM.<\/span><\/p>\n<p><span style=\"font-weight: 400\">Como resultado do primeiro encontro entre os proponentes e respons\u00e1veis, definiu-se a cria\u00e7\u00e3o de uma comiss\u00e3o organizadora das jornadas de forma\u00e7\u00e3o de professores. Esse grupo ficar\u00e1 respons\u00e1vel por definir as datas, em conjunto com as secretarias de educa\u00e7\u00e3o dos munic\u00edpios, e estruturar o cronograma de atividades.\u00a0<\/span><\/p>\n<p><span style=\"font-weight: 400\">O tema <\/span><b>\u201cAmbiente e Sociedade\u201d<\/b><span style=\"font-weight: 400\"> foi uma das sugest\u00f5es para os eventos e programa\u00e7\u00f5es. O objetivo dessa abordagem tem\u00e1tica \u00e9 explorar as rela\u00e7\u00f5es entre o patrim\u00f4nio material e imaterial e as comunidades, considerando as mais diversas formas de relacionamento entre o ser humano e o ambiente.<\/span><\/p>\n<figure id=\"attachment_11333\" aria-describedby=\"caption-attachment-11333\" style=\"width: 1024px\" class=\"wp-caption alignnone\"><img fetchpriority=\"high\" decoding=\"async\" class=\"wp-image-11333 size-large\" src=\"https:\/\/www.ufsm.br\/app\/uploads\/sites\/346\/2025\/03\/WhatsApp-Image-2025-03-13-at-12.10.51-1024x766.jpeg\" alt=\"Foto colorida de pessoas reunidas em volta de uma mesa \" width=\"1024\" height=\"766\" srcset=\"https:\/\/www.ufsm.br\/app\/uploads\/sites\/346\/2025\/03\/WhatsApp-Image-2025-03-13-at-12.10.51-1024x766.jpeg 1024w, https:\/\/www.ufsm.br\/app\/uploads\/sites\/346\/2025\/03\/WhatsApp-Image-2025-03-13-at-12.10.51-300x224.jpeg 300w, https:\/\/www.ufsm.br\/app\/uploads\/sites\/346\/2025\/03\/WhatsApp-Image-2025-03-13-at-12.10.51-768x575.jpeg 768w, https:\/\/www.ufsm.br\/app\/uploads\/sites\/346\/2025\/03\/WhatsApp-Image-2025-03-13-at-12.10.51-1536x1149.jpeg 1536w, https:\/\/www.ufsm.br\/app\/uploads\/sites\/346\/2025\/03\/WhatsApp-Image-2025-03-13-at-12.10.51.jpeg 1600w\" sizes=\"(max-width: 1024px) 100vw, 1024px\" \/><figcaption id=\"caption-attachment-11333\" class=\"wp-caption-text\">Primeira reuni\u00e3o debateu organiza\u00e7\u00e3o dos eventos (Foto: Divulga\u00e7\u00e3o\/PRE)<\/figcaption><\/figure>\n<p><i><span style=\"font-weight: 400\">Texto: Micael dos Santos Oleg\u00e1rio, bolsista da Subdivis\u00e3o de Divulga\u00e7\u00e3o e Editora\u00e7\u00e3o (PRE\/UFSM).<\/span><\/i><\/p>\n<p><i><span style=\"font-weight: 400\">Revis\u00e3o: Val\u00e9ria Luzardo, bolsista da Subdivis\u00e3o de Divulga\u00e7\u00e3o e Editora\u00e7\u00e3o (PRE\/UFSM).<\/span><\/i><\/p>\n","protected":false},"excerpt":{"rendered":"<p>Encontro reuniu diferentes representantes dos Geoparques da regi\u00e3o. Objetivo \u00e9 colaborar com o desenvolvimento regional por meio da educa\u00e7\u00e3o<\/p>\n","protected":false},"author":8051,"featured_media":11331,"comment_status":"closed","ping_status":"closed","sticky":false,"template":"","format":"standard","meta":{"footnotes":""},"categories":[400,640,254,490],"tags":[669,587,290],"class_list":["post-11330","post","type-post","status-publish","format-standard","has-post-thumbnail","hentry","category-desen-sustentavel","category-extensao","category-geoparques","category-sociedade","tag-educacao","tag-geoparque-cacapava","tag-geoparque-quarta-colonia"],"acf":[],"_links":{"self":[{"href":"https:\/\/www.ufsm.br\/pro-reitorias\/pre\/wp-json\/wp\/v2\/posts\/11330","targetHints":{"allow":["GET"]}}],"collection":[{"href":"https:\/\/www.ufsm.br\/pro-reitorias\/pre\/wp-json\/wp\/v2\/posts"}],"about":[{"href":"https:\/\/www.ufsm.br\/pro-reitorias\/pre\/wp-json\/wp\/v2\/types\/post"}],"author":[{"embeddable":true,"href":"https:\/\/www.ufsm.br\/pro-reitorias\/pre\/wp-json\/wp\/v2\/users\/8051"}],"replies":[{"embeddable":true,"href":"https:\/\/www.ufsm.br\/pro-reitorias\/pre\/wp-json\/wp\/v2\/comments?post=11330"}],"version-history":[{"count":0,"href":"https:\/\/www.ufsm.br\/pro-reitorias\/pre\/wp-json\/wp\/v2\/posts\/11330\/revisions"}],"wp:featuredmedia":[{"embeddable":true,"href":"https:\/\/www.ufsm.br\/pro-reitorias\/pre\/wp-json\/wp\/v2\/media\/11331"}],"wp:attachment":[{"href":"https:\/\/www.ufsm.br\/pro-reitorias\/pre\/wp-json\/wp\/v2\/media?parent=11330"}],"wp:term":[{"taxonomy":"category","embeddable":true,"href":"https:\/\/www.ufsm.br\/pro-reitorias\/pre\/wp-json\/wp\/v2\/categories?post=11330"},{"taxonomy":"post_tag","embeddable":true,"href":"https:\/\/www.ufsm.br\/pro-reitorias\/pre\/wp-json\/wp\/v2\/tags?post=11330"}],"curies":[{"name":"wp","href":"https:\/\/api.w.org\/{rel}","templated":true}]}}