{"id":12599,"date":"2025-05-12T09:45:55","date_gmt":"2025-05-12T12:45:55","guid":{"rendered":"https:\/\/www.ufsm.br\/pro-reitorias\/pre\/?p=12599"},"modified":"2025-05-12T09:51:35","modified_gmt":"2025-05-12T12:51:35","slug":"grupo-de-trabalho-sobre-maternidade-na-ufsm-realiza-sua-primeira-reuniao","status":"publish","type":"post","link":"https:\/\/www.ufsm.br\/pro-reitorias\/pre\/2025\/05\/12\/grupo-de-trabalho-sobre-maternidade-na-ufsm-realiza-sua-primeira-reuniao","title":{"rendered":"Grupo de Trabalho sobre Maternidade na UFSM realiza sua primeira reuni\u00e3o"},"content":{"rendered":"\t\t<div data-elementor-type=\"wp-post\" data-elementor-id=\"12599\" class=\"elementor elementor-12599\">\n\t\t\t\t\t\t<section class=\"elementor-section elementor-top-section elementor-element elementor-element-e7fdcbd elementor-section-boxed elementor-section-height-default elementor-section-height-default\" data-id=\"e7fdcbd\" data-element_type=\"section\">\n\t\t\t\t\t\t<div class=\"elementor-container elementor-column-gap-default\">\n\t\t\t\t\t<div class=\"elementor-column elementor-col-100 elementor-top-column elementor-element elementor-element-57d5289\" data-id=\"57d5289\" data-element_type=\"column\">\n\t\t\t<div class=\"elementor-widget-wrap elementor-element-populated\">\n\t\t\t\t\t\t<div class=\"elementor-element elementor-element-cd87285 elementor-widget elementor-widget-text-editor\" data-id=\"cd87285\" data-element_type=\"widget\" data-widget_type=\"text-editor.default\">\n\t\t\t\t<div class=\"elementor-widget-container\">\n\t\t\t\t\t\t\t<p><span style=\"font-weight: 400\">O Grupo de Trabalho (GT) sobre Maternidade na UFSM realizou, na \u00faltima sexta, 09, a sua primeira reuni\u00e3o. O GT tem por objetivo pensar pol\u00edticas p\u00fablicas internas voltadas \u00e0s m\u00e3es universit\u00e1rias, al\u00e9m de propor novas diretrizes e ampliar as discuss\u00f5es sobre a tem\u00e1tica no \u00e2mbito acad\u00eamico. A institui\u00e7\u00e3o do Grupo de Trabalho \u00e9 uma continua\u00e7\u00e3o das atividades e dos avan\u00e7os conquistados pela <\/span><a href=\"https:\/\/portal.ufsm.br\/documentos\/download.html?action=arquivosIndexados&amp;id=13828565&amp;download=false\"><span style=\"font-weight: 400\">Pol\u00edtica de Igualdade de G\u00eanero<\/span><\/a><span style=\"font-weight: 400\">, aprovada em 2021 na UFSM.<\/span><\/p><p><span style=\"font-weight: 400\"><a href=\"https:\/\/www.ufsm.br\/app\/uploads\/sites\/346\/2025\/05\/WhatsApp-Image-2025-05-09-at-15.38.32.jpeg\"><img fetchpriority=\"high\" decoding=\"async\" class=\"alignleft wp-image-12600 size-medium\" src=\"https:\/\/www.ufsm.br\/app\/uploads\/sites\/346\/2025\/05\/WhatsApp-Image-2025-05-09-at-15.38.32-300x194.jpeg\" alt=\"\" width=\"300\" height=\"194\" srcset=\"https:\/\/www.ufsm.br\/app\/uploads\/sites\/346\/2025\/05\/WhatsApp-Image-2025-05-09-at-15.38.32-300x194.jpeg 300w, https:\/\/www.ufsm.br\/app\/uploads\/sites\/346\/2025\/05\/WhatsApp-Image-2025-05-09-at-15.38.32-768x496.jpeg 768w, https:\/\/www.ufsm.br\/app\/uploads\/sites\/346\/2025\/05\/WhatsApp-Image-2025-05-09-at-15.38.32.jpeg 960w\" sizes=\"(max-width: 300px) 100vw, 300px\" \/><\/a>Motivado pela busca de m\u00e3es universit\u00e1rias para assegurar seus direitos na UFSM, o GT orienta suas a\u00e7\u00f5es em articula\u00e7\u00e3o com projetos de ensino, pesquisa e extens\u00e3o que j\u00e1 destacavam a tem\u00e1tica no contexto do ensino superior. Al\u00e9m disso, pretende ampliar a efetiva\u00e7\u00e3o da legisla\u00e7\u00e3o j\u00e1 existente e assegurar que os direitos das m\u00e3es sejam conhecidos e reconhecidos na Universidade.<\/span><\/p><p><span style=\"font-weight: 400\">Comp\u00f5em o GT Maternidade representantes da Pr\u00f3-Reitoria de Extens\u00e3o (PRE), Pr\u00f3-Reitoria de Gradua\u00e7\u00e3o (PROGRAD), Pr\u00f3-Reitoria de P\u00f3s-Gradua\u00e7\u00e3o e Pesquisa (PRPGP) e da Pr\u00f3-Reitoria de Planejamento (PROPLAN). A iniciativa foi capitaneada pelo Espa\u00e7o Multiprofissional Casa Ver\u00f4nica, setor vinculado \u00e0 PRE que visa a promo\u00e7\u00e3o da igualdade de g\u00eanero na UFSM.<\/span><\/p><p><i><span style=\"font-weight: 400\">Texto: Wellington Hack, bolsista da Subdivis\u00e3o de Divulga\u00e7\u00e3o e Editora\u00e7\u00e3o (PRE\/UFSM).<\/span><\/i><\/p><p><i><span style=\"font-weight: 400\">Revis\u00e3o: Catharina Viegas, bolsista da Subdivis\u00e3o de Divulga\u00e7\u00e3o e Editora\u00e7\u00e3o (PRE\/UFSM).<\/span><\/i><\/p>\t\t\t\t\t\t<\/div>\n\t\t\t\t<\/div>\n\t\t\t\t\t<\/div>\n\t\t<\/div>\n\t\t\t\t\t<\/div>\n\t\t<\/section>\n\t\t\t\t<\/div>\n\t\t","protected":false},"excerpt":{"rendered":"<p>GT objetiva pensar pol\u00edticas p\u00fablicas internas voltadas \u00e0s m\u00e3es universit\u00e1rias<\/p>\n","protected":false},"author":1452,"featured_media":12601,"comment_status":"closed","ping_status":"closed","sticky":false,"template":"","format":"standard","meta":{"footnotes":""},"categories":[701,495],"tags":[969,882],"class_list":["post-12599","post","type-post","status-publish","format-standard","has-post-thumbnail","hentry","category-casa-veronica","category-dh","tag-igualdade-de-genero","tag-maternidade"],"acf":[],"_links":{"self":[{"href":"https:\/\/www.ufsm.br\/pro-reitorias\/pre\/wp-json\/wp\/v2\/posts\/12599","targetHints":{"allow":["GET"]}}],"collection":[{"href":"https:\/\/www.ufsm.br\/pro-reitorias\/pre\/wp-json\/wp\/v2\/posts"}],"about":[{"href":"https:\/\/www.ufsm.br\/pro-reitorias\/pre\/wp-json\/wp\/v2\/types\/post"}],"author":[{"embeddable":true,"href":"https:\/\/www.ufsm.br\/pro-reitorias\/pre\/wp-json\/wp\/v2\/users\/1452"}],"replies":[{"embeddable":true,"href":"https:\/\/www.ufsm.br\/pro-reitorias\/pre\/wp-json\/wp\/v2\/comments?post=12599"}],"version-history":[{"count":0,"href":"https:\/\/www.ufsm.br\/pro-reitorias\/pre\/wp-json\/wp\/v2\/posts\/12599\/revisions"}],"wp:featuredmedia":[{"embeddable":true,"href":"https:\/\/www.ufsm.br\/pro-reitorias\/pre\/wp-json\/wp\/v2\/media\/12601"}],"wp:attachment":[{"href":"https:\/\/www.ufsm.br\/pro-reitorias\/pre\/wp-json\/wp\/v2\/media?parent=12599"}],"wp:term":[{"taxonomy":"category","embeddable":true,"href":"https:\/\/www.ufsm.br\/pro-reitorias\/pre\/wp-json\/wp\/v2\/categories?post=12599"},{"taxonomy":"post_tag","embeddable":true,"href":"https:\/\/www.ufsm.br\/pro-reitorias\/pre\/wp-json\/wp\/v2\/tags?post=12599"}],"curies":[{"name":"wp","href":"https:\/\/api.w.org\/{rel}","templated":true}]}}