{"id":13068,"date":"2025-07-10T18:25:43","date_gmt":"2025-07-10T21:25:43","guid":{"rendered":"https:\/\/www.ufsm.br\/pro-reitorias\/pre\/?p=13068"},"modified":"2025-07-11T11:51:27","modified_gmt":"2025-07-11T14:51:27","slug":"camara-de-extensao-reconhece-relevancia-dos-acervos-e-colecoes-da-ufsm","status":"publish","type":"post","link":"https:\/\/www.ufsm.br\/pro-reitorias\/pre\/2025\/07\/10\/camara-de-extensao-reconhece-relevancia-dos-acervos-e-colecoes-da-ufsm","title":{"rendered":"C\u00e2mara de Extens\u00e3o reconhece relev\u00e2ncia dos acervos e cole\u00e7\u00f5es da UFSM"},"content":{"rendered":"\t\t<div data-elementor-type=\"wp-post\" data-elementor-id=\"13068\" class=\"elementor elementor-13068\">\n\t\t\t\t\t\t<section class=\"elementor-section elementor-top-section elementor-element elementor-element-188658c elementor-section-boxed elementor-section-height-default elementor-section-height-default\" data-id=\"188658c\" data-element_type=\"section\">\n\t\t\t\t\t\t<div class=\"elementor-container elementor-column-gap-default\">\n\t\t\t\t\t<div class=\"elementor-column elementor-col-100 elementor-top-column elementor-element elementor-element-43834101\" data-id=\"43834101\" data-element_type=\"column\">\n\t\t\t<div class=\"elementor-widget-wrap elementor-element-populated\">\n\t\t\t\t\t\t<div class=\"elementor-element elementor-element-32835025 elementor-widget elementor-widget-text-editor\" data-id=\"32835025\" data-element_type=\"widget\" data-widget_type=\"text-editor.default\">\n\t\t\t\t<div class=\"elementor-widget-container\">\n\t\t\t\t\t\t\t<p><!-- wp:tadv\/classic-paragraph --><\/p>\n<p><span style=\"font-weight: 400\">A <\/span><b>C\u00e2mara de Extens\u00e3o<\/b><span style=\"font-weight: 400\"> reconheceu nesta ter\u00e7a-feira, 8 de julho, a relev\u00e2ncia dos <\/span><b>onze acervos e cole\u00e7\u00f5es<\/b><span style=\"font-weight: 400\"> da Universidade Federal de Santa Maria (UFSM). A chancela institucional considera a import\u00e2ncia dos acervos e cole\u00e7\u00f5es para o <\/span><b>ensino, a pesquisa e a extens\u00e3<\/b><span style=\"font-weight: 400\">o, com objetivo de valorizar e preservar o seu valor cient\u00edfico-cultural e como patrim\u00f4nio da UFSM. O reconhecimento \u00e9 resultado de levantamento realizado pelo Grupo de Trabalho (GT) de Museus, coordenado pela Divis\u00e3o de Museus da <\/span><b>Pr\u00f3-Reitoria de Extens\u00e3o (PRE).<\/b><\/p>\n<p><span style=\"font-size: 16px\">&nbsp;<\/span><span style=\"font-size: 16px\">Uma das novidades do reconhecimento \u00e9 a mudan\u00e7a do nome do Planet\u00e1rio da UFSM, para <b>&#8220;Planet\u00e1rio Professor Jos\u00e9 Mariano da Rocha Filho&#8221;.<\/b>&nbsp;Al\u00e9m dele, f<\/span><span style=\"font-weight: 400\">azem parte da lista de acervos reconhecidos, o Laborat\u00f3rio de Arqueologia, Sociedades e Culturas das Am\u00e9ricas (LASCA), a Mostra de Ci\u00eancias Morfol\u00f3gica, o Herb\u00e1rio PALM, o Acervo Art\u00edstico da UFSM, o Centro de Apoio \u00e0 Pesquisa Paleontol\u00f3gica da Quarta Col\u00f4nia (CAPPA), o Museu Gama d\u2019E\u00e7a e Victor Bersani, o Jardim Bot\u00e2nico e o Herb\u00e1rio SMDB, a Litoteca, o Museu Arte Ci\u00eancia Tecnologia (MACT) e o Museu de Solos do Rio Grande do Sul.<\/span><\/p>\n<p><span style=\"font-weight: 400\">O reconhecimento serve como uma forma de consolidar as diretrizes da<\/span><b> Pol\u00edtica Museal da UFSM<\/b><span style=\"font-weight: 400\">, aprovada em 2024, al\u00e9m de permitir o registro da data de cria\u00e7\u00e3o dos acervos e cole\u00e7\u00f5es. Al\u00e9m dos dossi\u00eas com informa\u00e7\u00f5es detalhadas, o processo teve o parecer t\u00e9cnico da muse\u00f3loga Aline Vargas.&nbsp;<\/span><\/p>\n<p><span style=\"font-weight: 400\">\u201cTrata-se de uma verdadeira biografia da Universidade e, tamb\u00e9m, da mem\u00f3ria de Santa Maria, retratadas atrav\u00e9s da cultura material. Ao alcan\u00e7ar, dentro da institui\u00e7\u00e3o, a condi\u00e7\u00e3o de patrim\u00f4nio, estes bens emergem como catalisadores da identidade institucional e da mem\u00f3ria e evidenciam a import\u00e2ncia da produ\u00e7\u00e3o e difus\u00e3o do conhecimento\u201d, destaca Aline. Segundo ela, esse \u00e9 um primeiro movimento para o reconhecimento dos \u201ctesouros escondidos\u201d nos departamentos da institui\u00e7\u00e3o e da Universidade.<\/span><\/p>\n<h3><b>Visibilidade e valoriza\u00e7\u00e3o<\/b><\/h3>\n<p><span style=\"font-weight: 400\">Marcelo Leite da Veiga, coordenador da Mostra de Ci\u00eancias Morfol\u00f3gicas, ressalta o trabalho de visita\u00e7\u00e3o guiada feito com escolas e outros grupos da sociedade, tendo recebido mais de 5 mil visitantes desde de 2022. \u201cA Mostra de Ci\u00eancias Morfol\u00f3gicas ser oficialmente reconhecida como parte integrante dos Museus da UFSM, proporcionar\u00e1 mais oportunidades para obten\u00e7\u00e3o de subs\u00eddios, para sua amplia\u00e7\u00e3o e divulga\u00e7\u00e3o, bem como participar do rol de Museus e Institui\u00e7\u00f5es similares do Brasil e exterior\u201d, acrescenta Marcelo.<\/span><\/p>\n<p><span style=\"font-weight: 400\">A respons\u00e1vel pela Coordenadoria de Cultura e Arte (CCA), Vera L\u00facia Portinho Vianna, recorda que o trabalho de levantamento dos acervos e cole\u00e7\u00f5es teve in\u00edcio em 2020 na PRE. \u201cPara subsidiar tal reconhecimento, foi elaborado um dossi\u00ea t\u00e9cnico contendo documenta\u00e7\u00e3o comprobat\u00f3ria da exist\u00eancia e da atua\u00e7\u00e3o de onze acervos e cole\u00e7\u00f5es no \u00e2mbito do ensino, da pesquisa e da extens\u00e3o, muitos deles com mais de 50 anos de trajet\u00f3ria\u201d, explica Vera.<\/span><\/p>\n<p><span style=\"font-weight: 400\">Para o muse\u00f3logo e coordenador do Museu Gama D\u2019E\u00e7a, Bernardo Duque de Paula, o reconhecimento \u00e9 um passo importante para a valoriza\u00e7\u00e3o da hist\u00f3ria dos museus. \u201cNo caso do Museu Gama d&#8217;E\u00e7a e Victor Bersani esse reconhecimento resgata uma parte fundamental da sua hist\u00f3ria, que tem in\u00edcio em 1913, como um dos museus mais antigos do Rio Grande do Sul e um dos \u00fanicos com o acervo tombado pelo Instituto do Patrim\u00f4nio Hist\u00f3rico e Art\u00edstico Nacional (IPHAN)\u201d, complementa Bernardo.<\/span><\/p>\n<p><span style=\"font-weight: 400\">A diretora do Jardim Bot\u00e2nico da UFSM, Simone Messina Gomez, afirma que o reconhecimento contribui para as a\u00e7\u00f5es educativas, cient\u00edficas e ambientais realizadas no espa\u00e7o. \u201cAl\u00e9m disso, insere o Jardim Bot\u00e2nico de maneira mais evidente nas pol\u00edticas institucionais de extens\u00e3o, ampliando nosso potencial de visibilidade, articula\u00e7\u00e3o com outras unidades e acesso a recursos espec\u00edficos\u201d, ressalta Simone.<\/span><\/p>\n<p><i><span style=\"font-weight: 400\">Texto: Micael dos Santos Oleg\u00e1rio, bolsista da Subdivis\u00e3o de Divulga\u00e7\u00e3o e Editora\u00e7\u00e3o (SDE\/PRE).<\/span><\/i><\/p>\n<p><!-- \/wp:tadv\/classic-paragraph --><\/p>\t\t\t\t\t\t<\/div>\n\t\t\t\t<\/div>\n\t\t\t\t\t<\/div>\n\t\t<\/div>\n\t\t\t\t\t<\/div>\n\t\t<\/section>\n\t\t\t\t<section class=\"elementor-section elementor-top-section elementor-element elementor-element-0d632ca elementor-section-boxed elementor-section-height-default elementor-section-height-default\" data-id=\"0d632ca\" data-element_type=\"section\">\n\t\t\t\t\t\t<div class=\"elementor-container elementor-column-gap-default\">\n\t\t\t\t\t<div class=\"elementor-column elementor-col-100 elementor-top-column elementor-element elementor-element-4da4d80\" data-id=\"4da4d80\" data-element_type=\"column\">\n\t\t\t<div class=\"elementor-widget-wrap elementor-element-populated\">\n\t\t\t\t\t\t<div class=\"elementor-element elementor-element-88a7a48 elementor-widget elementor-widget-text-editor\" data-id=\"88a7a48\" data-element_type=\"widget\" data-widget_type=\"text-editor.default\">\n\t\t\t\t<div class=\"elementor-widget-container\">\n\t\t\t\t\t\t\t<h5 style=\"text-align: center\"><strong>Agenda 2030 na UFSM<\/strong><\/h5>\n<p style=\"text-align: center\">A a\u00e7\u00e3o de extens\u00e3o apresentada neste texto se alinha aos seguintes\u00a0<strong>Objetivos do Desenvolvimento Sustent\u00e1vel <\/strong>(ODS)<strong>.<\/strong><\/p>\n<p style=\"text-align: center\">Acesse as imagens para saber mais sobre cada um deles.<\/p>\t\t\t\t\t\t<\/div>\n\t\t\t\t<\/div>\n\t\t\t\t\t<\/div>\n\t\t<\/div>\n\t\t\t\t\t<\/div>\n\t\t<\/section>\n\t\t\t\t<section class=\"elementor-section elementor-top-section elementor-element elementor-element-4f13289 elementor-section-boxed elementor-section-height-default elementor-section-height-default\" data-id=\"4f13289\" data-element_type=\"section\">\n\t\t\t\t\t\t<div class=\"elementor-container elementor-column-gap-default\">\n\t\t\t\t\t<div class=\"elementor-column elementor-col-33 elementor-top-column elementor-element elementor-element-3293f9e\" data-id=\"3293f9e\" data-element_type=\"column\">\n\t\t\t<div class=\"elementor-widget-wrap elementor-element-populated\">\n\t\t\t\t\t\t<div class=\"elementor-element elementor-element-58c811d elementor-widget elementor-widget-image\" data-id=\"58c811d\" data-element_type=\"widget\" data-widget_type=\"image.default\">\n\t\t\t\t<div class=\"elementor-widget-container\">\n\t\t\t\t\t\t\t\t\t\t\t\t\t<img fetchpriority=\"high\" decoding=\"async\" width=\"1024\" height=\"1024\" src=\"https:\/\/www.ufsm.br\/app\/uploads\/sites\/346\/2020\/09\/ODS_4-1024x1024.jpg\" class=\"attachment-large size-large wp-image-4373\" alt=\"\" srcset=\"https:\/\/www.ufsm.br\/app\/uploads\/sites\/346\/2020\/09\/ODS_4-1024x1024.jpg 1024w, https:\/\/www.ufsm.br\/app\/uploads\/sites\/346\/2020\/09\/ODS_4-300x300.jpg 300w, https:\/\/www.ufsm.br\/app\/uploads\/sites\/346\/2020\/09\/ODS_4-150x150.jpg 150w, https:\/\/www.ufsm.br\/app\/uploads\/sites\/346\/2020\/09\/ODS_4-768x768.jpg 768w, https:\/\/www.ufsm.br\/app\/uploads\/sites\/346\/2020\/09\/ODS_4-1536x1536.jpg 1536w, https:\/\/www.ufsm.br\/app\/uploads\/sites\/346\/2020\/09\/ODS_4.jpg 1920w\" sizes=\"(max-width: 1024px) 100vw, 1024px\" \/>\t\t\t\t\t\t\t\t\t\t\t\t\t<\/div>\n\t\t\t\t<\/div>\n\t\t\t\t\t<\/div>\n\t\t<\/div>\n\t\t\t\t<div class=\"elementor-column elementor-col-33 elementor-top-column elementor-element elementor-element-506be39\" data-id=\"506be39\" data-element_type=\"column\">\n\t\t\t<div class=\"elementor-widget-wrap elementor-element-populated\">\n\t\t\t\t\t\t<div class=\"elementor-element elementor-element-d7ca298 elementor-widget elementor-widget-image\" data-id=\"d7ca298\" data-element_type=\"widget\" data-widget_type=\"image.default\">\n\t\t\t\t<div class=\"elementor-widget-container\">\n\t\t\t\t\t\t\t\t\t\t\t\t\t<img decoding=\"async\" width=\"1024\" height=\"1024\" src=\"https:\/\/www.ufsm.br\/app\/uploads\/sites\/346\/2020\/09\/ODS_11-1024x1024.jpg\" class=\"attachment-large size-large wp-image-4380\" alt=\"\" srcset=\"https:\/\/www.ufsm.br\/app\/uploads\/sites\/346\/2020\/09\/ODS_11-1024x1024.jpg 1024w, https:\/\/www.ufsm.br\/app\/uploads\/sites\/346\/2020\/09\/ODS_11-300x300.jpg 300w, https:\/\/www.ufsm.br\/app\/uploads\/sites\/346\/2020\/09\/ODS_11-150x150.jpg 150w, https:\/\/www.ufsm.br\/app\/uploads\/sites\/346\/2020\/09\/ODS_11-768x768.jpg 768w, https:\/\/www.ufsm.br\/app\/uploads\/sites\/346\/2020\/09\/ODS_11-1536x1536.jpg 1536w, https:\/\/www.ufsm.br\/app\/uploads\/sites\/346\/2020\/09\/ODS_11.jpg 1920w\" sizes=\"(max-width: 1024px) 100vw, 1024px\" \/>\t\t\t\t\t\t\t\t\t\t\t\t\t<\/div>\n\t\t\t\t<\/div>\n\t\t\t\t\t<\/div>\n\t\t<\/div>\n\t\t\t\t<div class=\"elementor-column elementor-col-33 elementor-top-column elementor-element elementor-element-b2dad06\" data-id=\"b2dad06\" data-element_type=\"column\">\n\t\t\t<div class=\"elementor-widget-wrap elementor-element-populated\">\n\t\t\t\t\t\t<div class=\"elementor-element elementor-element-71e6714 elementor-widget elementor-widget-image\" data-id=\"71e6714\" data-element_type=\"widget\" data-widget_type=\"image.default\">\n\t\t\t\t<div class=\"elementor-widget-container\">\n\t\t\t\t\t\t\t\t\t\t\t\t\t<img decoding=\"async\" width=\"1024\" height=\"1024\" src=\"https:\/\/www.ufsm.br\/app\/uploads\/sites\/346\/2020\/09\/ODS_17-1024x1024.jpg\" class=\"attachment-large size-large wp-image-4386\" alt=\"\" srcset=\"https:\/\/www.ufsm.br\/app\/uploads\/sites\/346\/2020\/09\/ODS_17-1024x1024.jpg 1024w, https:\/\/www.ufsm.br\/app\/uploads\/sites\/346\/2020\/09\/ODS_17-300x300.jpg 300w, https:\/\/www.ufsm.br\/app\/uploads\/sites\/346\/2020\/09\/ODS_17-150x150.jpg 150w, https:\/\/www.ufsm.br\/app\/uploads\/sites\/346\/2020\/09\/ODS_17-768x768.jpg 768w, https:\/\/www.ufsm.br\/app\/uploads\/sites\/346\/2020\/09\/ODS_17-1536x1536.jpg 1536w, https:\/\/www.ufsm.br\/app\/uploads\/sites\/346\/2020\/09\/ODS_17.jpg 1920w\" sizes=\"(max-width: 1024px) 100vw, 1024px\" \/>\t\t\t\t\t\t\t\t\t\t\t\t\t<\/div>\n\t\t\t\t<\/div>\n\t\t\t\t\t<\/div>\n\t\t<\/div>\n\t\t\t\t\t<\/div>\n\t\t<\/section>\n\t\t\t\t<\/div>\n\t\t","protected":false},"excerpt":{"rendered":"<p>Reconhecimento institucional destaca papel dos acervos para a\u00e7\u00f5es de ensino, de pesquisa e de extens\u00e3o<\/p>\n","protected":false},"author":8051,"featured_media":13072,"comment_status":"closed","ping_status":"closed","sticky":false,"template":"","format":"standard","meta":{"footnotes":""},"categories":[837,288,640,835,872,497],"tags":[995,996],"class_list":["post-13068","post","type-post","status-publish","format-standard","has-post-thumbnail","hentry","category-acervo-artistico","category-cultura-e-arte","category-extensao","category-gama-deca","category-jardim-botanico","category-planetario-2","tag-acervos","tag-colecoes"],"acf":[],"_links":{"self":[{"href":"https:\/\/www.ufsm.br\/pro-reitorias\/pre\/wp-json\/wp\/v2\/posts\/13068","targetHints":{"allow":["GET"]}}],"collection":[{"href":"https:\/\/www.ufsm.br\/pro-reitorias\/pre\/wp-json\/wp\/v2\/posts"}],"about":[{"href":"https:\/\/www.ufsm.br\/pro-reitorias\/pre\/wp-json\/wp\/v2\/types\/post"}],"author":[{"embeddable":true,"href":"https:\/\/www.ufsm.br\/pro-reitorias\/pre\/wp-json\/wp\/v2\/users\/8051"}],"replies":[{"embeddable":true,"href":"https:\/\/www.ufsm.br\/pro-reitorias\/pre\/wp-json\/wp\/v2\/comments?post=13068"}],"version-history":[{"count":0,"href":"https:\/\/www.ufsm.br\/pro-reitorias\/pre\/wp-json\/wp\/v2\/posts\/13068\/revisions"}],"wp:featuredmedia":[{"embeddable":true,"href":"https:\/\/www.ufsm.br\/pro-reitorias\/pre\/wp-json\/wp\/v2\/media\/13072"}],"wp:attachment":[{"href":"https:\/\/www.ufsm.br\/pro-reitorias\/pre\/wp-json\/wp\/v2\/media?parent=13068"}],"wp:term":[{"taxonomy":"category","embeddable":true,"href":"https:\/\/www.ufsm.br\/pro-reitorias\/pre\/wp-json\/wp\/v2\/categories?post=13068"},{"taxonomy":"post_tag","embeddable":true,"href":"https:\/\/www.ufsm.br\/pro-reitorias\/pre\/wp-json\/wp\/v2\/tags?post=13068"}],"curies":[{"name":"wp","href":"https:\/\/api.w.org\/{rel}","templated":true}]}}