{"id":13227,"date":"2025-07-31T13:12:12","date_gmt":"2025-07-31T16:12:12","guid":{"rendered":"https:\/\/www.ufsm.br\/pro-reitorias\/pre\/?p=13227"},"modified":"2025-07-31T13:28:35","modified_gmt":"2025-07-31T16:28:35","slug":"ufsm-marca-presenca-no-43o-seminario-de-extensao-universitaria-da-regiao-sul-seurs","status":"publish","type":"post","link":"https:\/\/www.ufsm.br\/pro-reitorias\/pre\/2025\/07\/31\/ufsm-marca-presenca-no-43o-seminario-de-extensao-universitaria-da-regiao-sul-seurs","title":{"rendered":"UFSM marca presen\u00e7a no 43\u00ba semin\u00e1rio de extens\u00e3o universit\u00e1ria da regi\u00e3o Sul (SEURS)"},"content":{"rendered":"\t\t<div data-elementor-type=\"wp-post\" data-elementor-id=\"13227\" class=\"elementor elementor-13227\">\n\t\t\t\t\t\t<section class=\"elementor-section elementor-top-section elementor-element elementor-element-7ac9db25 elementor-section-boxed elementor-section-height-default elementor-section-height-default\" data-id=\"7ac9db25\" data-element_type=\"section\">\n\t\t\t\t\t\t<div class=\"elementor-container elementor-column-gap-default\">\n\t\t\t\t\t<div class=\"elementor-column elementor-col-100 elementor-top-column elementor-element elementor-element-13a8b848\" data-id=\"13a8b848\" data-element_type=\"column\">\n\t\t\t<div class=\"elementor-widget-wrap elementor-element-populated\">\n\t\t\t\t\t\t<div class=\"elementor-element elementor-element-446202a7 elementor-widget elementor-widget-text-editor\" data-id=\"446202a7\" data-element_type=\"widget\" data-widget_type=\"text-editor.default\">\n\t\t\t\t<div class=\"elementor-widget-container\">\n\t\t\t\t\t\t\t<!-- wp:tadv\/classic-paragraph \/-->\n<p>\u00a0<\/p>\n<!-- wp:paragraph -->\n<p>Entre os dias 22 e 25 de julho, ocorreu, em Lages\/SC, uma das principais agendas da extens\u00e3o universit\u00e1ria no Sul do pa\u00eds: o 43\u00ba Semin\u00e1rio de Extens\u00e3o Universit\u00e1ria da Regi\u00e3o Sul (SEURS). <strong>Promovido desde 1983<\/strong>, o evento reuniu representantes de 25 institui\u00e7\u00f5es p\u00fablicas e prop\u00f4s reflex\u00f5es sobre justi\u00e7a socioambiental a partir do tema <strong><a href=\"https:\/\/eventos.ifsc.edu.br\/seurs2025\/\" data-type=\"link\" data-id=\"https:\/\/eventos.ifsc.edu.br\/seurs2025\/\">\u201cExtens\u00e3o e justi\u00e7a socioambiental na transforma\u00e7\u00e3o dos territ\u00f3rios\u201d.<\/a><br \/><\/strong><\/p>\n<!-- \/wp:paragraph --><!-- wp:paragraph -->\n<p>A Universidade Federal de Santa Maria (UFSM) esteve presente com uma delega\u00e7\u00e3o composta por 25 estudantes, seis professores e tr\u00eas t\u00e9cnicos-administrativos em educa\u00e7\u00e3o. <strong>A Pr\u00f3-Reitoria de Extens\u00e3o (PRE) <\/strong>organizou a sele\u00e7\u00e3o dos estudantes e servidores participantes, viabilizando bolsas de aux\u00edlio financeiro, transporte para os estudantes e di\u00e1rias para os servidores.<\/p>\n<!-- \/wp:paragraph --><!-- wp:paragraph -->\n<p>As atividades do semin\u00e1rio ocorreram nas instala\u00e7\u00f5es da Universidade do Estado de Santa Catarina (UDESC), que cedeu o espa\u00e7o por meio da sua Pr\u00f3-Reitoria de Extens\u00e3o, Cultura e Comunidade (PROEX), em parceria com o Centro de Ci\u00eancias Agroveterin\u00e1rias (CAV).<\/p>\n<!-- \/wp:paragraph --><!-- wp:paragraph -->\n<p>Inspirada pelo relat\u00f3rio <strong><em>The Lancet Commission on Obesity<\/em> (2019),<\/strong> a edi\u00e7\u00e3o de 2025 abordou os desafios das tr\u00eas grandes crises planet\u00e1rias \u2013 <strong>desnutri\u00e7\u00e3o, obesidade e mudan\u00e7as clim\u00e1ticas<\/strong> \u2013 e prop\u00f4s a extens\u00e3o universit\u00e1ria como ferramenta essencial para promover justi\u00e7a e transforma\u00e7\u00e3o nos territ\u00f3rios.<\/p>\n<!-- \/wp:paragraph --><!-- wp:heading {\"fontSize\":\"medium\"} -->\n<h2 class=\"wp-block-heading has-medium-font-size\"><strong>A magnitude do evento\u00a0<\/strong><\/h2>\n<!-- \/wp:heading --><!-- wp:paragraph -->\n<p>Reunindo 25 institui\u00e7\u00f5es de ensino p\u00fablico da regi\u00e3o Sul do pa\u00eds, o semin\u00e1rio foi considerado uma experi\u00eancia \u00fanica e enriquecedora pelos participantes. Para participar desse evento anual, a Pr\u00f3-Reitoria de Extens\u00e3o de cada institui\u00e7\u00e3o deve inscrever os estudantes e professores respons\u00e1veis por apresentar projetos desenvolvidos na universidade.<br \/>Al\u00e9m das apresenta\u00e7\u00f5es, o p\u00fablico teve a oportunidade de participar de algumas das 25 oficinas oferecidas durante o evento. As modalidades dos trabalhos apresentados inclu\u00edam tert\u00falias (salas organizadas por tem\u00e1ticas, nas quais os estudantes apresentam seus trabalhos oralmente. Ao final, os participantes fazem perguntas), p\u00f4steres e oficinas, al\u00e9m da confer\u00eancia de abertura, mesas-redondas e atividades culturais.\u00a0<\/p>\n<!-- \/wp:paragraph --><!-- wp:paragraph -->\n<p>Como as universidades s\u00e3o respons\u00e1veis por definir os participantes, na UFSM, essa sele\u00e7\u00e3o ocorre de forma organizada: as quatorze tert\u00falias s\u00e3o escolhidas entre os melhores trabalhos apresentados na Jornada Acad\u00eamica Integrada (JAI), sendo uma por centro de ensino dos <em>campi<\/em>. J\u00e1 os cinco trabalhos em formato de p\u00f4ster s\u00e3o selecionados pelas coordenadorias internas da PRE, com base nos editais Casa Ver\u00f4nica, ODH e Territ\u00f3rio Imembuy. Al\u00e9m disso, uma oficina \u00e9 escolhida por meio de edital espec\u00edfico.<\/p>\n<!-- \/wp:paragraph --><!-- wp:heading {\"fontSize\":\"medium\"} -->\n<h2 class=\"wp-block-heading has-medium-font-size\"><strong>Considera\u00e7\u00f5es sobre o semin\u00e1rio<\/strong><\/h2>\n<!-- \/wp:heading --><!-- wp:paragraph -->\n<p>A t\u00e9cnica em Assuntos Educacionais e representante da Pr\u00f3-Reitoria de Extens\u00e3o da UFSM, Rone Maria Rachele, relatou que a participa\u00e7\u00e3o no SEURS foi um momento significativo de trocas extensionistas. O estande da UFSM no evento recebeu diversas visitas e gerou in\u00fameras intera\u00e7\u00f5es, evidenciando o interesse pelas a\u00e7\u00f5es desenvolvidas pela universidade.<\/p>\n<!-- \/wp:paragraph --><!-- wp:paragraph -->\n<p>Ela ressalta que a delega\u00e7\u00e3o da UFSM participou de todas as atividades propostas, demonstrando envolvimento e representatividade expressiva ao longo do evento. Este foi o quarto SEURS do qual Rone participou. \u201cAl\u00e9m de conhecer diversas a\u00e7\u00f5es de extens\u00e3o, tive a oportunidade de dialogar sobre a curriculariza\u00e7\u00e3o da extens\u00e3o e compartilhar experi\u00eancias relacionadas a outras atividades desenvolvidas pelas pr\u00f3-reitorias das universidades presentes\u201d, afirmou a servidora.<\/p>\n<!-- \/wp:paragraph --><!-- wp:image {\"id\":13229,\"sizeSlug\":\"large\",\"linkDestination\":\"none\"} -->\n<figure class=\"wp-block-image size-large\"><img fetchpriority=\"high\" decoding=\"async\" width=\"1920\" height=\"1441\" class=\"wp-image-13229\" src=\"https:\/\/www.ufsm.br\/app\/uploads\/sites\/346\/2025\/07\/WhatsApp-Image-2025-07-30-at-21.46.38-edited.jpeg\" alt=\"\" srcset=\"https:\/\/www.ufsm.br\/app\/uploads\/sites\/346\/2025\/07\/WhatsApp-Image-2025-07-30-at-21.46.38-edited.jpeg 1920w, https:\/\/www.ufsm.br\/app\/uploads\/sites\/346\/2025\/07\/WhatsApp-Image-2025-07-30-at-21.46.38-edited-300x225.jpeg 300w, https:\/\/www.ufsm.br\/app\/uploads\/sites\/346\/2025\/07\/WhatsApp-Image-2025-07-30-at-21.46.38-edited-1024x769.jpeg 1024w, https:\/\/www.ufsm.br\/app\/uploads\/sites\/346\/2025\/07\/WhatsApp-Image-2025-07-30-at-21.46.38-edited-768x576.jpeg 768w, https:\/\/www.ufsm.br\/app\/uploads\/sites\/346\/2025\/07\/WhatsApp-Image-2025-07-30-at-21.46.38-edited-1536x1153.jpeg 1536w\" sizes=\"(max-width: 1920px) 100vw, 1920px\" \/>\n<figcaption class=\"wp-element-caption\">A galera da UFSM no SEURS.<\/figcaption>\n<\/figure>\n<!-- \/wp:image --><!-- wp:image {\"id\":13231,\"sizeSlug\":\"large\",\"linkDestination\":\"none\"} -->\n<figure class=\"wp-block-image size-large\"><img decoding=\"async\" width=\"901\" height=\"902\" class=\"wp-image-13231\" src=\"https:\/\/www.ufsm.br\/app\/uploads\/sites\/346\/2025\/07\/WhatsApp-Image-2025-07-30-at-21.47.29-edited.jpeg\" alt=\"\" srcset=\"https:\/\/www.ufsm.br\/app\/uploads\/sites\/346\/2025\/07\/WhatsApp-Image-2025-07-30-at-21.47.29-edited.jpeg 901w, https:\/\/www.ufsm.br\/app\/uploads\/sites\/346\/2025\/07\/WhatsApp-Image-2025-07-30-at-21.47.29-edited-300x300.jpeg 300w, https:\/\/www.ufsm.br\/app\/uploads\/sites\/346\/2025\/07\/WhatsApp-Image-2025-07-30-at-21.47.29-edited-150x150.jpeg 150w, https:\/\/www.ufsm.br\/app\/uploads\/sites\/346\/2025\/07\/WhatsApp-Image-2025-07-30-at-21.47.29-edited-768x769.jpeg 768w\" sizes=\"(max-width: 901px) 100vw, 901px\" \/>\n<figcaption class=\"wp-element-caption\">Estande da UFSM lotado.<\/figcaption>\n<\/figure>\n<!-- \/wp:image --><!-- wp:paragraph -->\n<p>Entre os destaques da programa\u00e7\u00e3o, o projeto \u201cA\u00e7\u00f5es de capacita\u00e7\u00e3o e qualifica\u00e7\u00e3o profissional para o processamento de alimentos e seus impactos sociais\u201d, coordenado pela professora Magda Aita Monego, do Departamento de Tecnologia de Alimentos e Farm\u00e1cia, levou ao evento oficinas pr\u00e1ticas e materiais did\u00e1ticos produzidos por estudantes da UFSM. Foram apresentadas receitas de panetones, <em>cinnamon roll<\/em>, doces de ovos, <em>focaccia<\/em> e risotos, demonstrando como a extens\u00e3o pode impulsionar o empreendedorismo e a inclus\u00e3o social.<\/p>\n<!-- \/wp:paragraph --><!-- wp:paragraph -->\n<p>\u201cEstar presente no estande da Pr\u00f3-Reitoria de Extens\u00e3o foi uma experi\u00eancia enriquecedora. Mostramos como a integra\u00e7\u00e3o entre ensino, pesquisa e extens\u00e3o contribui para a forma\u00e7\u00e3o t\u00e9cnica e para o desenvolvimento social. Esses espa\u00e7os s\u00e3o fundamentais para ampliar conex\u00f5es, inspirar novas ideias e refor\u00e7ar o papel da extens\u00e3o como ponte entre universidade e comunidade\u201d, avalia Magda.<\/p>\n<!-- \/wp:paragraph --><!-- wp:image {\"id\":13233,\"sizeSlug\":\"large\",\"linkDestination\":\"none\"} -->\n<figure class=\"wp-block-image size-large\"><img decoding=\"async\" width=\"1200\" height=\"1200\" class=\"wp-image-13233\" src=\"https:\/\/www.ufsm.br\/app\/uploads\/sites\/346\/2025\/07\/WhatsApp-Image-2025-07-31-at-12.56.50-edited.jpeg\" alt=\"\" srcset=\"https:\/\/www.ufsm.br\/app\/uploads\/sites\/346\/2025\/07\/WhatsApp-Image-2025-07-31-at-12.56.50-edited.jpeg 1200w, https:\/\/www.ufsm.br\/app\/uploads\/sites\/346\/2025\/07\/WhatsApp-Image-2025-07-31-at-12.56.50-edited-300x300.jpeg 300w, https:\/\/www.ufsm.br\/app\/uploads\/sites\/346\/2025\/07\/WhatsApp-Image-2025-07-31-at-12.56.50-edited-1024x1024.jpeg 1024w, https:\/\/www.ufsm.br\/app\/uploads\/sites\/346\/2025\/07\/WhatsApp-Image-2025-07-31-at-12.56.50-edited-150x150.jpeg 150w, https:\/\/www.ufsm.br\/app\/uploads\/sites\/346\/2025\/07\/WhatsApp-Image-2025-07-31-at-12.56.50-edited-768x768.jpeg 768w\" sizes=\"(max-width: 1200px) 100vw, 1200px\" \/>\n<figcaption class=\"wp-element-caption\">Exposi\u00e7\u00e3o do projeto da professora Marta.<\/figcaption>\n<\/figure>\n<!-- \/wp:image --><!-- wp:paragraph -->\n<p>A estudante de Jornalismo Gabriela Leandro tamb\u00e9m relatou uma viv\u00eancia positiva no semin\u00e1rio: \u201cParticipar do SEURS foi uma experi\u00eancia incr\u00edvel. As trocas de experi\u00eancias e as discuss\u00f5es sobre a import\u00e2ncia da extens\u00e3o universit\u00e1ria e, no caso do meu trabalho, sobre r\u00e1dio no combate \u00e0 desinforma\u00e7\u00e3o, foram extremamente enriquecedoras. O evento contribuiu de forma significativa para o meu crescimento pessoal e profissional\u201d.<\/p>\n<!-- \/wp:paragraph --><!-- wp:image {\"id\":13235,\"sizeSlug\":\"large\",\"linkDestination\":\"none\"} -->\n<figure class=\"wp-block-image size-large\"><img loading=\"lazy\" decoding=\"async\" width=\"727\" height=\"727\" class=\"wp-image-13235\" src=\"https:\/\/www.ufsm.br\/app\/uploads\/sites\/346\/2025\/07\/WhatsApp-Image-2025-07-31-at-12.56.50-1-edited.jpeg\" alt=\"\" srcset=\"https:\/\/www.ufsm.br\/app\/uploads\/sites\/346\/2025\/07\/WhatsApp-Image-2025-07-31-at-12.56.50-1-edited.jpeg 727w, https:\/\/www.ufsm.br\/app\/uploads\/sites\/346\/2025\/07\/WhatsApp-Image-2025-07-31-at-12.56.50-1-edited-300x300.jpeg 300w, https:\/\/www.ufsm.br\/app\/uploads\/sites\/346\/2025\/07\/WhatsApp-Image-2025-07-31-at-12.56.50-1-edited-150x150.jpeg 150w\" sizes=\"(max-width: 727px) 100vw, 727px\" \/>\n<figcaption class=\"wp-element-caption\">Gabriela Leandro durante a apresenta\u00e7\u00e3o de seu trabalho na modalidade \u201ctert\u00falia\u201d<\/figcaption>\n<\/figure>\n<!-- \/wp:image --><!-- wp:paragraph -->\n<p>Outro projeto que chamou aten\u00e7\u00e3o na programa\u00e7\u00e3o foi o p\u00f4ster <em>\u201cOlha o Passarinho!\u201d: despertando o interesse pela conserva\u00e7\u00e3o das aves<\/em>, apresentado por Gabrielle Lorenci Machado. \u201cParticipar do SEURS 2025 na UDESC Lages foi uma experi\u00eancia enriquecedora, tanto no aspecto acad\u00eamico quanto pessoal. Sou grata pela oportunidade e espero estar presente nas pr\u00f3ximas edi\u00e7\u00f5es\u201d, conclui a estudante.\u00a0<\/p>\n<!-- \/wp:paragraph --><!-- wp:paragraph -->\n<p>Esses foram apenas alguns <a href=\"https:\/\/www.ufsm.br\/pro-reitorias\/pre\/2025\/07\/03\/trabalhos-de-extensao-da-ufsm-serao-destaque-no-43-seurs?amp\">trabalhos de extens\u00e3o<\/a> levados pela UFSM ao SEURS. Ao todo, foram 20 trabalhos apresentados por estudantes e servidores da universidade, abordando temas como agricultura urbana, educa\u00e7\u00e3o popular, seguran\u00e7a alimentar e acessibilidade digital, entre outros. Voc\u00ea pode conferir todos eles por meio do link acima e entender mais sobre as atividades desenvolvidas pela UFSM.\u00a0\u00a0<\/p>\n<p><i>Texto: Maria L\u00facia Homrich Gotuzzo e Rafael Reis, bolsistas da Subdivis\u00e3o de Divulga\u00e7\u00e3o e Editora\u00e7\u00e3o (PRE\/UFSM).<\/i><\/p>\n<p><i>Revis\u00e3o: Val\u00e9ria Luzardo, bolsista da Subdivis\u00e3o de Divulga\u00e7\u00e3o e Editora\u00e7\u00e3o (PRE\/UFSM).<\/i><\/p>\n<h5><strong>Agenda 2030 na UFSM<\/strong><\/h5>\n<p>A a\u00e7\u00e3o de extens\u00e3o apresentada neste texto se alinha aos seguintes\u00a0<strong>Objetivos do Desenvolvimento Sustent\u00e1vel\u00a0<\/strong>(ODS)<strong>.<\/strong><\/p>\n<!-- \/wp:paragraph --><!-- wp:read-more {\"content\":\"https:\/\/www.ufsm.br\/pro-reitorias\/pre\/2025\/07\/03\/trabalhos-de-extensao-da-ufsm-serao-destaque-no-43-seurs?amp\"} \/--><!-- wp:tadv\/classic-paragraph \/-->\t\t\t\t\t\t<\/div>\n\t\t\t\t<\/div>\n\t\t\t\t\t<\/div>\n\t\t<\/div>\n\t\t\t\t\t<\/div>\n\t\t<\/section>\n\t\t\t\t<section class=\"elementor-section elementor-top-section elementor-element elementor-element-9b7a3c1 elementor-section-boxed elementor-section-height-default elementor-section-height-default\" data-id=\"9b7a3c1\" data-element_type=\"section\">\n\t\t\t\t\t\t<div class=\"elementor-container elementor-column-gap-default\">\n\t\t\t\t\t<div class=\"elementor-column elementor-col-33 elementor-top-column elementor-element elementor-element-2839eff\" data-id=\"2839eff\" data-element_type=\"column\">\n\t\t\t<div class=\"elementor-widget-wrap elementor-element-populated\">\n\t\t\t\t\t\t<div class=\"elementor-element elementor-element-8fbd2c0 elementor-widget elementor-widget-image\" data-id=\"8fbd2c0\" data-element_type=\"widget\" data-widget_type=\"image.default\">\n\t\t\t\t<div class=\"elementor-widget-container\">\n\t\t\t\t\t\t\t\t\t\t\t\t\t<img loading=\"lazy\" decoding=\"async\" width=\"1024\" height=\"1024\" src=\"https:\/\/www.ufsm.br\/app\/uploads\/sites\/346\/2020\/09\/ODS_4-1024x1024.jpg\" class=\"attachment-large size-large wp-image-4373\" alt=\"\" srcset=\"https:\/\/www.ufsm.br\/app\/uploads\/sites\/346\/2020\/09\/ODS_4-1024x1024.jpg 1024w, https:\/\/www.ufsm.br\/app\/uploads\/sites\/346\/2020\/09\/ODS_4-300x300.jpg 300w, https:\/\/www.ufsm.br\/app\/uploads\/sites\/346\/2020\/09\/ODS_4-150x150.jpg 150w, https:\/\/www.ufsm.br\/app\/uploads\/sites\/346\/2020\/09\/ODS_4-768x768.jpg 768w, https:\/\/www.ufsm.br\/app\/uploads\/sites\/346\/2020\/09\/ODS_4-1536x1536.jpg 1536w, https:\/\/www.ufsm.br\/app\/uploads\/sites\/346\/2020\/09\/ODS_4.jpg 1920w\" sizes=\"(max-width: 1024px) 100vw, 1024px\" \/>\t\t\t\t\t\t\t\t\t\t\t\t\t<\/div>\n\t\t\t\t<\/div>\n\t\t\t\t\t<\/div>\n\t\t<\/div>\n\t\t\t\t<div class=\"elementor-column elementor-col-33 elementor-top-column elementor-element elementor-element-0638a51\" data-id=\"0638a51\" data-element_type=\"column\">\n\t\t\t<div class=\"elementor-widget-wrap elementor-element-populated\">\n\t\t\t\t\t\t<div class=\"elementor-element elementor-element-13f6212 elementor-widget elementor-widget-image\" data-id=\"13f6212\" data-element_type=\"widget\" data-widget_type=\"image.default\">\n\t\t\t\t<div class=\"elementor-widget-container\">\n\t\t\t\t\t\t\t\t\t\t\t\t\t<img loading=\"lazy\" decoding=\"async\" width=\"1024\" height=\"1024\" src=\"https:\/\/www.ufsm.br\/app\/uploads\/sites\/346\/2020\/09\/ODS_10-1024x1024.jpg\" class=\"attachment-large size-large wp-image-4379\" alt=\"\" srcset=\"https:\/\/www.ufsm.br\/app\/uploads\/sites\/346\/2020\/09\/ODS_10-1024x1024.jpg 1024w, https:\/\/www.ufsm.br\/app\/uploads\/sites\/346\/2020\/09\/ODS_10-300x300.jpg 300w, https:\/\/www.ufsm.br\/app\/uploads\/sites\/346\/2020\/09\/ODS_10-150x150.jpg 150w, https:\/\/www.ufsm.br\/app\/uploads\/sites\/346\/2020\/09\/ODS_10-768x768.jpg 768w, https:\/\/www.ufsm.br\/app\/uploads\/sites\/346\/2020\/09\/ODS_10-1536x1536.jpg 1536w, https:\/\/www.ufsm.br\/app\/uploads\/sites\/346\/2020\/09\/ODS_10.jpg 1920w\" sizes=\"(max-width: 1024px) 100vw, 1024px\" \/>\t\t\t\t\t\t\t\t\t\t\t\t\t<\/div>\n\t\t\t\t<\/div>\n\t\t\t\t\t<\/div>\n\t\t<\/div>\n\t\t\t\t<div class=\"elementor-column elementor-col-33 elementor-top-column elementor-element elementor-element-d379178\" data-id=\"d379178\" data-element_type=\"column\">\n\t\t\t<div class=\"elementor-widget-wrap elementor-element-populated\">\n\t\t\t\t\t\t<div class=\"elementor-element elementor-element-d89acb0 elementor-widget elementor-widget-image\" data-id=\"d89acb0\" data-element_type=\"widget\" data-widget_type=\"image.default\">\n\t\t\t\t<div class=\"elementor-widget-container\">\n\t\t\t\t\t\t\t\t\t\t\t\t\t<img loading=\"lazy\" decoding=\"async\" width=\"1024\" height=\"1024\" src=\"https:\/\/www.ufsm.br\/app\/uploads\/sites\/346\/2020\/09\/ODS_11-1024x1024.jpg\" class=\"attachment-large size-large wp-image-4380\" alt=\"\" srcset=\"https:\/\/www.ufsm.br\/app\/uploads\/sites\/346\/2020\/09\/ODS_11-1024x1024.jpg 1024w, https:\/\/www.ufsm.br\/app\/uploads\/sites\/346\/2020\/09\/ODS_11-300x300.jpg 300w, https:\/\/www.ufsm.br\/app\/uploads\/sites\/346\/2020\/09\/ODS_11-150x150.jpg 150w, https:\/\/www.ufsm.br\/app\/uploads\/sites\/346\/2020\/09\/ODS_11-768x768.jpg 768w, https:\/\/www.ufsm.br\/app\/uploads\/sites\/346\/2020\/09\/ODS_11-1536x1536.jpg 1536w, https:\/\/www.ufsm.br\/app\/uploads\/sites\/346\/2020\/09\/ODS_11.jpg 1920w\" sizes=\"(max-width: 1024px) 100vw, 1024px\" \/>\t\t\t\t\t\t\t\t\t\t\t\t\t<\/div>\n\t\t\t\t<\/div>\n\t\t\t\t\t<\/div>\n\t\t<\/div>\n\t\t\t\t\t<\/div>\n\t\t<\/section>\n\t\t\t\t<\/div>\n\t\t","protected":false},"excerpt":{"rendered":"<p>Evento reuniu universidades p\u00fablicas do Sul do pa\u00eds em Lages\/SC para debater o papel da extens\u00e3o universit\u00e1ria na transforma\u00e7\u00e3o social e ambiental dos territ\u00f3rios.<\/p>\n","protected":false},"author":8975,"featured_media":13236,"comment_status":"closed","ping_status":"closed","sticky":false,"template":"","format":"standard","meta":{"footnotes":""},"categories":[832,492,496,203,276,460],"tags":[88,341,362,634,282],"class_list":["post-13227","post","type-post","status-publish","format-standard","has-post-thumbnail","hentry","category-dialogos-extensionistas","category-divulgacao","category-educacao","category-eventos","category-noticias","category-seurs","tag-extensao","tag-ods-10","tag-ods-11","tag-ods-4","tag-seurs"],"acf":[],"_links":{"self":[{"href":"https:\/\/www.ufsm.br\/pro-reitorias\/pre\/wp-json\/wp\/v2\/posts\/13227","targetHints":{"allow":["GET"]}}],"collection":[{"href":"https:\/\/www.ufsm.br\/pro-reitorias\/pre\/wp-json\/wp\/v2\/posts"}],"about":[{"href":"https:\/\/www.ufsm.br\/pro-reitorias\/pre\/wp-json\/wp\/v2\/types\/post"}],"author":[{"embeddable":true,"href":"https:\/\/www.ufsm.br\/pro-reitorias\/pre\/wp-json\/wp\/v2\/users\/8975"}],"replies":[{"embeddable":true,"href":"https:\/\/www.ufsm.br\/pro-reitorias\/pre\/wp-json\/wp\/v2\/comments?post=13227"}],"version-history":[{"count":0,"href":"https:\/\/www.ufsm.br\/pro-reitorias\/pre\/wp-json\/wp\/v2\/posts\/13227\/revisions"}],"wp:featuredmedia":[{"embeddable":true,"href":"https:\/\/www.ufsm.br\/pro-reitorias\/pre\/wp-json\/wp\/v2\/media\/13236"}],"wp:attachment":[{"href":"https:\/\/www.ufsm.br\/pro-reitorias\/pre\/wp-json\/wp\/v2\/media?parent=13227"}],"wp:term":[{"taxonomy":"category","embeddable":true,"href":"https:\/\/www.ufsm.br\/pro-reitorias\/pre\/wp-json\/wp\/v2\/categories?post=13227"},{"taxonomy":"post_tag","embeddable":true,"href":"https:\/\/www.ufsm.br\/pro-reitorias\/pre\/wp-json\/wp\/v2\/tags?post=13227"}],"curies":[{"name":"wp","href":"https:\/\/api.w.org\/{rel}","templated":true}]}}