{"id":13529,"date":"2025-09-10T14:11:00","date_gmt":"2025-09-10T17:11:00","guid":{"rendered":"https:\/\/www.ufsm.br\/pro-reitorias\/pre\/?p=13529"},"modified":"2025-09-16T14:32:45","modified_gmt":"2025-09-16T17:32:45","slug":"geoparques-do-rs-recebem-jornadas-de-formacao-de-professores","status":"publish","type":"post","link":"https:\/\/www.ufsm.br\/pro-reitorias\/pre\/2025\/09\/10\/geoparques-do-rs-recebem-jornadas-de-formacao-de-professores","title":{"rendered":"Geoparques Quarta Col\u00f4nia e Ca\u00e7apava recebem Jornada de Forma\u00e7\u00e3o de Professores"},"content":{"rendered":"\n<p>Entre os dias\u00a0<strong>23 e 25 de julho de 2025<\/strong>, a Quarta Col\u00f4nia e Ca\u00e7apava do Sul, ambos territ\u00f3rios reconhecidos como\u00a0<strong>Geoparques Mundiais da UNESCO<\/strong>, foram palco da\u00a0<strong>Jornada Interdisciplinar de Forma\u00e7\u00e3o de Professores em Educa\u00e7\u00e3o Patrimonial \u2013 VI edi\u00e7\u00e3o do Quarta Col\u00f4nia Geoparque Mundial da UNESCO e I edi\u00e7\u00e3o do Ca\u00e7apava Geoparque Mundial da UNESCO<\/strong>.<\/p>\n\n\n\n<p>Com o tema\u00a0<strong>\u201cAmbiente &amp; Sociedade\u201d<\/strong>, o evento mobilizou\u00a0<strong>750 inscritos<\/strong>\u00a0e promoveu\u00a0<strong>45 oficinas em quatro munic\u00edpios diferentes<\/strong>\u00a0ao longo de tr\u00eas dias. A iniciativa reuniu educadores, pesquisadores e comunidade escolar em atividades voltadas \u00e0 forma\u00e7\u00e3o docente, ao fortalecimento da educa\u00e7\u00e3o patrimonial e \u00e0 conscientiza\u00e7\u00e3o sobre os geoparques como\u00a0<strong>\u201claborat\u00f3rios vivos\u201d de turismo, ci\u00eancia e sustentabilidade<\/strong>.\u00a0\u00a0<\/p>\n\n\n\n<p>A Jornada \u00e9 organizada pela\u00a0<strong>Coordenadoria de Desenvolvimento Regional da Pr\u00f3-Reitoria de Extens\u00e3o da UFSM<\/strong>, por meio da Subdivis\u00e3o de Geoparque, em parceria com os\u00a0<strong><a href=\"https:\/\/www.geoparquequartacolonia.com.br\/home\" data-type=\"link\" data-id=\"https:\/\/www.geoparquequartacolonia.com.br\/home\">Geoparques Mundiais da UNESCO Quarta Col\u00f4nia<\/a><\/strong>\u00a0e <a href=\"https:\/\/geoparquecacapava.com.br\/\" data-type=\"link\" data-id=\"https:\/\/geoparquecacapava.com.br\/\">Ca\u00e7apava\u00a0<\/a>, al\u00e9m dos Programas de <a href=\"https:\/\/www.ufsm.br\/cursos\/pos-graduacao\/santa-maria\/ppgpc\" data-type=\"link\" data-id=\"https:\/\/www.ufsm.br\/cursos\/pos-graduacao\/santa-maria\/ppgpc\">P\u00f3s-Gradua\u00e7\u00e3o em Patrim\u00f4nio Cultural (UFSM)<\/a>, <a href=\"https:\/\/www.ufsm.br\/cursos\/pos-graduacao\/santa-maria\/ppggeo\" data-type=\"link\" data-id=\"https:\/\/www.ufsm.br\/cursos\/pos-graduacao\/santa-maria\/ppggeo\">Geografia (UFSM)<\/a> e Ensino de <a href=\"https:\/\/www.ufn.edu.br\/site\/ensino\/mestrado\/programa-de-posgraduacao-em-ensino-de-ciencias-e-matematica\" data-type=\"link\" data-id=\"https:\/\/www.ufn.edu.br\/site\/ensino\/mestrado\/programa-de-posgraduacao-em-ensino-de-ciencias-e-matematica\">Ci\u00eancias e Matem\u00e1tica\u00a0(UFN).<br><\/a><\/p>\n\n\n\n<p>A\u00a0<strong>abertura oficial<\/strong>\u00a0ocorreu dia 23 de julho no\u00a0<strong>Espa\u00e7o Multidisciplinar da UFSM em Silveira Martins<\/strong>, em formato h\u00edbrido, reunindo cerca de\u00a0<strong>80 participantes presenciais<\/strong>\u00a0e mais de\u00a0<strong>300 online<\/strong>, com transmiss\u00e3o ao vivo no <a href=\"https:\/\/www.youtube.com\/live\/oV25DV7zwsU\" data-type=\"link\" data-id=\"https:\/\/www.youtube.com\/live\/oV25DV7zwsU\">canal da UFSM no YouTube.<\/a> O v\u00eddeo, que hoje j\u00e1 soma\u00a0<strong>1.449 visualiza\u00e7\u00f5es<\/strong>, contou com as palestras do\u00a0<strong>professor Adriano Severo Figueir\u00f3 (UFSM)<\/strong>, representante dos Geoparques Quarta Col\u00f4nia e Ca\u00e7apava, e do\u00a0<strong>professor Marcelo Martins de Moura F\u00e9 (URCA)<\/strong>, <a href=\"https:\/\/geoparkararipe.urca.br\/\" data-type=\"link\" data-id=\"https:\/\/geoparkararipe.urca.br\/\">representante do Geoparque Araripe.\u00a0\u00a0<\/a><\/p>\n\n\n\n<p>Nos dias\u00a0<strong>23 e 24 de julho<\/strong>, as\u00a0<strong>oficinas pr\u00e1ticas<\/strong>\u00a0foram realizadas no territ\u00f3rio do\u00a0<strong>Geoparque Quarta Col\u00f4nia<\/strong>, seguidas, na tarde do dia 24, pela primeira palestra de encerramento. J\u00e1 no\u00a0<strong>dia 25<\/strong>, o\u00a0<strong>Geoparque Ca\u00e7apava<\/strong>\u00a0recebeu atividades e o encerramento oficial. Em ambos territ\u00f3rios as palestras finais foram ministradas pelos representantes do\u00a0<a href=\"https:\/\/canionsdosul.org\/\" target=\"_blank\" rel=\"noreferrer noopener\"><strong>Geoparque Caminhos dos C\u00e2nions do Sul<\/strong><\/a>,\u00a0<strong>Jo\u00e3o Henrique Zahdi Ricetti e Mikael Miziescki<\/strong>.<\/p>\n\n\n\n<p>O evento proporcionou a integra\u00e7\u00e3o de quatro dos seis Geoparques certificados pela UNESCO no Brasil, refor\u00e7ando o papel dessas iniciativas como espa\u00e7os de educa\u00e7\u00e3o e preserva\u00e7\u00e3o.<\/p>\n\n\n\n<p>Entre os depoimentos que marcaram a Jornada, a doutoranda em Geografia e bolsista de Educa\u00e7\u00e3o da CODER,&nbsp;<strong>Michele Vestena<\/strong>, destacou a relev\u00e2ncia dos geoparques como espa\u00e7os integradores. J\u00e1 a assistente administrativa da UFSM,&nbsp;<strong>Morgana Bevilacqua<\/strong>, enfatizou a import\u00e2ncia da parceria institucional e do engajamento comunit\u00e1rio, lembrando que os preparativos come\u00e7aram em mar\u00e7o de 2025. \u201cA jornada \u00e9 um convite para que escolas, universidades e prefeituras caminhem juntas na valoriza\u00e7\u00e3o dos nossos geoparques. \u00c9 um orgulho ver a comunidade envolvida e saber que estamos construindo isso juntos\u201d, afirmou Bevilacqua.<\/p>\n\n\n\n\n<div class=\"wp-block-image\">\n<figure class=\"aligncenter size-large\"><img fetchpriority=\"high\" decoding=\"async\" width=\"1024\" height=\"768\" src=\"https:\/\/www.ufsm.br\/app\/uploads\/sites\/346\/2025\/09\/26e04150-d363-424b-989b-1ceac0936614-1024x768.jpg\" alt=\"\" class=\"wp-image-13531\" srcset=\"https:\/\/www.ufsm.br\/app\/uploads\/sites\/346\/2025\/09\/26e04150-d363-424b-989b-1ceac0936614-1024x768.jpg 1024w, https:\/\/www.ufsm.br\/app\/uploads\/sites\/346\/2025\/09\/26e04150-d363-424b-989b-1ceac0936614-300x225.jpg 300w, https:\/\/www.ufsm.br\/app\/uploads\/sites\/346\/2025\/09\/26e04150-d363-424b-989b-1ceac0936614-768x576.jpg 768w, https:\/\/www.ufsm.br\/app\/uploads\/sites\/346\/2025\/09\/26e04150-d363-424b-989b-1ceac0936614.jpg 1280w\" sizes=\"(max-width: 1024px) 100vw, 1024px\" \/><figcaption class=\"wp-element-caption\">\u00a0Encerramento da Jornada de Forma\u00e7\u00e3o de Professores do Geoparque Quarta Col\u00f4nia (24\/07)<\/figcaption><\/figure>\n<\/div>\n\n\n<figure class=\"wp-block-image size-large\"><img decoding=\"async\" width=\"1024\" height=\"768\" src=\"https:\/\/www.ufsm.br\/app\/uploads\/sites\/346\/2025\/09\/Oficinas-Restinga-Seca.jpeg-1024x768.jpg\" alt=\"\" class=\"wp-image-13672\" srcset=\"https:\/\/www.ufsm.br\/app\/uploads\/sites\/346\/2025\/09\/Oficinas-Restinga-Seca.jpeg-1024x768.jpg 1024w, https:\/\/www.ufsm.br\/app\/uploads\/sites\/346\/2025\/09\/Oficinas-Restinga-Seca.jpeg-300x225.jpg 300w, https:\/\/www.ufsm.br\/app\/uploads\/sites\/346\/2025\/09\/Oficinas-Restinga-Seca.jpeg-768x576.jpg 768w, https:\/\/www.ufsm.br\/app\/uploads\/sites\/346\/2025\/09\/Oficinas-Restinga-Seca.jpeg-1536x1152.jpg 1536w, https:\/\/www.ufsm.br\/app\/uploads\/sites\/346\/2025\/09\/Oficinas-Restinga-Seca.jpeg.jpg 1600w\" sizes=\"(max-width: 1024px) 100vw, 1024px\" \/><figcaption class=\"wp-element-caption\">Oficinas em Restinga Seca (23\/07)<\/figcaption><\/figure>\n\n\n\n\n<figure>\n<figure id=\"attachment_13532\" aria-describedby=\"caption-attachment-13532\" style=\"width: 1024px\" class=\"wp-caption alignnone\"><img decoding=\"async\" src=\"https:\/\/www.ufsm.br\/app\/uploads\/sites\/346\/2025\/09\/0c5cb406-87d1-4df3-be6b-9f3184b1bcf1-1024x768.jpg\" alt=\"\" width=\"1024\" height=\"768\" \/><figcaption id=\"caption-attachment-13532\" class=\"wp-caption-text\">Encerramento da Jornada do Geoparque Ca\u00e7apava (25\/07).<\/figcaption><\/figure>\n<\/figure>\n<p>\u00a0<\/p>\n\n<p><img loading=\"lazy\" decoding=\"async\" src=\"https:\/\/www.ufsm.br\/app\/uploads\/sites\/346\/2020\/09\/ODS_11-1024x1024.jpg\" alt=\"\" width=\"1024\" height=\"1024\" \/><br \/><img loading=\"lazy\" decoding=\"async\" src=\"https:\/\/www.ufsm.br\/app\/uploads\/sites\/346\/2020\/09\/ODS_17-1024x1024.jpg\" alt=\"\" width=\"1024\" height=\"1024\" \/><\/p>","protected":false},"excerpt":{"rendered":"<p>O evento reuniu mais de 500 participantes em tr\u00eas dias de aprendizado, reflex\u00e3o e di\u00e1logo sobre educa\u00e7\u00e3o patrimonial nos territ\u00f3rios<\/p>\n","protected":false},"author":8968,"featured_media":13530,"comment_status":"closed","ping_status":"closed","sticky":false,"template":"","format":"standard","meta":{"footnotes":""},"categories":[254],"tags":[587,290,635,1008],"class_list":["post-13529","post","type-post","status-publish","format-standard","has-post-thumbnail","hentry","category-geoparques","tag-geoparque-cacapava","tag-geoparque-quarta-colonia","tag-geoparques-ufsm","tag-jornada-geoparques"],"acf":[],"_links":{"self":[{"href":"https:\/\/www.ufsm.br\/pro-reitorias\/pre\/wp-json\/wp\/v2\/posts\/13529","targetHints":{"allow":["GET"]}}],"collection":[{"href":"https:\/\/www.ufsm.br\/pro-reitorias\/pre\/wp-json\/wp\/v2\/posts"}],"about":[{"href":"https:\/\/www.ufsm.br\/pro-reitorias\/pre\/wp-json\/wp\/v2\/types\/post"}],"author":[{"embeddable":true,"href":"https:\/\/www.ufsm.br\/pro-reitorias\/pre\/wp-json\/wp\/v2\/users\/8968"}],"replies":[{"embeddable":true,"href":"https:\/\/www.ufsm.br\/pro-reitorias\/pre\/wp-json\/wp\/v2\/comments?post=13529"}],"version-history":[{"count":0,"href":"https:\/\/www.ufsm.br\/pro-reitorias\/pre\/wp-json\/wp\/v2\/posts\/13529\/revisions"}],"wp:featuredmedia":[{"embeddable":true,"href":"https:\/\/www.ufsm.br\/pro-reitorias\/pre\/wp-json\/wp\/v2\/media\/13530"}],"wp:attachment":[{"href":"https:\/\/www.ufsm.br\/pro-reitorias\/pre\/wp-json\/wp\/v2\/media?parent=13529"}],"wp:term":[{"taxonomy":"category","embeddable":true,"href":"https:\/\/www.ufsm.br\/pro-reitorias\/pre\/wp-json\/wp\/v2\/categories?post=13529"},{"taxonomy":"post_tag","embeddable":true,"href":"https:\/\/www.ufsm.br\/pro-reitorias\/pre\/wp-json\/wp\/v2\/tags?post=13529"}],"curies":[{"name":"wp","href":"https:\/\/api.w.org\/{rel}","templated":true}]}}